{"id":4352,"date":"2019-10-22T10:05:19","date_gmt":"2019-10-22T08:05:19","guid":{"rendered":"http:\/\/semmelweis.hu\/nykk\/?p=4352"},"modified":"2020-02-14T11:41:00","modified_gmt":"2020-02-14T10:41:00","slug":"a-nemet-felsooktatasi-informacios-kozpont-tajekoztatoja","status":"publish","type":"post","link":"https:\/\/semmelweis.hu\/szaknyelv\/2019\/10\/22\/a-nemet-felsooktatasi-informacios-kozpont-tajekoztatoja\/","title":{"rendered":"A N\u00e9met Fels\u0151oktat\u00e1si Inform\u00e1ci\u00f3s K\u00f6zpont t\u00e1j\u00e9koztat\u00f3ja a n\u00e9metorsz\u00e1gi \u00f6szt\u00f6nd\u00edj-lehet\u0151s\u00e9gekr\u0151l"},"content":{"rendered":"<p>A N\u00e9met Fels\u0151oktat\u00e1si Inform\u00e1ci\u00f3s K\u00f6zpont &#8211; Deutscher Akademischer Austauschdienst (DAAD)<\/p>\n<p><strong>\u00a0november 4-\u00e9n (h\u00e9tf\u0151n), 16:00 \u00f3r\u00e1t\u00f3l<\/strong><\/p>\n<p>t\u00e1j\u00e9koztat\u00f3t tart a n\u00e9metorsz\u00e1gi \u00f6szt\u00f6nd\u00edj-lehet\u0151s\u00e9gekr\u0151l a\u00a0Semmelweis Egyetem oktat\u00f3i, kutat\u00f3i \u00e9s hallgat\u00f3i sz\u00e1m\u00e1ra.<\/p>\n<p><img loading=\"lazy\" decoding=\"async\" class=\"alignright\" src=\"https:\/\/semmelweis.hu\/nykk\/files\/2019\/10\/daad-k\u00e9p.jpg\" alt=\"DAAD t\u00e1j\u00e9koztat\u00f3\" width=\"356\" height=\"513\" \/><\/p>\n<p><em>(a k\u00e9p kattint\u00e1sra nagy\u00edthat\u00f3)<\/em><\/p>\n<p><strong>T\u00e9m\u00e1k:<\/strong><\/p>\n<ul>\n<li>k\u00fcl\u00f6nb\u00f6z\u0151 id\u0151tartam\u00fa kutat\u00f3i \u00f6szt\u00f6nd\u00edjak doktoranduszok, posztdoktorok \u00e9s egyetemi oktat\u00f3k sz\u00e1m\u00e1ra (angol nyelvismerettel is megp\u00e1ly\u00e1zhat\u00f3k!)<\/li>\n<li>ny\u00e1ri egyetemi \u00f6szt\u00f6nd\u00edjak<\/li>\n<li>mesterk\u00e9pz\u00e9sre vonatkoz\u00f3 \u00f6szt\u00f6nd\u00edjak<\/li>\n<\/ul>\n<p><strong>Helysz\u00edn:<\/strong> <br \/>\nSemmelweis Egyetem Szaknyelvi Int\u00e9zet,<br \/>\n1094 Budapest, Ferenc t\u00e9r 15. Fsz. 011-es terem\u00a0<\/p>\n<p><strong>Tov\u00e1bbi inform\u00e1ci\u00f3:<\/strong> <a href=\"http:\/\/www.daad.info.hu\/mstipendiendaad.html\">http:\/\/www.daad.info.hu\/mstipendiendaad.html<\/a><\/p>\n","protected":false},"excerpt":{"rendered":"<p>A N\u00e9met Fels\u0151oktat\u00e1si Inform\u00e1ci\u00f3s K\u00f6zpont &#8211; Deutscher Akademischer Austauschdienst (DAAD)\u00a0november 4-\u00e9n (h\u00e9tf\u0151n), 16:00 \u00f3r\u00e1t\u00f3l t\u00e1j\u00e9koztat\u00f3t tart a n\u00e9metorsz\u00e1gi \u00f6szt\u00f6nd\u00edj-lehet\u0151s\u00e9gekr\u0151l a\u00a0Semmelweis Egyetem oktat\u00f3i, kutat\u00f3i \u00e9s hallgat\u00f3i sz\u00e1m\u00e1ra.<\/p>\n","protected":false},"author":118,"featured_media":0,"comment_status":"closed","ping_status":"closed","sticky":false,"template":"","format":"standard","meta":{"_acf_changed":false,"footnotes":""},"categories":[23],"tags":[],"class_list":["post-4352","post","type-post","status-publish","format-standard","hentry","category-hirek"],"acf":[],"_links":{"self":[{"href":"https:\/\/semmelweis.hu\/szaknyelv\/wp-json\/wp\/v2\/posts\/4352","targetHints":{"allow":["GET"]}}],"collection":[{"href":"https:\/\/semmelweis.hu\/szaknyelv\/wp-json\/wp\/v2\/posts"}],"about":[{"href":"https:\/\/semmelweis.hu\/szaknyelv\/wp-json\/wp\/v2\/types\/post"}],"author":[{"embeddable":true,"href":"https:\/\/semmelweis.hu\/szaknyelv\/wp-json\/wp\/v2\/users\/118"}],"replies":[{"embeddable":true,"href":"https:\/\/semmelweis.hu\/szaknyelv\/wp-json\/wp\/v2\/comments?post=4352"}],"version-history":[{"count":10,"href":"https:\/\/semmelweis.hu\/szaknyelv\/wp-json\/wp\/v2\/posts\/4352\/revisions"}],"predecessor-version":[{"id":4602,"href":"https:\/\/semmelweis.hu\/szaknyelv\/wp-json\/wp\/v2\/posts\/4352\/revisions\/4602"}],"wp:attachment":[{"href":"https:\/\/semmelweis.hu\/szaknyelv\/wp-json\/wp\/v2\/media?parent=4352"}],"wp:term":[{"taxonomy":"category","embeddable":true,"href":"https:\/\/semmelweis.hu\/szaknyelv\/wp-json\/wp\/v2\/categories?post=4352"},{"taxonomy":"post_tag","embeddable":true,"href":"https:\/\/semmelweis.hu\/szaknyelv\/wp-json\/wp\/v2\/tags?post=4352"}],"curies":[{"name":"wp","href":"https:\/\/api.w.org\/{rel}","templated":true}]}}