{"id":4325,"date":"2019-09-19T12:27:41","date_gmt":"2019-09-19T10:27:41","guid":{"rendered":"http:\/\/semmelweis.hu\/nykk\/?p=4325"},"modified":"2020-02-14T11:41:38","modified_gmt":"2020-02-14T10:41:38","slug":"fok-demonstratori-megbizas","status":"publish","type":"post","link":"https:\/\/semmelweis.hu\/szaknyelv\/2019\/09\/19\/fok-demonstratori-megbizas\/","title":{"rendered":"FOK demonstr\u00e1tori megb\u00edz\u00e1s"},"content":{"rendered":"<p>\u00d6r\u00f6mmel \u00e9rtes\u00edtj\u00fck \u00d6n\u00f6ket, hogy a Semmelweis Egyetem FOK d\u00e9k\u00e1nja d\u00f6nt\u00e9se \u00e9rtelm\u00e9ben a <strong>Szaknyelvi Int\u00e9zet a 2019\/20-as tan\u00e9vre 6 \u2013 6 demonstr\u00e1tori megb\u00edz\u00e1s<\/strong> elnyer\u00e9s\u00e9re p\u00e1ly\u00e1zatot hirdet. Demonstr\u00e1tori tev\u00e9kenys\u00e9get az \u00e1ltalunk oktatott szaknyelvek (els\u0151sorban angol vagy n\u00e9met, esetleg francia, olasz, orosz vagy spanyol) vagy k\u00fclf\u00f6ldi, angol vagy n\u00e9met programon tanul\u00f3 hallgat\u00f3k magyar fogorvosi szaknyelv oktat\u00e1s\u00e1nak seg\u00edt\u00e9s\u00e9ben lehet folytatni.<\/p>\n<p>\u00a0\u00a0\u00a0\u00a0A demonstr\u00e1tor <strong>feladatai<\/strong> a Szaknyelvi Int\u00e9zetben:<\/p>\n<ol>\n<li>a) a szaknyelvoktat\u00f3k munk\u00e1j\u00e1nak seg\u00edt\u00e9se szaknyelvi foglalkoz\u00e1sok el\u0151k\u00e9sz\u00edt\u00e9s\u00e9ben (pl. autentikus szaknyelvi anyagok gy\u0171jt\u00e9se \u00e9s rendszerez\u00e9se, online tematikus sz\u00f3szedetek k\u00e9sz\u00edt\u00e9se, stb.);<\/li>\n<li>b) r\u00e9szv\u00e9tel a dolgozatok, \u00edr\u00e1sbeli \u00e9s sz\u00f3beli vizsg\u00e1k el\u0151k\u00e9sz\u00edt\u00e9s\u00e9ben \u00e9s az \u00edr\u00e1sbeli vizsg\u00e1k fel\u00fcgyelet\u00e9ben;<\/li>\n<li>c) a szaknyelvoktat\u00f3k munk\u00e1j\u00e1nak seg\u00edt\u00e9se a gyakorlati \u00f3r\u00e1n, els\u0151sorban a szaknyelvi szitu\u00e1ci\u00f3k autentikus szimul\u00e1ci\u00f3j\u00e1ban.<\/li>\n<\/ol>\n<p>A Szaknyelvi Int\u00e9zet demonstr\u00e1torokkal szembeni <strong>elv\u00e1r\u00e1sai<\/strong>: olyan legal\u00e1bb harmad\u00e9ves hallgat\u00f3, aki<\/p>\n<ol>\n<li>a) az el\u0151z\u0151 tan\u00e9vben legal\u00e1bb j\u00f3 tanulm\u00e1nyi \u00e1tlageredm\u00e9nyt (3,51) \u00e9rt el;<\/li>\n<li>b) az adott nyelv anyanyelvi besz\u00e9l\u0151je, vagy pedig olyan magyar anyanyelv\u0171 hallgat\u00f3, aki fels\u0151fokon besz\u00e9li az adott nyelvet \u2013 magyaroktat\u00e1shoz sz\u00fcks\u00e9ges m\u00e9g k\u00f6z\u00e9pfok\u00fa nyelvtud\u00e1s angol vagy n\u00e9met nyelvb\u0151l;<\/li>\n<li>c) az adott szaknyelvet magas szinten ismeri.<\/li>\n<li>d) el\u0151nyt jelent a 6. f\u00e9l\u00e9v k\u00f6telez\u0151 gyakorlatai k\u00f6z\u00fcl (pl. Fogp\u00f3tl\u00e1stan I. Konzerv\u00e1l\u00f3 fog\u00e1szat I., Sz\u00e1jseb\u00e9szet I.) kett\u0151nek legal\u00e1bb j\u00f3 (4) teljes\u00edtm\u00e9nnyel teljes\u00edt\u00e9se.<\/li>\n<\/ol>\n<p><strong>A p\u00e1ly\u00e1zat beny\u00fajt\u00e1s\u00e1nak hat\u00e1rideje: 2019. szeptember 24. <\/strong>P\u00e1ly\u00e1zatokat a FOK D\u00e9k\u00e1ni Hivatalban kell beny\u00fajtani. \u00c9rv\u00e9nyes p\u00e1ly\u00e1zathoz sz\u00fcks\u00e9ges felt\u00fcntetni:<\/p>\n<ul>\n<li>szem\u00e9lyes adatokat (n\u00e9v, Neptun-k\u00f3d, jelenlegi \u00e9vfolyam, sz\u00fcl. helye \u00e9s ideje, anyja neve, c\u00edm, telefon, e-mail)<\/li>\n<li>el\u0151z\u0151 k\u00e9t f\u00e9l\u00e9v tanulm\u00e1nyi eredm\u00e9ny\u00e9t (s\u00falyozott tanulm\u00e1nyi \u00e1tlag)<\/li>\n<li>az Int\u00e9zet \u00e1ltal oktatott tant\u00e1rgyakb\u00f3l el\u00e9rt eredm\u00e9nyt (pl. Latin nyelv I-II, Szaknyelvi \u00f3r\u00e1k, Profex, stb.), negyed- \u00e9s \u00f6t\u00f6d\u00e9veseknek a 6. f\u00e9l\u00e9v k\u00f6telez\u0151 gyakorlatainak eredm\u00e9nyeit.<\/li>\n<\/ul>\n<p>Sikeres p\u00e1ly\u00e1zathoz a Szaknyelvi Int\u00e9zet igazgat\u00f3ja \u00e1ltal ki\u00e1ll\u00edtott fogad\u00f3 nyilatkozat is sz\u00fcks\u00e9ges, amelyet a szem\u00e9lyes elbesz\u00e9lget\u00e9s ut\u00e1n \u00e1ll\u00edtunk ki \u00f6n\u00f6knek.<\/p>\n<p>A leges\u00e9lyesebb jel\u00f6lteket egy szem\u00e9lyes elbesz\u00e9lget\u00e9sre fogjuk megh\u00edvni, amit el\u0151rel\u00e1that\u00f3lag szeptember 23.-\u00e1n vagy 24.-\u00e9n fogunk tartani. Az alkalmass\u00e1g elb\u00edr\u00e1l\u00e1s\u00e1t a Szaknyelvi Int\u00e9zet szaknyelvoktat\u00f3i v\u00e9gzik. A demonstr\u00e1tori kinevez\u00e9sr\u0151l a v\u00e9gleges d\u00f6nt\u00e9st a H\u00d6K-kel egyeztetve a FOK d\u00e9k\u00e1nja fogja szeptember v\u00e9g\u00e9ig meghozni.<\/p>\n<p>Amennyiben kedv\u00fck van az int\u00e9zet\u00fcnkben foly\u00f3 oktat\u00e1si munk\u00e1ba bekapcsol\u00f3dni, v\u00e1rjuk \u00f6n\u00f6ket sok szeretettel! K\u00e9rd\u00e9s eset\u00e9n forduljanak bizalommal szem\u00e9lyesen vagy e-mailben a tanulm\u00e1nyi felel\u0151sh\u00f6z, <strong>Zimonyi \u00c1koshoz (<a href=\"mailto:zimonyi.akos@semmelweis-univ.hu\">zimonyi.akos@semmelweis-univ.hu<\/a>).<\/strong><\/p>\n","protected":false},"excerpt":{"rendered":"<p>\u00d6r\u00f6mmel \u00e9rtes\u00edtj\u00fck \u00d6n\u00f6ket, hogy a Semmelweis Egyetem FOK d\u00e9k\u00e1nja d\u00f6nt\u00e9se \u00e9rtelm\u00e9ben a Szaknyelvi Int\u00e9zet a 2019\/20-as tan\u00e9vre 6 \u2013 6 demonstr\u00e1tori megb\u00edz\u00e1s elnyer\u00e9s\u00e9re p\u00e1ly\u00e1zatot hirdet.<\/p>\n","protected":false},"author":118,"featured_media":0,"comment_status":"closed","ping_status":"closed","sticky":false,"template":"","format":"standard","meta":{"_acf_changed":false,"footnotes":""},"categories":[23],"tags":[],"class_list":["post-4325","post","type-post","status-publish","format-standard","hentry","category-hirek"],"acf":[],"_links":{"self":[{"href":"https:\/\/semmelweis.hu\/szaknyelv\/wp-json\/wp\/v2\/posts\/4325","targetHints":{"allow":["GET"]}}],"collection":[{"href":"https:\/\/semmelweis.hu\/szaknyelv\/wp-json\/wp\/v2\/posts"}],"about":[{"href":"https:\/\/semmelweis.hu\/szaknyelv\/wp-json\/wp\/v2\/types\/post"}],"author":[{"embeddable":true,"href":"https:\/\/semmelweis.hu\/szaknyelv\/wp-json\/wp\/v2\/users\/118"}],"replies":[{"embeddable":true,"href":"https:\/\/semmelweis.hu\/szaknyelv\/wp-json\/wp\/v2\/comments?post=4325"}],"version-history":[{"count":2,"href":"https:\/\/semmelweis.hu\/szaknyelv\/wp-json\/wp\/v2\/posts\/4325\/revisions"}],"predecessor-version":[{"id":4603,"href":"https:\/\/semmelweis.hu\/szaknyelv\/wp-json\/wp\/v2\/posts\/4325\/revisions\/4603"}],"wp:attachment":[{"href":"https:\/\/semmelweis.hu\/szaknyelv\/wp-json\/wp\/v2\/media?parent=4325"}],"wp:term":[{"taxonomy":"category","embeddable":true,"href":"https:\/\/semmelweis.hu\/szaknyelv\/wp-json\/wp\/v2\/categories?post=4325"},{"taxonomy":"post_tag","embeddable":true,"href":"https:\/\/semmelweis.hu\/szaknyelv\/wp-json\/wp\/v2\/tags?post=4325"}],"curies":[{"name":"wp","href":"https:\/\/api.w.org\/{rel}","templated":true}]}}