{"id":4233,"date":"2019-09-05T11:01:21","date_gmt":"2019-09-05T09:01:21","guid":{"rendered":"http:\/\/semmelweis.hu\/nykk\/?p=4233"},"modified":"2020-02-14T11:43:08","modified_gmt":"2020-02-14T10:43:08","slug":"fontos-informaciok-gytk-hallgatoknak","status":"publish","type":"post","link":"https:\/\/semmelweis.hu\/szaknyelv\/2019\/09\/05\/fontos-informaciok-gytk-hallgatoknak\/","title":{"rendered":"Fontos inform\u00e1ci\u00f3k GYTK hallgat\u00f3knak!"},"content":{"rendered":"<p>Tisztelt Hallgat\u00f3!<\/p>\n<p>&#8211; A jelenleg harmad-, negyed \u2013 \u00e9s \u00f6t\u00f6d\u00e9ves hallgat\u00f3k szabadon v\u00e1laszthatnak ak\u00f6z\u00f6tt, hogy a <strong><em>r\u00e9gi szaknyelvi z\u00e1r\u00f3vizsg\u00e1t<\/em><\/strong>, vagy az <strong><em>\u00faj szaknyelvi alapvizsg\u00e1t<\/em><\/strong> teszik le, amire \u00faj TVSZ ad lehet\u0151s\u00e9get (7. \u00a7\u00a0 1.-es bekezd\u00e9s).<\/p>\n<p>&#8211; Amennyiben az <strong><em>\u00faj alapvizsg\u00e1nkat<\/em><\/strong> k\u00edv\u00e1nja letenni, k\u00e9rj\u00fck, jelentkezzen a<strong><em> 2<\/em><\/strong> <strong><em>kredites <u>Szaknyelvi alapvizsga felk\u00e9sz\u00edt\u0151<\/u> kurzusra a Neptunon kereszt\u00fcl. Ez a kurzus kiz\u00e1r\u00f3lag az \u00faj vizsg\u00e1ra k\u00e9sz\u00edt fel, amely m\u00e1s k\u00e9szs\u00e9geket m\u00e9r, mint a r\u00e9gi szaknyelvi z\u00e1r\u00f3vizsga.<\/em><\/strong><\/p>\n<p>&#8211; Amennyiben <strong><em>a r\u00e9gi szaknyelvi z\u00e1r\u00f3vizsg\u00e1t<\/em><\/strong> k\u00edv\u00e1nja letenni, nem jelentkezhet az \u00faj alapvizsg\u00e1ra Neptunon, hanem a honlapunkon (<a href=\"https:\/\/semmelweis.hu\/nykk\/\">https:\/\/semmelweis.hu\/nykk\/<\/a>)\u00a0vagy szem\u00e9lyesen a Ferenc t\u00e9r 15 alatt tud jelentkezni a r\u00e9gi z\u00e1r\u00f3vizsg\u00e1ra, mivel a r\u00e9gi z\u00e1r\u00f3vizsga nem szerepel a Neptunban. A vizsga teljes\u00edt\u00e9s\u00e9r\u0151l igazol\u00e1st \u00e1ll\u00edtunk ki.<\/p>\n<p>&#8211; A <strong><em><u>r\u00e9gi z\u00e1r\u00f3vizsg\u00e1ra val\u00f3 felk\u00e9sz\u00edt\u00e9s<\/u> <\/em><\/strong>a kor\u00e1bbi \u00e9vek gyakorlat\u00e1nak megfelel\u0151en <strong><em><u>heti rendszeress\u00e9ggel t\u00f6rt\u00e9n\u0151 konzult\u00e1ci\u00f3kon t\u00f6rt\u00e9nik<\/u><\/em><\/strong>, amelyekre a <strong><em>szaktan\u00e1rokn\u00e1l e-mailben vagy szem\u00e9lyesen lehet jelentkezni<\/em><\/strong> a t\u00e1rgyfelv\u00e9tel het\u00e9ben, vagy legk\u00e9s\u0151bb az els\u0151 oktat\u00e1si h\u00e9ten. Mivel erre a vizsg\u00e1ra kor\u00e1bban sem volt a Neptunban szerepl\u0151, kredites felk\u00e9sz\u00edt\u0151 kurzusunk, \u00edgy a kor\u00e1bbi kurrikulumnak megfelel\u0151en a vizsg\u00e1ra felk\u00e9sz\u00edt\u00e9s \u00e9s a vizsga menete kifut\u00f3 rendszerben v\u00e1ltozatlan marad.<\/p>\n<p>&#8211; <strong><em>Amennyiben \u00d6n harmad-, negyed \u2013 \u00e9s \u00f6t\u00f6d\u00e9ves, \u00e9s m\u00e1r jelentkezett a 2 kredites \u00faj Szaknyelvi alapvizsga felk\u00e9sz\u00edt\u0151 kurzusra, a kurzust az \u00faj k\u00f6vetelm\u00e9nyrendszer szerint tudja teljes\u00edteni. <u>Ha a r\u00e9gi szaknyelvi z\u00e1r\u00f3vizsg\u00e1t<\/u><\/em><\/strong><u> k\u00edv\u00e1nja letenni, <strong><em>k\u00e9rj\u00fck, jelentkezzen \u00e1t az illet\u00e9kes szaknyelvoktat\u00f3n\u00e1l a r\u00e9gi vizsg\u00e1ra felk\u00e9sz\u00edt\u0151, kredit n\u00e9lk\u00fcli csoportba.<\/em><\/strong> <\/u><\/p>\n<p>K\u00e9rd\u00e9s vagy probl\u00e9ma eset\u00e9n k\u00e9szs\u00e9ggel \u00e1llunk a rendelkez\u00e9s\u00e9re.<\/p>\n<p>Tisztelettel:<\/p>\n<p>Szaknyelvi Int\u00e9zet<\/p>\n","protected":false},"excerpt":{"rendered":"<p>A jelenleg harmad-, negyed \u2013 \u00e9s \u00f6t\u00f6d\u00e9ves GYTK hallgat\u00f3k szabadon v\u00e1laszthatnak ak\u00f6z\u00f6tt, hogy a r\u00e9gi szaknyelvi z\u00e1r\u00f3vizsg\u00e1t, vagy az \u00faj szaknyelvi alapvizsg\u00e1t teszik le, amire \u00faj TVSZ ad lehet\u0151s\u00e9get.<\/p>\n","protected":false},"author":118,"featured_media":0,"comment_status":"closed","ping_status":"closed","sticky":false,"template":"","format":"standard","meta":{"_acf_changed":false,"footnotes":""},"categories":[23],"tags":[],"class_list":["post-4233","post","type-post","status-publish","format-standard","hentry","category-hirek"],"acf":[],"_links":{"self":[{"href":"https:\/\/semmelweis.hu\/szaknyelv\/wp-json\/wp\/v2\/posts\/4233","targetHints":{"allow":["GET"]}}],"collection":[{"href":"https:\/\/semmelweis.hu\/szaknyelv\/wp-json\/wp\/v2\/posts"}],"about":[{"href":"https:\/\/semmelweis.hu\/szaknyelv\/wp-json\/wp\/v2\/types\/post"}],"author":[{"embeddable":true,"href":"https:\/\/semmelweis.hu\/szaknyelv\/wp-json\/wp\/v2\/users\/118"}],"replies":[{"embeddable":true,"href":"https:\/\/semmelweis.hu\/szaknyelv\/wp-json\/wp\/v2\/comments?post=4233"}],"version-history":[{"count":2,"href":"https:\/\/semmelweis.hu\/szaknyelv\/wp-json\/wp\/v2\/posts\/4233\/revisions"}],"predecessor-version":[{"id":4604,"href":"https:\/\/semmelweis.hu\/szaknyelv\/wp-json\/wp\/v2\/posts\/4233\/revisions\/4604"}],"wp:attachment":[{"href":"https:\/\/semmelweis.hu\/szaknyelv\/wp-json\/wp\/v2\/media?parent=4233"}],"wp:term":[{"taxonomy":"category","embeddable":true,"href":"https:\/\/semmelweis.hu\/szaknyelv\/wp-json\/wp\/v2\/categories?post=4233"},{"taxonomy":"post_tag","embeddable":true,"href":"https:\/\/semmelweis.hu\/szaknyelv\/wp-json\/wp\/v2\/tags?post=4233"}],"curies":[{"name":"wp","href":"https:\/\/api.w.org\/{rel}","templated":true}]}}