{"id":3998,"date":"2019-05-15T16:50:08","date_gmt":"2019-05-15T14:50:08","guid":{"rendered":"http:\/\/semmelweis.hu\/nykk\/?p=3998"},"modified":"2020-02-14T11:44:01","modified_gmt":"2020-02-14T10:44:01","slug":"unnepseg-a-semmelweis-szalonban","status":"publish","type":"post","link":"https:\/\/semmelweis.hu\/szaknyelv\/2019\/05\/15\/unnepseg-a-semmelweis-szalonban\/","title":{"rendered":"\u00dcnneps\u00e9g a Semmelweis Szalonban"},"content":{"rendered":"<p>Int\u00e9zet\u00fcnk 70. \u00e9vfordul\u00f3j\u00e1t \u00fcnnepelt\u00fck 2019. m\u00e1jus 9-\u00e9n a Semmelweis Szalonban. A rendezv\u00e9ny Dr. Hermann P\u00e9ter oktat\u00e1si rektorhelyettes \u00far k\u00f6sz\u00f6nt\u0151j\u00e9vel kezd\u0151d\u00f6tt, majd Dr. Fogarasi-Nuber Katalin \u00e9s Dr. Kov\u00e1cs \u00c9va mondtak besz\u00e9det az igazgat\u00f3s\u00e1g jelen\u00e9r\u0151l \u00e9s m\u00faltj\u00e1r\u00f3l. Koll\u00e9g\u00e1inkkal t\u00f6bbnyelv\u0171 m\u0171sorral k\u00e9sz\u00fclt\u00fcnk: a hippokrat\u00e9szi esk\u00fct nyolc nyelven olvastuk fel, ezut\u00e1n vil\u00e1gzenei koncertet adtunk. R\u00e9szletes besz\u00e1mol\u00f3 a k\u00f6vetkez\u0151 linken olvashat\u00f3: <a href=\"https:\/\/semmelweis.hu\/hirek\/2019\/05\/10\/70-eves-a-nyelvi-kommunikacios-igazgatosag\/\">https:\/\/semmelweis.hu\/hirek\/2019\/05\/10\/70-eves-a-nyelvi-kommunikacios-igazgatosag\/<\/a><\/p>\n<p><a href=\"https:\/\/semmelweis.hu\/nykk\/files\/2019\/05\/RS94555_IMG_4451-scr.jpg\"><img loading=\"lazy\" decoding=\"async\" class=\"alignright size-medium wp-image-4001\" src=\"https:\/\/semmelweis.hu\/nykk\/files\/2019\/05\/RS94555_IMG_4451-scr-300x200.jpg\" alt=\"\" width=\"300\" height=\"200\" srcset=\"https:\/\/semmelweis.hu\/szaknyelv\/files\/2019\/05\/RS94555_IMG_4451-scr-300x200.jpg 300w, https:\/\/semmelweis.hu\/szaknyelv\/files\/2019\/05\/RS94555_IMG_4451-scr-768x512.jpg 768w, https:\/\/semmelweis.hu\/szaknyelv\/files\/2019\/05\/RS94555_IMG_4451-scr-450x300.jpg 450w, https:\/\/semmelweis.hu\/szaknyelv\/files\/2019\/05\/RS94555_IMG_4451-scr.jpg 950w\" sizes=\"auto, (max-width: 300px) 100vw, 300px\" \/><\/a><a href=\"https:\/\/semmelweis.hu\/nykk\/files\/2019\/05\/RS94570_IMG_4500-scr.jpg\"><img loading=\"lazy\" decoding=\"async\" class=\"alignright size-medium wp-image-4000\" src=\"https:\/\/semmelweis.hu\/nykk\/files\/2019\/05\/RS94570_IMG_4500-scr-300x200.jpg\" alt=\"\" width=\"300\" height=\"200\" srcset=\"https:\/\/semmelweis.hu\/szaknyelv\/files\/2019\/05\/RS94570_IMG_4500-scr-300x200.jpg 300w, https:\/\/semmelweis.hu\/szaknyelv\/files\/2019\/05\/RS94570_IMG_4500-scr-768x512.jpg 768w, https:\/\/semmelweis.hu\/szaknyelv\/files\/2019\/05\/RS94570_IMG_4500-scr-450x300.jpg 450w, https:\/\/semmelweis.hu\/szaknyelv\/files\/2019\/05\/RS94570_IMG_4500-scr.jpg 950w\" sizes=\"auto, (max-width: 300px) 100vw, 300px\" \/><\/a><a href=\"https:\/\/semmelweis.hu\/nykk\/files\/2019\/05\/RS94596_IMG_4596-scr.jpg\"><img loading=\"lazy\" decoding=\"async\" class=\"alignright size-medium wp-image-4003\" src=\"https:\/\/semmelweis.hu\/nykk\/files\/2019\/05\/RS94596_IMG_4596-scr-300x200.jpg\" alt=\"\" width=\"300\" height=\"200\" srcset=\"https:\/\/semmelweis.hu\/szaknyelv\/files\/2019\/05\/RS94596_IMG_4596-scr-300x200.jpg 300w, https:\/\/semmelweis.hu\/szaknyelv\/files\/2019\/05\/RS94596_IMG_4596-scr-768x512.jpg 768w, https:\/\/semmelweis.hu\/szaknyelv\/files\/2019\/05\/RS94596_IMG_4596-scr-450x300.jpg 450w, https:\/\/semmelweis.hu\/szaknyelv\/files\/2019\/05\/RS94596_IMG_4596-scr.jpg 950w\" sizes=\"auto, (max-width: 300px) 100vw, 300px\" \/><\/a><a href=\"https:\/\/semmelweis.hu\/nykk\/files\/2019\/05\/RS94602_IMG_4621-scr.jpg\"><img loading=\"lazy\" decoding=\"async\" class=\"alignright size-medium wp-image-4002\" src=\"https:\/\/semmelweis.hu\/nykk\/files\/2019\/05\/RS94602_IMG_4621-scr-300x200.jpg\" alt=\"\" width=\"300\" height=\"200\" srcset=\"https:\/\/semmelweis.hu\/szaknyelv\/files\/2019\/05\/RS94602_IMG_4621-scr-300x200.jpg 300w, https:\/\/semmelweis.hu\/szaknyelv\/files\/2019\/05\/RS94602_IMG_4621-scr-768x512.jpg 768w, https:\/\/semmelweis.hu\/szaknyelv\/files\/2019\/05\/RS94602_IMG_4621-scr-450x300.jpg 450w, https:\/\/semmelweis.hu\/szaknyelv\/files\/2019\/05\/RS94602_IMG_4621-scr.jpg 950w\" sizes=\"auto, (max-width: 300px) 100vw, 300px\" \/><\/a><\/p>\n","protected":false},"excerpt":{"rendered":"<p>Int\u00e9zet\u00fcnk 70. \u00e9vfordul\u00f3j\u00e1t \u00fcnnepelt\u00fck 2019. m\u00e1jus 9-\u00e9n a Semmelweis Szalonban. A rendezv\u00e9ny Dr. Hermann P\u00e9ter oktat\u00e1si rektorhelyettes \u00far k\u00f6sz\u00f6nt\u0151j\u00e9vel kezd\u0151d\u00f6tt, majd Dr. Fogarasi-Nuber Katalin \u00e9s Dr. Kov\u00e1cs \u00c9va mondtak besz\u00e9det az igazgat\u00f3s\u00e1g jelen\u00e9r\u0151l \u00e9s m\u00faltj\u00e1r\u00f3l.<\/p>\n","protected":false},"author":118,"featured_media":0,"comment_status":"closed","ping_status":"closed","sticky":false,"template":"","format":"standard","meta":{"_acf_changed":false,"footnotes":""},"categories":[1,23],"tags":[],"class_list":["post-3998","post","type-post","status-publish","format-standard","hentry","category-egyeb","category-hirek"],"acf":[],"_links":{"self":[{"href":"https:\/\/semmelweis.hu\/szaknyelv\/wp-json\/wp\/v2\/posts\/3998","targetHints":{"allow":["GET"]}}],"collection":[{"href":"https:\/\/semmelweis.hu\/szaknyelv\/wp-json\/wp\/v2\/posts"}],"about":[{"href":"https:\/\/semmelweis.hu\/szaknyelv\/wp-json\/wp\/v2\/types\/post"}],"author":[{"embeddable":true,"href":"https:\/\/semmelweis.hu\/szaknyelv\/wp-json\/wp\/v2\/users\/118"}],"replies":[{"embeddable":true,"href":"https:\/\/semmelweis.hu\/szaknyelv\/wp-json\/wp\/v2\/comments?post=3998"}],"version-history":[{"count":6,"href":"https:\/\/semmelweis.hu\/szaknyelv\/wp-json\/wp\/v2\/posts\/3998\/revisions"}],"predecessor-version":[{"id":4605,"href":"https:\/\/semmelweis.hu\/szaknyelv\/wp-json\/wp\/v2\/posts\/3998\/revisions\/4605"}],"wp:attachment":[{"href":"https:\/\/semmelweis.hu\/szaknyelv\/wp-json\/wp\/v2\/media?parent=3998"}],"wp:term":[{"taxonomy":"category","embeddable":true,"href":"https:\/\/semmelweis.hu\/szaknyelv\/wp-json\/wp\/v2\/categories?post=3998"},{"taxonomy":"post_tag","embeddable":true,"href":"https:\/\/semmelweis.hu\/szaknyelv\/wp-json\/wp\/v2\/tags?post=3998"}],"curies":[{"name":"wp","href":"https:\/\/api.w.org\/{rel}","templated":true}]}}