{"id":3948,"date":"2019-04-08T15:00:28","date_gmt":"2019-04-08T13:00:28","guid":{"rendered":"http:\/\/semmelweis.hu\/nykk\/?p=3948"},"modified":"2020-02-14T11:45:57","modified_gmt":"2020-02-14T10:45:57","slug":"semmelweis-szobrot-avattak-marosvasarhelyen","status":"publish","type":"post","link":"https:\/\/semmelweis.hu\/szaknyelv\/2019\/04\/08\/semmelweis-szobrot-avattak-marosvasarhelyen\/","title":{"rendered":"Semmelweis-szobrot avattak Marosv\u00e1s\u00e1rhelyen"},"content":{"rendered":"<p>Semmelweis Ign\u00e1c sz\u00fclet\u00e9s\u00e9nek 200. \u00e9vfordul\u00f3ja alkalm\u00e1b\u00f3l a h\u00e9tv\u00e9g\u00e9n Semmelweis mellszobrot adtak \u00e1t a Sapientia Erd\u00e9lyi Magyar Tudom\u00e1nyegyetem koronkai campus\u00e1ban a magyar orvos tisztelet\u00e9re. A szobor Polg\u00e1r Botond szobr\u00e1szm\u0171v\u00e9sz alkot\u00e1sa.<br \/>\nAz avat\u00f3\u00fcnneps\u00e9gen r\u00e9szt vett t\u00f6bbek k\u00f6z\u00f6tt Dr. Kov\u00e1cs \u00c9va, int\u00e9zet\u00fcnk volt igazgat\u00f3n\u0151je, a Semmelweis Eml\u00e9kbizotts\u00e1g tagja.\u00a0<\/p>\n<p><a href=\"https:\/\/semmelweis.hu\/nykk\/files\/2019\/04\/57049009_1986283461666497_897948219869233152_o.jpg\"><img loading=\"lazy\" decoding=\"async\" class=\"alignright size-medium wp-image-3951\" src=\"https:\/\/semmelweis.hu\/nykk\/files\/2019\/04\/57049009_1986283461666497_897948219869233152_o-300x171.jpg\" alt=\"\" width=\"300\" height=\"171\" \/><\/a> <a href=\"https:\/\/semmelweis.hu\/nykk\/files\/2019\/04\/56759185_1986283661666477_4708502505493889024_o.jpg\"><img loading=\"lazy\" decoding=\"async\" class=\"alignright size-medium wp-image-3950\" src=\"https:\/\/semmelweis.hu\/nykk\/files\/2019\/04\/56759185_1986283661666477_4708502505493889024_o-300x164.jpg\" alt=\"\" width=\"300\" height=\"164\" \/><\/a><\/p>\n","protected":false},"excerpt":{"rendered":"<p>Semmelweis Ign\u00e1c sz\u00fclet\u00e9s\u00e9nek 200. \u00e9vfordul\u00f3ja alkalm\u00e1b\u00f3l a h\u00e9tv\u00e9g\u00e9n Semmelweis mellszobrot adtak \u00e1t a Sapientia Erd\u00e9lyi Magyar Tudom\u00e1nyegyetem koronkai campus\u00e1ban.<\/p>\n","protected":false},"author":118,"featured_media":0,"comment_status":"closed","ping_status":"closed","sticky":false,"template":"","format":"standard","meta":{"_acf_changed":false,"footnotes":""},"categories":[1,23],"tags":[],"class_list":["post-3948","post","type-post","status-publish","format-standard","hentry","category-egyeb","category-hirek"],"acf":[],"_links":{"self":[{"href":"https:\/\/semmelweis.hu\/szaknyelv\/wp-json\/wp\/v2\/posts\/3948","targetHints":{"allow":["GET"]}}],"collection":[{"href":"https:\/\/semmelweis.hu\/szaknyelv\/wp-json\/wp\/v2\/posts"}],"about":[{"href":"https:\/\/semmelweis.hu\/szaknyelv\/wp-json\/wp\/v2\/types\/post"}],"author":[{"embeddable":true,"href":"https:\/\/semmelweis.hu\/szaknyelv\/wp-json\/wp\/v2\/users\/118"}],"replies":[{"embeddable":true,"href":"https:\/\/semmelweis.hu\/szaknyelv\/wp-json\/wp\/v2\/comments?post=3948"}],"version-history":[{"count":4,"href":"https:\/\/semmelweis.hu\/szaknyelv\/wp-json\/wp\/v2\/posts\/3948\/revisions"}],"predecessor-version":[{"id":4606,"href":"https:\/\/semmelweis.hu\/szaknyelv\/wp-json\/wp\/v2\/posts\/3948\/revisions\/4606"}],"wp:attachment":[{"href":"https:\/\/semmelweis.hu\/szaknyelv\/wp-json\/wp\/v2\/media?parent=3948"}],"wp:term":[{"taxonomy":"category","embeddable":true,"href":"https:\/\/semmelweis.hu\/szaknyelv\/wp-json\/wp\/v2\/categories?post=3948"},{"taxonomy":"post_tag","embeddable":true,"href":"https:\/\/semmelweis.hu\/szaknyelv\/wp-json\/wp\/v2\/tags?post=3948"}],"curies":[{"name":"wp","href":"https:\/\/api.w.org\/{rel}","templated":true}]}}