{"id":3922,"date":"2019-03-25T12:31:33","date_gmt":"2019-03-25T11:31:33","guid":{"rendered":"http:\/\/semmelweis.hu\/nykk\/?p=3922"},"modified":"2020-02-14T11:46:34","modified_gmt":"2020-02-14T10:46:34","slug":"orvosi-latin-nyelvi-verseny","status":"publish","type":"post","link":"https:\/\/semmelweis.hu\/szaknyelv\/2019\/03\/25\/orvosi-latin-nyelvi-verseny\/","title":{"rendered":"Orvosi latin nyelvi verseny"},"content":{"rendered":"<p><strong>Orvosi latin nyelvi verseny<\/strong><\/p>\n<p>A Nyelvi Kommunik\u00e1ci\u00f3s Igazgat\u00f3s\u00e1g 2019. m\u00e1rcius 21-\u00e9n rendezte meg a tanulm\u00e1nyi verseny\u00e9t orvosi latin nyelvb\u0151l a kurzus hallgat\u00f3i sz\u00e1m\u00e1ra. A verseny k\u00e9t r\u00e9szb\u0151l \u00e1llt:<\/p>\n<p>1) orvosi diagn\u00f3zisok \u00e9s receptek ford\u00edt\u00e1sa magyarr\u00f3l latinra sz\u00f3t\u00e1r haszn\u00e1lata n\u00e9lk\u00fcl;<\/p>\n<p>2) orvosi diagn\u00f3zisok \u00e9s receptek ford\u00edt\u00e1sa latinr\u00f3l magyarra latin\u2013magyar sz\u00f3szedettel.<\/p>\n<p>A legal\u00e1bb 80%-os eredm\u00e9nyt el\u00e9r\u0151 hallgat\u00f3k a Latin nyelv II. t\u00e1rgy f\u00e9l\u00e9v v\u00e9gi jegyek\u00e9nt jeles oszt\u00e1lyzatot kaptak.<\/p>\n<p><strong>Az eredm\u00e9nyek <a href=\"https:\/\/semmelweis.hu\/nykk\/files\/2019\/03\/versenyeredmenyek-2019tavasz.pdf\">itt<\/a> tekinthet\u0151k meg.<\/strong><\/p>\n<p>A karonk\u00e9nti els\u0151 h\u00e1rom helyezett d\u00edjaz\u00e1s\u00e1r\u00f3l k\u00e9s\u0151bb \u00e9rtes\u00edtj\u00fck az \u00e9rintett hallgat\u00f3kat.<\/p>\n<p>Mindenkinek gratul\u00e1lunk!<\/p>\n","protected":false},"excerpt":{"rendered":"<p>A Nyelvi Kommunik\u00e1ci\u00f3s Igazgat\u00f3s\u00e1g 2019. m\u00e1rcius 21-\u00e9n rendezte meg a tanulm\u00e1nyi verseny\u00e9t orvosi latin nyelvb\u0151l a kurzus hallgat\u00f3i sz\u00e1m\u00e1ra.<\/p>\n","protected":false},"author":118,"featured_media":0,"comment_status":"closed","ping_status":"closed","sticky":false,"template":"","format":"standard","meta":{"_acf_changed":false,"footnotes":""},"categories":[23],"tags":[],"class_list":["post-3922","post","type-post","status-publish","format-standard","hentry","category-hirek"],"acf":[],"_links":{"self":[{"href":"https:\/\/semmelweis.hu\/szaknyelv\/wp-json\/wp\/v2\/posts\/3922","targetHints":{"allow":["GET"]}}],"collection":[{"href":"https:\/\/semmelweis.hu\/szaknyelv\/wp-json\/wp\/v2\/posts"}],"about":[{"href":"https:\/\/semmelweis.hu\/szaknyelv\/wp-json\/wp\/v2\/types\/post"}],"author":[{"embeddable":true,"href":"https:\/\/semmelweis.hu\/szaknyelv\/wp-json\/wp\/v2\/users\/118"}],"replies":[{"embeddable":true,"href":"https:\/\/semmelweis.hu\/szaknyelv\/wp-json\/wp\/v2\/comments?post=3922"}],"version-history":[{"count":3,"href":"https:\/\/semmelweis.hu\/szaknyelv\/wp-json\/wp\/v2\/posts\/3922\/revisions"}],"predecessor-version":[{"id":4607,"href":"https:\/\/semmelweis.hu\/szaknyelv\/wp-json\/wp\/v2\/posts\/3922\/revisions\/4607"}],"wp:attachment":[{"href":"https:\/\/semmelweis.hu\/szaknyelv\/wp-json\/wp\/v2\/media?parent=3922"}],"wp:term":[{"taxonomy":"category","embeddable":true,"href":"https:\/\/semmelweis.hu\/szaknyelv\/wp-json\/wp\/v2\/categories?post=3922"},{"taxonomy":"post_tag","embeddable":true,"href":"https:\/\/semmelweis.hu\/szaknyelv\/wp-json\/wp\/v2\/tags?post=3922"}],"curies":[{"name":"wp","href":"https:\/\/api.w.org\/{rel}","templated":true}]}}