{"id":3903,"date":"2019-03-22T11:33:52","date_gmt":"2019-03-22T10:33:52","guid":{"rendered":"http:\/\/semmelweis.hu\/nykk\/?p=3903"},"modified":"2020-02-14T11:47:47","modified_gmt":"2020-02-14T10:47:47","slug":"agnes-perenyi-semmelweis-200-eloadasa-2","status":"publish","type":"post","link":"https:\/\/semmelweis.hu\/szaknyelv\/2019\/03\/22\/agnes-perenyi-semmelweis-200-eloadasa-2\/","title":{"rendered":"\u00c1gnes Per\u00e9nyi Semmelweis 200 el\u0151ad\u00e1sa"},"content":{"rendered":"<p>Kedves Koll\u00e9g\u00e1k! \/ Kedves Hallgat\u00f3k!<\/p>\n<p><strong><u>M\u00e1rcius 25-\u00e9n 17.45-t\u0151l<\/u><\/strong> amerikai vend\u00e9gel\u0151ad\u00f3nk, <strong>\u00c1gnes Per\u00e9nyi<\/strong> tart egy ca. egy\u00f3r\u00e1s, angol nyelv\u0171 el\u0151ad\u00e1st\u00a0 Semmelweis Ign\u00e1c \u00e9let\u00e9r\u0151l, munk\u00e1ss\u00e1g\u00e1r\u00f3l \u00e9s \u00f6r\u00f6ks\u00e9g\u00e9r\u0151l \u201c<strong>Semmelweis 200<\/strong>\u201d c\u00edmmel az EOK Bezn\u00e1k Alad\u00e1r el\u0151ad\u00f3teremben (T\u0171zolt\u00f3 u. 37-43). Mindenkit szeretettel v\u00e1runk!<\/p>\n<p>&nbsp;<\/p>\n<p>Liebe Studierende, liebe Kollegen!<\/p>\n<p>Unser Gastredner aus Amerika, <strong>\u00c1gnes Per\u00e9nyi<\/strong> h\u00e4lt am <strong><u>25. M\u00e4rz um 17.45-18.45<\/u><\/strong> im EOK (T\u0171zolt\u00f3 u. 37-43), Bezn\u00e1k Alad\u00e1r Raum (1. Etage) einen Vortrag auf Englisch \u00fcber das Leben, Werk und Erbe von Ign\u00e1c Semmelweis mit dem Titel \u201c<strong>Semmelweis 200<\/strong>\u201d. Alle Interessierten sind herzlich willkommen!<\/p>\n<p>&nbsp;<\/p>\n<p>Dear colleagues! \/ Dear students!<\/p>\n<p>On <strong><u>March 25th, from 17:45<\/u><\/strong>, an American visiting professor, <strong>\u00c1gnes Per\u00e9nyi<\/strong> is going to hold a 1-hour long lecture in English on the life, work and legacy of Ign\u00e1c Semmelwies entitled \u201c<strong>Semmelweis 200<\/strong>\u201d at EOK (T\u0171zolt\u00f3 u. 37-43), Bezn\u00e1k Alad\u00e1r lecture hall (1st floor). All interested are welcome!<\/p>\n","protected":false},"excerpt":{"rendered":"<p>M\u00e1rcius 25-\u00e9n 17.45-t\u0151l amerikai vend\u00e9gel\u0151ad\u00f3nk, \u00c1gnes Per\u00e9nyi tart egy ca. egy\u00f3r\u00e1s, angol nyelv\u0171 el\u0151ad\u00e1st\u00a0 Semmelweis Ign\u00e1c \u00e9let\u00e9r\u0151l, munk\u00e1ss\u00e1g\u00e1r\u00f3l \u00e9s \u00f6r\u00f6ks\u00e9g\u00e9r\u0151l \u201cSemmelweis 200\u201d c\u00edmmel az EOK Bezn\u00e1k Alad\u00e1r el\u0151ad\u00f3teremben<\/p>\n","protected":false},"author":118,"featured_media":0,"comment_status":"closed","ping_status":"closed","sticky":false,"template":"","format":"standard","meta":{"_acf_changed":false,"footnotes":""},"categories":[23],"tags":[],"class_list":["post-3903","post","type-post","status-publish","format-standard","hentry","category-hirek"],"acf":[],"_links":{"self":[{"href":"https:\/\/semmelweis.hu\/szaknyelv\/wp-json\/wp\/v2\/posts\/3903","targetHints":{"allow":["GET"]}}],"collection":[{"href":"https:\/\/semmelweis.hu\/szaknyelv\/wp-json\/wp\/v2\/posts"}],"about":[{"href":"https:\/\/semmelweis.hu\/szaknyelv\/wp-json\/wp\/v2\/types\/post"}],"author":[{"embeddable":true,"href":"https:\/\/semmelweis.hu\/szaknyelv\/wp-json\/wp\/v2\/users\/118"}],"replies":[{"embeddable":true,"href":"https:\/\/semmelweis.hu\/szaknyelv\/wp-json\/wp\/v2\/comments?post=3903"}],"version-history":[{"count":2,"href":"https:\/\/semmelweis.hu\/szaknyelv\/wp-json\/wp\/v2\/posts\/3903\/revisions"}],"predecessor-version":[{"id":4608,"href":"https:\/\/semmelweis.hu\/szaknyelv\/wp-json\/wp\/v2\/posts\/3903\/revisions\/4608"}],"wp:attachment":[{"href":"https:\/\/semmelweis.hu\/szaknyelv\/wp-json\/wp\/v2\/media?parent=3903"}],"wp:term":[{"taxonomy":"category","embeddable":true,"href":"https:\/\/semmelweis.hu\/szaknyelv\/wp-json\/wp\/v2\/categories?post=3903"},{"taxonomy":"post_tag","embeddable":true,"href":"https:\/\/semmelweis.hu\/szaknyelv\/wp-json\/wp\/v2\/tags?post=3903"}],"curies":[{"name":"wp","href":"https:\/\/api.w.org\/{rel}","templated":true}]}}