{"id":3838,"date":"2019-03-11T15:10:55","date_gmt":"2019-03-11T14:10:55","guid":{"rendered":"http:\/\/semmelweis.hu\/nykk\/?p=3838"},"modified":"2019-03-12T17:50:29","modified_gmt":"2019-03-12T16:50:29","slug":"semmelweis-karneval","status":"publish","type":"post","link":"https:\/\/semmelweis.hu\/szaknyelv\/2019\/03\/11\/semmelweis-karneval\/","title":{"rendered":"Semmelweis Karnev\u00e1l"},"content":{"rendered":"<p>A tizedik alkalommal megrendezett Nemzetk\u00f6zi Semmelweis Karnev\u00e1lon Franciaorsz\u00e1got \u00c9des \u00c9va tan\u00e1rn\u0151 \u00e9s szaknyelves hallgat\u00f3i k\u00e9pviselt\u00e9k. A francia finoms\u00e1goknak nagy sikere volt.<\/p>\n<p><a href=\"https:\/\/semmelweis.hu\/nykk\/files\/2019\/03\/20190308_194823.jpg\"><img loading=\"lazy\" decoding=\"async\" class=\"alignright size-medium wp-image-3842\" src=\"https:\/\/semmelweis.hu\/nykk\/files\/2019\/03\/20190308_194823-300x169.jpg\" alt=\"\" width=\"300\" height=\"169\" \/><\/a><a href=\"https:\/\/semmelweis.hu\/nykk\/files\/2019\/03\/20190308_203102.jpg\"><img loading=\"lazy\" decoding=\"async\" class=\"alignright size-medium wp-image-3839\" src=\"https:\/\/semmelweis.hu\/nykk\/files\/2019\/03\/20190308_203102-300x169.jpg\" alt=\"\" width=\"300\" height=\"169\" \/><\/a><\/p>\n","protected":false},"excerpt":{"rendered":"<p>A tizedik alkalommal megrendezett Nemzetk\u00f6zi Semmelweis Karnev\u00e1lon Franciaorsz\u00e1got \u00c9des \u00c9va tan\u00e1rn\u0151 \u00e9s szaknyelves hallgat\u00f3i k\u00e9pviselt\u00e9k. A francia finoms\u00e1goknak nagy sikere volt.<br \/>\n<a href=\"https:\/\/semmelweis.hu\/nykk\/files\/2019\/03\/20190308_194823.jpg\"><\/a><a href=\"https:\/\/semmelweis.hu\/nykk\/files\/2019\/03\/20190308_203102.jpg\"><\/a><\/p>\n","protected":false},"author":118,"featured_media":0,"comment_status":"closed","ping_status":"closed","sticky":false,"template":"","format":"standard","meta":{"_acf_changed":false,"footnotes":""},"categories":[1,23],"tags":[],"class_list":["post-3838","post","type-post","status-publish","format-standard","hentry","category-egyeb","category-hirek"],"acf":[],"_links":{"self":[{"href":"https:\/\/semmelweis.hu\/szaknyelv\/wp-json\/wp\/v2\/posts\/3838","targetHints":{"allow":["GET"]}}],"collection":[{"href":"https:\/\/semmelweis.hu\/szaknyelv\/wp-json\/wp\/v2\/posts"}],"about":[{"href":"https:\/\/semmelweis.hu\/szaknyelv\/wp-json\/wp\/v2\/types\/post"}],"author":[{"embeddable":true,"href":"https:\/\/semmelweis.hu\/szaknyelv\/wp-json\/wp\/v2\/users\/118"}],"replies":[{"embeddable":true,"href":"https:\/\/semmelweis.hu\/szaknyelv\/wp-json\/wp\/v2\/comments?post=3838"}],"version-history":[{"count":3,"href":"https:\/\/semmelweis.hu\/szaknyelv\/wp-json\/wp\/v2\/posts\/3838\/revisions"}],"predecessor-version":[{"id":3844,"href":"https:\/\/semmelweis.hu\/szaknyelv\/wp-json\/wp\/v2\/posts\/3838\/revisions\/3844"}],"wp:attachment":[{"href":"https:\/\/semmelweis.hu\/szaknyelv\/wp-json\/wp\/v2\/media?parent=3838"}],"wp:term":[{"taxonomy":"category","embeddable":true,"href":"https:\/\/semmelweis.hu\/szaknyelv\/wp-json\/wp\/v2\/categories?post=3838"},{"taxonomy":"post_tag","embeddable":true,"href":"https:\/\/semmelweis.hu\/szaknyelv\/wp-json\/wp\/v2\/tags?post=3838"}],"curies":[{"name":"wp","href":"https:\/\/api.w.org\/{rel}","templated":true}]}}