{"id":3821,"date":"2019-02-28T10:56:50","date_gmt":"2019-02-28T09:56:50","guid":{"rendered":"http:\/\/semmelweis.hu\/nykk\/?p=3821"},"modified":"2020-02-14T11:48:57","modified_gmt":"2020-02-14T10:48:57","slug":"dr-philipp-schneider-buntetojogasz-interaktiv-szeminariuma","status":"publish","type":"post","link":"https:\/\/semmelweis.hu\/szaknyelv\/2019\/02\/28\/dr-philipp-schneider-buntetojogasz-interaktiv-szeminariuma\/","title":{"rendered":"Dr. Philipp Schneider b\u00fcntet\u0151jog\u00e1sz interakt\u00edv szemin\u00e1riuma"},"content":{"rendered":"<div dir=\"auto\">Kedves Koll\u00e9g\u00e1k! \/ Kedves Hallgat\u00f3k!\u00a0<\/div>\n<div>\u00a0<\/div>\n<div><span style=\"text-decoration: underline\"><strong>M\u00e1rcius 4-\u00e9n 15.45<\/strong><\/span>-t\u0151l n\u00e9metorsz\u00e1gi vend\u00e9goktat\u00f3nk, <strong>Dr. Philipp Schneider<\/strong> b\u00fcntet\u0151jog\u00e1sz tart interakt\u00edv szemin\u00e1riumot <strong>&#8222;Strafrechtliche Aspekte zu Zahnverletzungen durch stumpfe und scharfe Gewalt&#8221;<\/strong> c\u00edmmel a Ferenc t\u00e9r 15. sz. Konferenciateremben (011). Mindenkit szeretettel v\u00e1runk! R\u00e9szv\u00e9teli sz\u00e1nd\u00e9k\u00e1t k\u00e9rj\u00fck, hogy emailben jelezze a <br \/>\n<a href=\"mailto:biro-szabo.angelika@semmelweis-univ.hu\">biro-szabo.angelika@semmelweis-univ.hu<\/a> email c\u00edmen.<\/div>\n<div>\n<hr \/>\n<\/div>\n<div>\n<div>Liebe Studierende, liebe Kollegen!\u00a0<br \/>\nUnser Gastdozent <strong>Dr. Ass.Jur. Philipp Schneider<\/strong> (PhD, Strafrechtler) h\u00e4lt am <br \/>\n<span style=\"text-decoration: underline\"><strong>4. M\u00e4rz um 15.45-17.15<\/strong> <\/span>im Raum Nr.011 (Ferenc t\u00e9r 15.) im Rahmen des Kurses Medizinische Terminologie ein interaktives Seminar mit dem Titel<strong> &#8222;Strafrechtliche Aspekte zu Zahnverletzungen durch stumpfe und scharfe Gewalt&#8221;<\/strong>. Alle Interessierten sind herzlich willkommen. Informieren Sie uns bitte \u00fcber Ihre Teilnahmeabsicht im Voraus unter der E-Mail Adresse: <a href=\"mailto:biro-szabo.angelika@semmelweis-univ.hu\" target=\"_blank\" rel=\"noopener noreferrer\">biro-szabo.angelika@semmelweis-univ.hu<\/a>.<\/div>\n<\/div>\n<div>\n<hr \/>\n<\/div>\n<div>\n<div>\n<p>On <span style=\"text-decoration: underline\"><strong>March 4, from 15:45<\/strong><\/span>, a German visiting professor of criminal law, <strong>Dr. Philipp Schneider<\/strong> is going to have an interactive seminar entitled <strong>&#8222;Strafrechtliche Aspekte zu Zahnverletzungen durch stumpfe und scharfe Gewalt&#8221;<\/strong> at No.15, Ferenc t\u00e9r, in the Conference room (011).<br \/>\nWelcome all attendees to the seminar. Please indicate your intention to participate by email to<a href=\"mailto:Biro-szabo.angelika@semmelweis-univ.hu\">\u00a0biro-szabo.angelika@semmelweis-univ.hu<\/a><\/p>\n<\/div>\n<\/div>\n","protected":false},"excerpt":{"rendered":"<p>M\u00e1rcius 4-\u00e9n 15.45-t\u0151l n\u00e9metorsz\u00e1gi vend\u00e9goktat\u00f3nk, Dr. Philipp Schneider b\u00fcntet\u0151jog\u00e1sz tart interakt\u00edv szemin\u00e1riumot &#8222;Strafrechtliche Aspekte zu Zahnverletzungen durch stumpfe und scharfe Gewalt&#8221; c\u00edmmel a Ferenc t\u00e9r 15. sz. konferenciateremben.<\/p>\n","protected":false},"author":118,"featured_media":0,"comment_status":"closed","ping_status":"closed","sticky":false,"template":"","format":"standard","meta":{"_acf_changed":false,"footnotes":""},"categories":[1,23],"tags":[],"class_list":["post-3821","post","type-post","status-publish","format-standard","hentry","category-egyeb","category-hirek"],"acf":[],"_links":{"self":[{"href":"https:\/\/semmelweis.hu\/szaknyelv\/wp-json\/wp\/v2\/posts\/3821","targetHints":{"allow":["GET"]}}],"collection":[{"href":"https:\/\/semmelweis.hu\/szaknyelv\/wp-json\/wp\/v2\/posts"}],"about":[{"href":"https:\/\/semmelweis.hu\/szaknyelv\/wp-json\/wp\/v2\/types\/post"}],"author":[{"embeddable":true,"href":"https:\/\/semmelweis.hu\/szaknyelv\/wp-json\/wp\/v2\/users\/118"}],"replies":[{"embeddable":true,"href":"https:\/\/semmelweis.hu\/szaknyelv\/wp-json\/wp\/v2\/comments?post=3821"}],"version-history":[{"count":4,"href":"https:\/\/semmelweis.hu\/szaknyelv\/wp-json\/wp\/v2\/posts\/3821\/revisions"}],"predecessor-version":[{"id":4609,"href":"https:\/\/semmelweis.hu\/szaknyelv\/wp-json\/wp\/v2\/posts\/3821\/revisions\/4609"}],"wp:attachment":[{"href":"https:\/\/semmelweis.hu\/szaknyelv\/wp-json\/wp\/v2\/media?parent=3821"}],"wp:term":[{"taxonomy":"category","embeddable":true,"href":"https:\/\/semmelweis.hu\/szaknyelv\/wp-json\/wp\/v2\/categories?post=3821"},{"taxonomy":"post_tag","embeddable":true,"href":"https:\/\/semmelweis.hu\/szaknyelv\/wp-json\/wp\/v2\/tags?post=3821"}],"curies":[{"name":"wp","href":"https:\/\/api.w.org\/{rel}","templated":true}]}}