{"id":3782,"date":"2019-02-07T12:58:58","date_gmt":"2019-02-07T11:58:58","guid":{"rendered":"http:\/\/semmelweis.hu\/nykk\/?p=3782"},"modified":"2019-02-28T10:05:15","modified_gmt":"2019-02-28T09:05:15","slug":"nyelvvizsgak-2019-tavasz","status":"publish","type":"post","link":"https:\/\/semmelweis.hu\/szaknyelv\/2019\/02\/07\/nyelvvizsgak-2019-tavasz\/","title":{"rendered":"Nyelvvizsg\u00e1k 2019. tavasz"},"content":{"rendered":"<p style=\"text-align: center\"><strong>SEMMELWEIS EGYETEM \u00a0NYELVI \u00a0KOMMUNIK\u00c1CI\u00d3S \u00a0IGAZGAT\u00d3S\u00c1G <\/strong><strong>NYELVVIZSG\u00c1K \u00a02019. TAVASZ<br \/>\n<\/strong><span style=\"font-size: 8pt\">(Az \u00e1llamilag elismert nyelvvizsg\u00e1kon minden 14. \u00e9let\u00e9v\u00e9t bet\u00f6lt\u00f6tt szem\u00e9ly r\u00e9szt vehet)<\/span><\/p>\n<p><span style=\"text-decoration: underline;color: #ff0000\"><strong>PROFEX\u00a0 <\/strong><\/span>\u00e1llamilag elismert, eg\u00e9szs\u00e9g\u00fcgyi angol, n\u00e9met k\u00f6z\u00e9p- \u00e9s fels\u0151fok\u00fa nyelvvizsga<br \/>\n<a href=\"http:\/\/profex.aok.pte.hu\">http:\/\/profex.aok.pte.hu<\/a> <br \/>\n<strong>\u00edr\u00e1sbeli<\/strong>: \u00e1prilis 13. 13:30, NET Z\u00f6ld el\u0151ad\u00f3terem<br \/>\n<strong>besz\u00e9d\u00e9rt\u00e9s (labor): <\/strong>\u00e1prilis 13. d\u00e9lel\u0151tt, NET Z\u00f6ld el\u0151ad\u00f3terem<br \/>\n<strong>besz\u00e9dk\u00e9szs\u00e9g<\/strong> <strong>(sz\u00f3beli): <\/strong>2019. \u00e1prilis 8-11. k\u00f6z\u00f6tt<br \/>\n<strong>jelentkezni<\/strong> lehet 2019. m\u00e1rcius 11-ig:\u00a0 <a href=\"https:\/\/semmelweis.hu\/nykk\/files\/2019\/02\/profex-jel.lap-2019.pdf\">PROFEX jelentkez\u00e9si lap<\/a><\/p>\n<p><span style=\"text-decoration: underline;color: #ff0000\"><strong>PANNON <\/strong><\/span>\u00e1llamilag elismert, \u00e1ltal\u00e1nos, egynyelv\u0171, angol k\u00f6z\u00e9p- \u00e9s fels\u0151fok\u00fa nyelvvizsga<br \/>\n<a href=\"http:\/\/www.pannon-nyelvvizsga.hu\">www.pannon-nyelvvizsga.hu<\/a><br \/>\n<strong>\u00edr\u00e1sbeli: <\/strong>\u00e1prilis 27. 9:00, NET Z\u00f6ld el\u0151ad\u00f3terem<br \/>\n<strong>besz\u00e9d\u00e9rt\u00e9s (labor): <\/strong>\u00e1prilis 27. d\u00e9lut\u00e1n, NET Z\u00f6ld el\u0151ad\u00f3<br \/>\n<strong>besz\u00e9dk\u00e9szs\u00e9g (sz\u00f3beli)<\/strong>: 2019. \u00e1prilis 23-25. k\u00f6z\u00f6tt<br \/>\n<strong>jelentkezni<\/strong> lehet 2019. m\u00e1rcius 14-ig:\u00a0 <a href=\"https:\/\/semmelweis.hu\/nykk\/files\/2019\/02\/2019.-pannon-jel.lap_.pdf\">PANNON jelentkez\u00e9si lap<\/a><br \/>\nOnline jelentkez\u00e9s: <a href=\"http:\/\/pannon-nyelvvizsga.hu\/online-jelentkezes-nyelvvizsgara\">http:\/\/pannon-nyelvvizsga.hu\/online-jelentkezes-nyelvvizsgara<\/a><\/p>\n<p><span style=\"text-decoration: underline;color: #ff0000\"><strong>EGYETEMI\u00a0 SZAKNYELVI\u00a0 Z\u00c1R\u00d3VIZSGA<\/strong><\/span> <br \/>\nangol, n\u00e9met, francia, orosz, olasz, spanyol nyelvb\u0151l<br \/>\n<strong>\u00edr\u00e1sbeli: <\/strong>m\u00e1jus 17. 17:00, NET Z\u00f6ld el\u0151ad\u00f3terem<br \/>\n<strong>jelentkezni<\/strong> lehet 2019. m\u00e1jus 10-ig.<br \/>\nTov\u00e1bbi inform\u00e1ci\u00f3 k\u00e9s\u0151bb v\u00e1rhat\u00f3.<\/p>\n<p style=\"text-align: center\">Koordin\u00e1tor: <strong>B\u00edr\u00f3-Szab\u00f3 Angelika<\/strong><br \/>\n1094 Bp. Ferenc t\u00e9r 15. emelet\u00a0 106-os szoba<br \/>\nH\u00e9tf\u0151\u00a0\u00a0\u00a0\u00a0 \u00a0 \u00a0\u00a0 9:00 \u2013 15:00<br \/>\nSzerda\u00a0\u00a0\u00a0\u00a0\u00a0\u00a0\u00a0 9:00 \u2013 15:00<br \/>\nCs\u00fct\u00f6rt\u00f6k\u00a0 9:00 \u2013 15:00<br \/>\nP\u00e9ntek\u00a0\u00a0\u00a0\u00a0\u00a0\u00a0\u00a0 9:00 \u2013 12:00<br \/>\n\u00dcgyf\u00e9lfogad\u00e1si id\u0151n k\u00edv\u00fcl el\u0151zetes egyeztet\u00e9s alapj\u00e1n.<br \/>\n<strong><span style=\"text-decoration: underline\">+36-20-670-13-32<\/span><\/strong><br \/>\n(+36-1) 459-15-00\/53810<br \/>\n\u00a0(+36-1) 215-93-38<br \/>\n<a href=\"mailto:biro-szabo.angelika@semmelweis-univ.hu\"><strong>biro-szabo.angelika@semmelweis-univ.hu<\/strong><\/a><br \/>\n<a href=\"https:\/\/semmelweis.hu\/nykk\/nyelvvizsgak\/\">https:\/\/semmelweis.hu\/nykk\/nyelvvizsgak\/<\/a><\/p>\n","protected":false},"excerpt":{"rendered":"<p>SEMMELWEIS EGYETEM \u00a0NYELVI \u00a0KOMMUNIK\u00c1CI\u00d3S \u00a0IGAZGAT\u00d3S\u00c1G NYELVVIZSG\u00c1K \u00a02019. TAVASZ (Az \u00e1llamilag elismert nyelvvizsg\u00e1kon minden 14. \u00e9let\u00e9v\u00e9t bet\u00f6lt\u00f6tt szem\u00e9ly r\u00e9szt vehet) PROFEX\u00a0 \u00e1llamilag elismert, eg\u00e9szs\u00e9g\u00fcgyi angol, n\u00e9met k\u00f6z\u00e9p- \u00e9s fels\u0151fok\u00fa nyelvvizsga <a href=\"http:\/\/profex.aok.pte.hu\">http:\/\/profex.aok.pte.hu<\/a> \u00edr\u00e1sbeli: \u00e1prilis 13. 13:30, NET Z\u00f6ld el\u0151ad\u00f3terem besz\u00e9d\u00e9rt\u00e9s (labor): \u00e1prilis 13. d\u00e9lel\u0151tt, NET Z\u00f6ld el\u0151ad\u00f3terem besz\u00e9dk\u00e9szs\u00e9g (sz\u00f3beli): 2019. \u00e1prilis 8-11. k\u00f6z\u00f6tt jelentkezni lehet 2019. m\u00e1rcius 11-ig:\u00a0 &hellip;<\/p>\n","protected":false},"author":118,"featured_media":0,"comment_status":"closed","ping_status":"closed","sticky":false,"template":"","format":"standard","meta":{"_acf_changed":false,"footnotes":""},"categories":[1,23],"tags":[],"class_list":["post-3782","post","type-post","status-publish","format-standard","hentry","category-egyeb","category-hirek"],"acf":[],"_links":{"self":[{"href":"https:\/\/semmelweis.hu\/szaknyelv\/wp-json\/wp\/v2\/posts\/3782","targetHints":{"allow":["GET"]}}],"collection":[{"href":"https:\/\/semmelweis.hu\/szaknyelv\/wp-json\/wp\/v2\/posts"}],"about":[{"href":"https:\/\/semmelweis.hu\/szaknyelv\/wp-json\/wp\/v2\/types\/post"}],"author":[{"embeddable":true,"href":"https:\/\/semmelweis.hu\/szaknyelv\/wp-json\/wp\/v2\/users\/118"}],"replies":[{"embeddable":true,"href":"https:\/\/semmelweis.hu\/szaknyelv\/wp-json\/wp\/v2\/comments?post=3782"}],"version-history":[{"count":10,"href":"https:\/\/semmelweis.hu\/szaknyelv\/wp-json\/wp\/v2\/posts\/3782\/revisions"}],"predecessor-version":[{"id":3815,"href":"https:\/\/semmelweis.hu\/szaknyelv\/wp-json\/wp\/v2\/posts\/3782\/revisions\/3815"}],"wp:attachment":[{"href":"https:\/\/semmelweis.hu\/szaknyelv\/wp-json\/wp\/v2\/media?parent=3782"}],"wp:term":[{"taxonomy":"category","embeddable":true,"href":"https:\/\/semmelweis.hu\/szaknyelv\/wp-json\/wp\/v2\/categories?post=3782"},{"taxonomy":"post_tag","embeddable":true,"href":"https:\/\/semmelweis.hu\/szaknyelv\/wp-json\/wp\/v2\/tags?post=3782"}],"curies":[{"name":"wp","href":"https:\/\/api.w.org\/{rel}","templated":true}]}}