{"id":3659,"date":"2019-01-21T11:33:53","date_gmt":"2019-01-21T10:33:53","guid":{"rendered":"http:\/\/semmelweis.hu\/nykk\/?p=3659"},"modified":"2019-01-27T22:43:45","modified_gmt":"2019-01-27T21:43:45","slug":"uj-kurzusok-fogorvostan-hallgatoknak","status":"publish","type":"post","link":"https:\/\/semmelweis.hu\/szaknyelv\/2019\/01\/21\/uj-kurzusok-fogorvostan-hallgatoknak\/","title":{"rendered":"\u00daj kurzusok fogorvostanhallgat\u00f3knak!"},"content":{"rendered":"<p><span style=\"color: #ff0000\">Kedves Fogorvostanhallgat\u00f3k!<\/span><\/p>\n<p>A 2019. tavaszi szemesztert\u0151l <strong>\u00faj, gyakorlatk\u00f6zpont\u00fa szaknyelvi kurzusaink<\/strong> indulnak csak fogorvostanhallgat\u00f3k sz\u00e1m\u00e1ra angol, n\u00e9met, francia, olasz nyelvekb\u0151l, kezd\u0151 vagy \u00fajrakezd\u0151 szintt\u0151l, Bevezet\u00e9s az angol\/n\u00e9met\/francia\/olasz fogorvosi szaknyelvbe c\u00edmmel.<\/p>\n<p>Szeretettel v\u00e1rjuk \u00d6n\u00f6ket az \u00faj kurzusainkon!<\/p>\n<p>Le\u00edr\u00e1sok:\u00a0 <a href=\"https:\/\/semmelweis.hu\/nykk\/files\/2019\/01\/N\u00e9met-bev1.jpg\">N\u00e9met<\/a>\u00a0\u00a0\u00a0\u00a0 <a href=\"https:\/\/semmelweis.hu\/nykk\/files\/2019\/01\/Angol-bev1.jpg\">Angol<\/a>\u00a0\u00a0\u00a0 <a href=\"https:\/\/semmelweis.hu\/nykk\/files\/2019\/01\/Francia-bev1.jpg\">Francia<\/a>\u00a0\u00a0\u00a0 <a href=\"https:\/\/semmelweis.hu\/nykk\/files\/2019\/01\/Olasz-bev1.jpg\">Olasz<\/a>\u00a0\u00a0\u00a0\u00a0<\/p>\n","protected":false},"excerpt":{"rendered":"<p>Kedves Fogorvostanhallgat\u00f3k!<br \/>\nA 2019. tavaszi szemesztert\u0151l \u00faj, gyakorlatk\u00f6zpont\u00fa szaknyelvi kurzusaink indulnak csak fogorvostanhallgat\u00f3k sz\u00e1m\u00e1ra angol, n\u00e9met, francia, olasz nyelvekb\u0151l, kezd\u0151 vagy \u00fajrakezd\u0151 szintt\u0151l, Bevezet\u00e9s az angol\/n\u00e9met\/francia\/olasz fogorvosi szaknyelvbe c\u00edmmel.<br \/>\nSzeretettel v\u00e1rjuk \u00d6n\u00f6ket az \u00faj kurzusainkon!<br \/>\nLe\u00edr\u00e1sok:\u00a0 <a href=\"https:\/\/semmelweis.hu\/nykk\/files\/2019\/01\/N\u00e9met-bev1.jpg\">N\u00e9met<\/a>\u00a0\u00a0\u00a0\u00a0 <a href=\"https:\/\/semmelweis.hu\/nykk\/files\/2019\/01\/Angol-bev1.jpg\">Angol<\/a>\u00a0\u00a0\u00a0 <a href=\"https:\/\/semmelweis.hu\/nykk\/files\/2019\/01\/Francia-bev1.jpg\">Francia<\/a>\u00a0\u00a0\u00a0 <a href=\"https:\/\/semmelweis.hu\/nykk\/files\/2019\/01\/Olasz-bev1.jpg\">Olasz<\/a>\u00a0\u00a0\u00a0\u00a0<\/p>\n","protected":false},"author":118,"featured_media":0,"comment_status":"closed","ping_status":"closed","sticky":false,"template":"","format":"standard","meta":{"_acf_changed":false,"footnotes":""},"categories":[23],"tags":[],"class_list":["post-3659","post","type-post","status-publish","format-standard","hentry","category-hirek"],"acf":[],"_links":{"self":[{"href":"https:\/\/semmelweis.hu\/szaknyelv\/wp-json\/wp\/v2\/posts\/3659","targetHints":{"allow":["GET"]}}],"collection":[{"href":"https:\/\/semmelweis.hu\/szaknyelv\/wp-json\/wp\/v2\/posts"}],"about":[{"href":"https:\/\/semmelweis.hu\/szaknyelv\/wp-json\/wp\/v2\/types\/post"}],"author":[{"embeddable":true,"href":"https:\/\/semmelweis.hu\/szaknyelv\/wp-json\/wp\/v2\/users\/118"}],"replies":[{"embeddable":true,"href":"https:\/\/semmelweis.hu\/szaknyelv\/wp-json\/wp\/v2\/comments?post=3659"}],"version-history":[{"count":10,"href":"https:\/\/semmelweis.hu\/szaknyelv\/wp-json\/wp\/v2\/posts\/3659\/revisions"}],"predecessor-version":[{"id":3737,"href":"https:\/\/semmelweis.hu\/szaknyelv\/wp-json\/wp\/v2\/posts\/3659\/revisions\/3737"}],"wp:attachment":[{"href":"https:\/\/semmelweis.hu\/szaknyelv\/wp-json\/wp\/v2\/media?parent=3659"}],"wp:term":[{"taxonomy":"category","embeddable":true,"href":"https:\/\/semmelweis.hu\/szaknyelv\/wp-json\/wp\/v2\/categories?post=3659"},{"taxonomy":"post_tag","embeddable":true,"href":"https:\/\/semmelweis.hu\/szaknyelv\/wp-json\/wp\/v2\/tags?post=3659"}],"curies":[{"name":"wp","href":"https:\/\/api.w.org\/{rel}","templated":true}]}}