{"id":3548,"date":"2018-10-06T14:20:24","date_gmt":"2018-10-06T12:20:24","guid":{"rendered":"http:\/\/semmelweis.hu\/nykk\/?p=3548"},"modified":"2019-01-21T11:10:20","modified_gmt":"2019-01-21T10:10:20","slug":"konferenciat-tartott-az-orvosi-nyelvi-munkabizottsaga-az-mta-nyelvtudomanyi-intezetben","status":"publish","type":"post","link":"https:\/\/semmelweis.hu\/szaknyelv\/2018\/10\/06\/konferenciat-tartott-az-orvosi-nyelvi-munkabizottsaga-az-mta-nyelvtudomanyi-intezetben\/","title":{"rendered":"Konferenci\u00e1t tartott az Orvosi Nyelvi Munkabizotts\u00e1ga az MTA Nyelvtudom\u00e1nyi Int\u00e9zetben"},"content":{"rendered":"<p>&nbsp;<\/p>\n<ul>\n<li>A Magyar Nyelvi Oszt\u00e1lyk\u00f6zi \u00c1lland\u00f3 Bizotts\u00e1g Orvosi Nyelvi Munkabizotts\u00e1g\u00e1nak konferenci\u00e1ja 2018. okt\u00f3ber 5-\u00e9n az MTA Nyelvtudom\u00e1nyi Int\u00e9zetben:<br \/>\n<a href=\"https:\/\/mta.hu\/i-osztaly\/magyar-nyelvu-orvosi-tudomanyiras-109040\">https:\/\/mta.hu\/i-osztaly\/magyar-nyelvu-orvosi-tudomanyiras-109040 <\/a><\/li>\n<\/ul>\n<p><a href=\"https:\/\/semmelweis.hu\/nykk\/p1220788\/\"><img loading=\"lazy\" decoding=\"async\" class=\" wp-image-3478 alignright\" src=\"https:\/\/semmelweis.hu\/nykk\/files\/2018\/11\/P1220788-300x225.jpg\" alt=\"\" width=\"270\" height=\"203\" \/><\/a><a href=\"https:\/\/semmelweis.hu\/nykk\/p1220785\/\"><img loading=\"lazy\" decoding=\"async\" class=\" wp-image-3477 alignnone\" src=\"https:\/\/semmelweis.hu\/nykk\/files\/2018\/11\/P1220785-300x225.jpg\" alt=\"\" width=\"276\" height=\"207\" \/><\/a><\/p>\n","protected":false},"excerpt":{"rendered":"<p>&nbsp;<\/p>\n<p>A Magyar Nyelvi Oszt\u00e1lyk\u00f6zi \u00c1lland\u00f3 Bizotts\u00e1g Orvosi Nyelvi Munkabizotts\u00e1g\u00e1nak konferenci\u00e1ja 2018. okt\u00f3ber 5-\u00e9n az MTA Nyelvtudom\u00e1nyi Int\u00e9zetben:<br \/>\n<a href=\"https:\/\/mta.hu\/i-osztaly\/magyar-nyelvu-orvosi-tudomanyiras-109040\">https:\/\/mta.hu\/i-osztaly\/magyar-nyelvu-orvosi-tudomanyiras-109040 <\/a><\/p>\n<p><a href=\"https:\/\/semmelweis.hu\/nykk\/p1220788\/\"><\/a><a href=\"https:\/\/semmelweis.hu\/nykk\/p1220785\/\"><\/a><\/p>\n","protected":false},"author":118,"featured_media":0,"comment_status":"closed","ping_status":"closed","sticky":false,"template":"","format":"standard","meta":{"_acf_changed":false,"footnotes":""},"categories":[23],"tags":[],"class_list":["post-3548","post","type-post","status-publish","format-standard","hentry","category-hirek"],"acf":[],"_links":{"self":[{"href":"https:\/\/semmelweis.hu\/szaknyelv\/wp-json\/wp\/v2\/posts\/3548","targetHints":{"allow":["GET"]}}],"collection":[{"href":"https:\/\/semmelweis.hu\/szaknyelv\/wp-json\/wp\/v2\/posts"}],"about":[{"href":"https:\/\/semmelweis.hu\/szaknyelv\/wp-json\/wp\/v2\/types\/post"}],"author":[{"embeddable":true,"href":"https:\/\/semmelweis.hu\/szaknyelv\/wp-json\/wp\/v2\/users\/118"}],"replies":[{"embeddable":true,"href":"https:\/\/semmelweis.hu\/szaknyelv\/wp-json\/wp\/v2\/comments?post=3548"}],"version-history":[{"count":10,"href":"https:\/\/semmelweis.hu\/szaknyelv\/wp-json\/wp\/v2\/posts\/3548\/revisions"}],"predecessor-version":[{"id":3656,"href":"https:\/\/semmelweis.hu\/szaknyelv\/wp-json\/wp\/v2\/posts\/3548\/revisions\/3656"}],"wp:attachment":[{"href":"https:\/\/semmelweis.hu\/szaknyelv\/wp-json\/wp\/v2\/media?parent=3548"}],"wp:term":[{"taxonomy":"category","embeddable":true,"href":"https:\/\/semmelweis.hu\/szaknyelv\/wp-json\/wp\/v2\/categories?post=3548"},{"taxonomy":"post_tag","embeddable":true,"href":"https:\/\/semmelweis.hu\/szaknyelv\/wp-json\/wp\/v2\/tags?post=3548"}],"curies":[{"name":"wp","href":"https:\/\/api.w.org\/{rel}","templated":true}]}}