{"id":15653,"date":"2026-02-04T11:49:36","date_gmt":"2026-02-04T10:49:36","guid":{"rendered":"https:\/\/semmelweis.hu\/szaknyelv\/?p=15653"},"modified":"2026-02-04T11:49:36","modified_gmt":"2026-02-04T10:49:36","slug":"valaszthato-kurzusok-elerese-25-26-2","status":"publish","type":"post","link":"https:\/\/semmelweis.hu\/szaknyelv\/2026\/02\/04\/valaszthato-kurzusok-elerese-25-26-2\/","title":{"rendered":"V\u00e1laszthat\u00f3 kurzusok el\u00e9r\u00e9se 25\/26\/2"},"content":{"rendered":"<div dir=\"auto\" style=\"text-align: center\">A Szaknyelvi Int\u00e9zet V\u00c1LASZTHAT\u00d3 kurzusaira 2026. febru\u00e1r 13-t\u00f3l lehet jelentkezni.<\/div>\n<div dir=\"auto\" style=\"text-align: center\">Addig is itt tudj\u00e1k megn\u00e9zni az indul\u00f3 kurzusokat \u00e9s id\u0151pontjaikat:<\/div>\n<div dir=\"auto\" style=\"text-align: center\"><span class=\"html-span xdj266r x14z9mp xat24cr x1lziwak xexx8yu xyri2b x18d9i69 x1c1uobl x1hl2dhg x16tdsg8 x1vvkbs\"><a class=\"x1i10hfl xjbqb8w x1ejq31n x18oe1m7 x1sy0etr xstzfhl x972fbf x10w94by x1qhh985 x14e42zd x9f619 x1ypdohk xt0psk2 x3ct3a4 xdj266r x14z9mp xat24cr x1lziwak xexx8yu xyri2b x18d9i69 x1c1uobl x16tdsg8 x1hl2dhg xggy1nq x1a2a7pz xkrqix3 x1sur9pj x1fey0fg x1s688f\" href=\"https:\/\/semmelweis.hu\/szaknyelv\/rolunk\/tevekenysegeink\/kurzusok-es-vizsgak\/?fbclid=IwZXh0bgNhZW0CMTAAYnJpZBEwaGhPU2o5R2pwenF2eWZWM3NydGMGYXBwX2lkEDIyMjAzOTE3ODgyMDA4OTIAAR6b3LE5LFrpiL5oruMvvz5-6lCG_RdClzyimKnhNZfpFa-ESvp4pVMFO2j8sw_aem__3vs41I1zYP7mZCqAqtBqQ\" target=\"_blank\" rel=\"nofollow noopener noreferrer\">https:\/\/semmelweis.hu\/&#8230;\/tevekenyse&#8230;\/kurzusok-es-vizsgak\/<\/a><\/span><\/div>\n<p style=\"text-align: center\">K\u00e9rj\u00fck, terjessz\u00e9k ezt a linket a hallgat\u00f3i csoportjaikban!<\/p>\n","protected":false},"excerpt":{"rendered":"<p>A Szaknyelvi Int\u00e9zet V\u00c1LASZTHAT\u00d3 kurzusaira 2026. febru\u00e1r 13-t\u00f3l lehet jelentkezni.<br \/>\nAddig is itt tudj\u00e1k megn\u00e9zni az indul\u00f3 kurzusokat \u00e9s id\u0151pontjaikat:<br \/>\n<a class=\"x1i10hfl xjbqb8w x1ejq31n x18oe1m7 x1sy0etr xstzfhl x972fbf x10w94by x1qhh985 x14e42zd x9f619 x1ypdohk xt0psk2 x3ct3a4 xdj266r x14z9mp xat24cr x1lziwak xexx8yu xyri2b x18d9i69 x1c1uobl x16tdsg8 x1hl2dhg xggy1nq x1a2a7pz xkrqix3 x1sur9pj x1fey0fg x1s688f\" href=\"https:\/\/semmelweis.hu\/szaknyelv\/rolunk\/tevekenysegeink\/kurzusok-es-vizsgak\/?fbclid=IwZXh0bgNhZW0CMTAAYnJpZBEwaGhPU2o5R2pwenF2eWZWM3NydGMGYXBwX2lkEDIyMjAzOTE3ODgyMDA4OTIAAR6b3LE5LFrpiL5oruMvvz5-6lCG_RdClzyimKnhNZfpFa-ESvp4pVMFO2j8sw_aem__3vs41I1zYP7mZCqAqtBqQ\" target=\"_blank\" rel=\"nofollow noopener noreferrer\">https:\/\/semmelweis.hu\/&#8230;\/tevekenyse&#8230;\/kurzusok-es-vizsgak\/<\/a><br \/>\nK\u00e9rj\u00fck, terjessz\u00e9k ezt a linket a hallgat\u00f3i csoportjaikban!<\/p>\n","protected":false},"author":102166,"featured_media":0,"comment_status":"closed","ping_status":"closed","sticky":false,"template":"","format":"standard","meta":{"_acf_changed":false,"footnotes":""},"categories":[23],"tags":[],"class_list":["post-15653","post","type-post","status-publish","format-standard","hentry","category-hirek"],"acf":[],"_links":{"self":[{"href":"https:\/\/semmelweis.hu\/szaknyelv\/wp-json\/wp\/v2\/posts\/15653","targetHints":{"allow":["GET"]}}],"collection":[{"href":"https:\/\/semmelweis.hu\/szaknyelv\/wp-json\/wp\/v2\/posts"}],"about":[{"href":"https:\/\/semmelweis.hu\/szaknyelv\/wp-json\/wp\/v2\/types\/post"}],"author":[{"embeddable":true,"href":"https:\/\/semmelweis.hu\/szaknyelv\/wp-json\/wp\/v2\/users\/102166"}],"replies":[{"embeddable":true,"href":"https:\/\/semmelweis.hu\/szaknyelv\/wp-json\/wp\/v2\/comments?post=15653"}],"version-history":[{"count":2,"href":"https:\/\/semmelweis.hu\/szaknyelv\/wp-json\/wp\/v2\/posts\/15653\/revisions"}],"predecessor-version":[{"id":15655,"href":"https:\/\/semmelweis.hu\/szaknyelv\/wp-json\/wp\/v2\/posts\/15653\/revisions\/15655"}],"wp:attachment":[{"href":"https:\/\/semmelweis.hu\/szaknyelv\/wp-json\/wp\/v2\/media?parent=15653"}],"wp:term":[{"taxonomy":"category","embeddable":true,"href":"https:\/\/semmelweis.hu\/szaknyelv\/wp-json\/wp\/v2\/categories?post=15653"},{"taxonomy":"post_tag","embeddable":true,"href":"https:\/\/semmelweis.hu\/szaknyelv\/wp-json\/wp\/v2\/tags?post=15653"}],"curies":[{"name":"wp","href":"https:\/\/api.w.org\/{rel}","templated":true}]}}