{"id":15453,"date":"2026-01-19T20:53:13","date_gmt":"2026-01-19T19:53:13","guid":{"rendered":"https:\/\/semmelweis.hu\/szaknyelv\/?p=15453"},"modified":"2026-01-19T20:53:13","modified_gmt":"2026-01-19T19:53:13","slug":"meghosszabbitva-2026-ban-indulo-szaknyelvi-nyelvtanfolyamok","status":"publish","type":"post","link":"https:\/\/semmelweis.hu\/szaknyelv\/2026\/01\/19\/meghosszabbitva-2026-ban-indulo-szaknyelvi-nyelvtanfolyamok\/","title":{"rendered":"MEGHOSSZABB\u00cdTVA! 2026-ban indul\u00f3 szaknyelvi nyelvtanfolyamok"},"content":{"rendered":"<p><strong><img loading=\"lazy\" decoding=\"async\" class=\"aligncenter wp-image-15470\" src=\"https:\/\/semmelweis.hu\/szaknyelv\/files\/2026\/01\/magyar-400x225.png\" alt=\"\" width=\"451\" height=\"254\" srcset=\"https:\/\/semmelweis.hu\/szaknyelv\/files\/2026\/01\/magyar-400x225.png 400w, https:\/\/semmelweis.hu\/szaknyelv\/files\/2026\/01\/magyar-1024x576.png 1024w, https:\/\/semmelweis.hu\/szaknyelv\/files\/2026\/01\/magyar-768x432.png 768w, https:\/\/semmelweis.hu\/szaknyelv\/files\/2026\/01\/magyar-1536x864.png 1536w, https:\/\/semmelweis.hu\/szaknyelv\/files\/2026\/01\/magyar-753x424.png 753w, https:\/\/semmelweis.hu\/szaknyelv\/files\/2026\/01\/magyar.png 1920w\" sizes=\"auto, (max-width: 451px) 100vw, 451px\" \/><\/strong><\/p>\n<p><strong>Nyelvtanul\u00e1ssal kezden\u00e9d az \u00faj \u00e9vet?<\/strong><\/p>\n<p>V\u00e1lassz Int\u00e9zet\u00fcnk 2026-ban indul\u00f3 szaknyelvi, ONLINE nyelvtanfolyamai k\u00f6z\u00fcl!<\/p>\n<p><strong><u>1. Eg\u00e9szs\u00e9g\u00fcgyi szaknyelvi angol \u00e9s n\u00e9met nyelvtanfolyam<\/u><\/strong><\/p>\n<p>A tanfolyam c\u00e9lja:<\/p>\n<ul>\n<li>betekint\u00e9s a legfontosabb orvosi szakter\u00fcletek terminol\u00f3gi\u00e1j\u00e1ba,<\/li>\n<li>orvosi szaksz\u00f3kincsen alapul\u00f3 nyelvtani rendszerez\u00e9s,<\/li>\n<li>szaknyelvi kommunik\u00e1ci\u00f3s \u00e9s dokument\u00e1ci\u00f3s k\u00e9szs\u00e9gek fejleszt\u00e9se.<\/li>\n<\/ul>\n<p>Kinek aj\u00e1nljuk?<\/p>\n<ul>\n<li>azoknak, akik szeretn\u00e9nek eg\u00e9szs\u00e9g\u00fcgyi szaknyelvi ismeretet szerezni, vagy a megl\u00e9v\u0151 tud\u00e1st felfriss\u00edteni, kieg\u00e9sz\u00edteni,<\/li>\n<li>az Eg\u00e9szs\u00e9gtudom\u00e1nyi szakford\u00edt\u00f3- \u00e9s tolm\u00e1cs szakir\u00e1ny\u00fa tov\u00e1bbk\u00e9pz\u00e9s\u00fcnk ir\u00e1nt \u00e9rdekl\u0151d\u0151 leend\u0151 \u00e9s m\u00e1r akt\u00edv hallgat\u00f3knak, akik hat\u00e9kony felk\u00e9sz\u00fcl\u00e9sk\u00e9nt szeretn\u00e9k eg\u00e9szs\u00e9g\u00fcgyi szaknyelvi tud\u00e1sukat min\u00e9l gyorsabb temp\u00f3ban fejleszteni.<\/li>\n<\/ul>\n<p><strong>Angol:<\/strong> 10 alkalom, 4 \u00f3ra\/alkalom, \u00f6sszesen 40 \u00f3ra, szerda 17.00-20.15 k\u00f6z\u00f6tt, 2026. janu\u00e1r 28-t\u00f3l \u00e1prilis 1-ig, 240.000 Ft*<br \/>\nJelentkez\u00e9si \u00e9s befizet\u00e9si hat\u00e1rid\u0151: 2026.01.27.<\/p>\n<p><strong>N\u00e9met:<\/strong> 10 alkalom, 4 \u00f3ra\/alkalom, \u00f6sszesen 40 \u00f3ra, keddenk\u00e9nt 8.00-11.15 k\u00f6z\u00f6tt, 2026. febru\u00e1r 17-t\u0151l \u00e1prilis 21-ig, 240.000 Ft*<br \/>\nJelentkez\u00e9si \u00e9s befizet\u00e9si hat\u00e1rid\u0151: 2026.02.16.<\/p>\n<p><strong><u>2. N\u00e9met nyelvtani rendszerez\u0151 tanfolyam orvosi, fogorvosi \u00e9s eg\u00e9szs\u00e9g\u00fcgyi szaknyelvi f\u00f3kusszal<\/u><\/strong><\/p>\n<ul>\n<li>nyelvtan rendszerez\u00e9se \u00e9rthet\u0151en,<\/li>\n<li>eg\u00e9szs\u00e9g\u00fcgyi\/orvosi p\u00e9ld\u00e1k,<\/li>\n<li>felk\u00e9sz\u00edt\u00e9s magasabb szint\u0171 (B2\u2013C1) tanulm\u00e1nyokra,<\/li>\n<li>ide\u00e1lis A2\u2013B1 szintr\u0151l tov\u00e1bbl\u00e9p\u0151knek,<\/li>\n<li>6 alkalom, 4 \u00f3ra\/alkalom, \u00f6sszesen 24 \u00f3ra, cs\u00fct\u00f6rt\u00f6k 16.00-19.15 k\u00f6z\u00f6tt, 2026. febru\u00e1r 12-t\u0151l m\u00e1rcius 19-ig, 120.000 Ft*<\/li>\n<\/ul>\n<p>Jelentkez\u00e9si \u00e9s befizet\u00e9si hat\u00e1rid\u0151: 2026.02.10.<\/p>\n<p><strong><u>3. N\u00e9met orvos\/fogorvos-beteg kommunik\u00e1ci\u00f3<\/u><\/strong><\/p>\n<ul>\n<li>kommunik\u00e1ci\u00f3k\u00f6zpont\u00fa fog\u00e1szati-orvosi n\u00e9met nyelvtanfolyamok B2 szinten,<\/li>\n<li>felk\u00e9sz\u00fcl\u00e9s az FSP vizsg\u00e1ra,<\/li>\n<li>az online \u00f3r\u00e1kon megismertetj\u00fck a hallgat\u00f3kat a n\u00e9met fog\u00e1szati szaknyelvvel, \u00edr\u00e1sbeli dokument\u00e1ci\u00f3t (Anamnese, Kurzarztbrief) stb. k\u00e9sz\u00edt\u00fcnk, gyakoroljuk a vizsga sz\u00f3beli r\u00e9sz\u00e9t, szimul\u00e1ljuk az orvos-beteg, orvos-orvos p\u00e1rbesz\u00e9deket,<\/li>\n<li>15 alkalom, 2 \u00f3ra\/alkalom, \u00f6sszesen 30 \u00f3ra, minden h\u00e9tf\u0151n \u00e9s cs\u00fct\u00f6rt\u00f6k\u00f6n 15.00-16.30 k\u00f6z\u00f6tt, 2026. febru\u00e1r 2-t\u0151l m\u00e1rcius 23-ig, 180.000 Ft*<br \/>\nJelentkez\u00e9si \u00e9s befizet\u00e9si hat\u00e1rid\u0151: 2026.01.29.<\/li>\n<\/ul>\n<div class=\"w-100 fontos_div\"><strong>Regisztr\u00e1ci\u00f3 a tanfolyamokra itt: <\/strong><br \/>\n<a href=\"https:\/\/forms.office.com\/e\/F3irEJpmyu?origin=lprLink\"><strong>https:\/\/forms.office.com\/e\/F3irEJpmyu?origin=lprLink<\/strong><\/a><\/div>\n<p>El\u00e9rhet\u0151s\u00e9g: lsp@semmelweis.hu<\/p>\n<p>*20% kedvezm\u00e9ny Semmelweis polg\u00e1rok r\u00e9sz\u00e9re<br \/>\n*10% kedvezm\u00e9ny Semmelweis Alumni tagoknak<\/p>\n","protected":false},"excerpt":{"rendered":"<p>Nyelvtanul\u00e1ssal kezden\u00e9d az \u00faj \u00e9vet? V\u00e1lassz Int\u00e9zet\u00fcnk 2026-ban indul\u00f3 szaknyelvi, ONLINE nyelvtanfolyamai k\u00f6z\u00fcl! 1. Eg\u00e9szs\u00e9g\u00fcgyi szaknyelvi angol \u00e9s n\u00e9met nyelvtanfolyam A tanfolyam c\u00e9lja: betekint\u00e9s a legfontosabb orvosi szakter\u00fcletek terminol\u00f3gi\u00e1j\u00e1ba, orvosi szaksz\u00f3kincsen alapul\u00f3 nyelvtani rendszerez\u00e9s, szaknyelvi kommunik\u00e1ci\u00f3s \u00e9s dokument\u00e1ci\u00f3s k\u00e9szs\u00e9gek fejleszt\u00e9se. Kinek aj\u00e1nljuk? azoknak, akik szeretn\u00e9nek eg\u00e9szs\u00e9g\u00fcgyi szaknyelvi ismeretet szerezni, vagy a megl\u00e9v\u0151 tud\u00e1st felfriss\u00edteni, kieg\u00e9sz\u00edteni, &hellip;<\/p>\n","protected":false},"author":102166,"featured_media":0,"comment_status":"closed","ping_status":"closed","sticky":false,"template":"","format":"standard","meta":{"_acf_changed":false,"footnotes":""},"categories":[23],"tags":[],"class_list":["post-15453","post","type-post","status-publish","format-standard","hentry","category-hirek"],"acf":[],"_links":{"self":[{"href":"https:\/\/semmelweis.hu\/szaknyelv\/wp-json\/wp\/v2\/posts\/15453","targetHints":{"allow":["GET"]}}],"collection":[{"href":"https:\/\/semmelweis.hu\/szaknyelv\/wp-json\/wp\/v2\/posts"}],"about":[{"href":"https:\/\/semmelweis.hu\/szaknyelv\/wp-json\/wp\/v2\/types\/post"}],"author":[{"embeddable":true,"href":"https:\/\/semmelweis.hu\/szaknyelv\/wp-json\/wp\/v2\/users\/102166"}],"replies":[{"embeddable":true,"href":"https:\/\/semmelweis.hu\/szaknyelv\/wp-json\/wp\/v2\/comments?post=15453"}],"version-history":[{"count":3,"href":"https:\/\/semmelweis.hu\/szaknyelv\/wp-json\/wp\/v2\/posts\/15453\/revisions"}],"predecessor-version":[{"id":15473,"href":"https:\/\/semmelweis.hu\/szaknyelv\/wp-json\/wp\/v2\/posts\/15453\/revisions\/15473"}],"wp:attachment":[{"href":"https:\/\/semmelweis.hu\/szaknyelv\/wp-json\/wp\/v2\/media?parent=15453"}],"wp:term":[{"taxonomy":"category","embeddable":true,"href":"https:\/\/semmelweis.hu\/szaknyelv\/wp-json\/wp\/v2\/categories?post=15453"},{"taxonomy":"post_tag","embeddable":true,"href":"https:\/\/semmelweis.hu\/szaknyelv\/wp-json\/wp\/v2\/tags?post=15453"}],"curies":[{"name":"wp","href":"https:\/\/api.w.org\/{rel}","templated":true}]}}