{"id":15149,"date":"2025-11-03T14:19:02","date_gmt":"2025-11-03T13:19:02","guid":{"rendered":"https:\/\/semmelweis.hu\/szaknyelv\/?p=15149"},"modified":"2025-11-03T14:19:02","modified_gmt":"2025-11-03T13:19:02","slug":"egeszsegtudomanyi-szakfordito-es-tolmacskepzes-indul-ujra-2026-februarjatol","status":"publish","type":"post","link":"https:\/\/semmelweis.hu\/szaknyelv\/2025\/11\/03\/egeszsegtudomanyi-szakfordito-es-tolmacskepzes-indul-ujra-2026-februarjatol\/","title":{"rendered":"Eg\u00e9szs\u00e9gtudom\u00e1nyi szakford\u00edt\u00f3- \u00e9s tolm\u00e1csk\u00e9pz\u00e9s indul \u00daJRA 2026. febru\u00e1rj\u00e1t\u00f3l"},"content":{"rendered":"<p style=\"text-align: justify\"><img loading=\"lazy\" decoding=\"async\" class=\"alignleft size-medium wp-image-15153\" src=\"https:\/\/semmelweis.hu\/szaknyelv\/files\/2025\/11\/TikTok-meret-1080x1920-2-225x400.png\" alt=\"\" width=\"225\" height=\"400\" srcset=\"https:\/\/semmelweis.hu\/szaknyelv\/files\/2025\/11\/TikTok-meret-1080x1920-2-225x400.png 225w, https:\/\/semmelweis.hu\/szaknyelv\/files\/2025\/11\/TikTok-meret-1080x1920-2-576x1024.png 576w, https:\/\/semmelweis.hu\/szaknyelv\/files\/2025\/11\/TikTok-meret-1080x1920-2-768x1365.png 768w, https:\/\/semmelweis.hu\/szaknyelv\/files\/2025\/11\/TikTok-meret-1080x1920-2-864x1536.png 864w, https:\/\/semmelweis.hu\/szaknyelv\/files\/2025\/11\/TikTok-meret-1080x1920-2-753x1339.png 753w, https:\/\/semmelweis.hu\/szaknyelv\/files\/2025\/11\/TikTok-meret-1080x1920-2.png 1080w\" sizes=\"auto, (max-width: 225px) 100vw, 225px\" \/>Kedves \u00c9rdekl\u0151d\u0151k!<\/p>\n<p>2026 febru\u00e1rj\u00e1ban \u00fajra elind\u00edtjuk Eg\u00e9szs\u00e9gtudom\u00e1nyi szakford\u00edt\u00f3- \u00e9s tolm\u00e1csk\u00e9pz\u00e9s\u00fcnket MAGYAR-ANGOL \u00e9s MAGYAR-N\u00c9MET nyelvp\u00e1rban.<\/p>\n<p>A hallgat\u00f3i ig\u00e9nyekre v\u00e1laszolva a kurzusok 80%-\u00e1t ONLINE tartjuk.<br \/>\nA k\u00e9pz\u00e9s sor\u00e1n a hallgat\u00f3k r\u00e9szt vehetnek val\u00f3s ford\u00edt\u00e1si \u00e9s tolm\u00e1csol\u00e1si projektekben.<br \/>\nA g\u00e9pi ford\u00edt\u00e1s ut\u00f3szerkeszt\u00e9s\u00e9t \u00e9s az AI alkalmaz\u00e1s\u00e1nak innovat\u00edv lehet\u0151s\u00e9geit is megismerhetik.<br \/>\n2024 \u0151sze \u00f3ta gyakornoki programmal is t\u00e1mogatjuk v\u00e9gz\u0151s hallgat\u00f3inkat a karrierind\u00edt\u00e1sban.<\/p>\n<p>Mindk\u00e9t k\u00e9pz\u00e9s\u00fcnkre 2026. febru\u00e1r 6-ig lehet jelentkezni itt:<br \/>\n<a class=\"x1fey0fg xmper1u x1edh9d7\" href=\"https:\/\/forms.office.com\/e\/cULx2EpSN4?origin=lprLink\">https:\/\/forms.office.com\/e\/cULx2EpSN4?origin=lprLink<\/a><br \/>\nTov\u00e1bbi inform\u00e1ci\u00f3:<br \/>\n<a class=\"x1fey0fg xmper1u x1edh9d7\" href=\"https:\/\/semmelweis.hu\/szaknyelv\/kepzeseink\/szakfordito-egeszsegtudomanyi-kepzeseink\/\">https:\/\/semmelweis.hu\/szaknyelv\/kepzeseink\/szakfordito-egeszsegtudomanyi-kepzeseink\/<\/a><br \/>\nszakfordito.lsp@semmelweis.hu<br \/>\nV\u00e1runk mindenkit szeretettel!<\/p>\n","protected":false},"excerpt":{"rendered":"<p>Kedves \u00c9rdekl\u0151d\u0151k! 2026 febru\u00e1rj\u00e1ban \u00fajra elind\u00edtjuk Eg\u00e9szs\u00e9gtudom\u00e1nyi szakford\u00edt\u00f3- \u00e9s tolm\u00e1csk\u00e9pz\u00e9s\u00fcnket MAGYAR-ANGOL \u00e9s MAGYAR-N\u00c9MET nyelvp\u00e1rban. A hallgat\u00f3i ig\u00e9nyekre v\u00e1laszolva a kurzusok 80%-\u00e1t ONLINE tartjuk. A k\u00e9pz\u00e9s sor\u00e1n a hallgat\u00f3k r\u00e9szt vehetnek val\u00f3s ford\u00edt\u00e1si \u00e9s tolm\u00e1csol\u00e1si projektekben. A g\u00e9pi ford\u00edt\u00e1s ut\u00f3szerkeszt\u00e9s\u00e9t \u00e9s az AI alkalmaz\u00e1s\u00e1nak innovat\u00edv lehet\u0151s\u00e9geit is megismerhetik. 2024 \u0151sze \u00f3ta gyakornoki programmal is t\u00e1mogatjuk v\u00e9gz\u0151s &hellip;<\/p>\n","protected":false},"author":102166,"featured_media":0,"comment_status":"closed","ping_status":"closed","sticky":false,"template":"","format":"standard","meta":{"_acf_changed":false,"footnotes":""},"categories":[23],"tags":[],"class_list":["post-15149","post","type-post","status-publish","format-standard","hentry","category-hirek"],"acf":[],"_links":{"self":[{"href":"https:\/\/semmelweis.hu\/szaknyelv\/wp-json\/wp\/v2\/posts\/15149","targetHints":{"allow":["GET"]}}],"collection":[{"href":"https:\/\/semmelweis.hu\/szaknyelv\/wp-json\/wp\/v2\/posts"}],"about":[{"href":"https:\/\/semmelweis.hu\/szaknyelv\/wp-json\/wp\/v2\/types\/post"}],"author":[{"embeddable":true,"href":"https:\/\/semmelweis.hu\/szaknyelv\/wp-json\/wp\/v2\/users\/102166"}],"replies":[{"embeddable":true,"href":"https:\/\/semmelweis.hu\/szaknyelv\/wp-json\/wp\/v2\/comments?post=15149"}],"version-history":[{"count":5,"href":"https:\/\/semmelweis.hu\/szaknyelv\/wp-json\/wp\/v2\/posts\/15149\/revisions"}],"predecessor-version":[{"id":15156,"href":"https:\/\/semmelweis.hu\/szaknyelv\/wp-json\/wp\/v2\/posts\/15149\/revisions\/15156"}],"wp:attachment":[{"href":"https:\/\/semmelweis.hu\/szaknyelv\/wp-json\/wp\/v2\/media?parent=15149"}],"wp:term":[{"taxonomy":"category","embeddable":true,"href":"https:\/\/semmelweis.hu\/szaknyelv\/wp-json\/wp\/v2\/categories?post=15149"},{"taxonomy":"post_tag","embeddable":true,"href":"https:\/\/semmelweis.hu\/szaknyelv\/wp-json\/wp\/v2\/tags?post=15149"}],"curies":[{"name":"wp","href":"https:\/\/api.w.org\/{rel}","templated":true}]}}