{"id":14852,"date":"2025-08-26T11:02:51","date_gmt":"2025-08-26T09:02:51","guid":{"rendered":"https:\/\/semmelweis.hu\/szaknyelv\/?p=14852"},"modified":"2025-08-26T11:02:51","modified_gmt":"2025-08-26T09:02:51","slug":"valaszthato-kurzusok-elerese-25-26-1","status":"publish","type":"post","link":"https:\/\/semmelweis.hu\/szaknyelv\/2025\/08\/26\/valaszthato-kurzusok-elerese-25-26-1\/","title":{"rendered":"V\u00e1laszthat\u00f3 kurzusok el\u00e9r\u00e9se 25\/26\/1"},"content":{"rendered":"<p>A Szaknyelvi Int\u00e9zet V\u00c1LASZTHAT\u00d3 kurzusai<span style=\"color: #000000\">,<\/span> a szabadon v\u00e1laszthat\u00f3 regisztr\u00e1ci\u00f3 indul\u00e1sakor jelennek meg a Neptunban,<\/p>\n<p><strong>\u201eMinden int\u00e9zm\u00e9nyi t\u00e1rgy\u201d<\/strong>\u00a0pontban.<\/p>\n<p>Addig is itt tudj\u00e1k megn\u00e9zni a kurzusok\u00a0<strong>id\u0151pontj\u00e1t:<\/strong><br \/>\n<a href=\"https:\/\/semmelweis.hu\/szaknyelv\/magyar-hallgatok-szamara-felveheto-kurzusok-25_26_1\/\">https:\/\/semmelweis.hu\/szaknyelv\/magyar-hallgatok-szamara-felveheto-kurzusok-25_26_1\/<\/a><br \/>\nK\u00e9rj\u00fck, terjessz\u00e9k ezt a linket a hallgat\u00f3i csoportjaikban!<\/p>\n","protected":false},"excerpt":{"rendered":"<p>A Szaknyelvi Int\u00e9zet V\u00c1LASZTHAT\u00d3 kurzusai, a szabadon v\u00e1laszthat\u00f3 regisztr\u00e1ci\u00f3 indul\u00e1sakor jelennek meg a Neptunban,<br \/>\n\u201eMinden int\u00e9zm\u00e9nyi t\u00e1rgy\u201d\u00a0pontban.<br \/>\nAddig is itt tudj\u00e1k megn\u00e9zni a kurzusok\u00a0id\u0151pontj\u00e1t:<br \/>\n<a href=\"https:\/\/semmelweis.hu\/szaknyelv\/magyar-hallgatok-szamara-felveheto-kurzusok-25_26_1\/\">https:\/\/semmelweis.hu\/szaknyelv\/magyar-hallgatok-szamara-felveheto-kurzusok-25_26_1\/<\/a><br \/>\nK\u00e9rj\u00fck, terjessz\u00e9k ezt a linket a hallgat\u00f3i csoportjaikban!<\/p>\n","protected":false},"author":102166,"featured_media":0,"comment_status":"closed","ping_status":"closed","sticky":false,"template":"","format":"standard","meta":{"_acf_changed":false,"footnotes":""},"categories":[23],"tags":[],"class_list":["post-14852","post","type-post","status-publish","format-standard","hentry","category-hirek"],"acf":[],"_links":{"self":[{"href":"https:\/\/semmelweis.hu\/szaknyelv\/wp-json\/wp\/v2\/posts\/14852","targetHints":{"allow":["GET"]}}],"collection":[{"href":"https:\/\/semmelweis.hu\/szaknyelv\/wp-json\/wp\/v2\/posts"}],"about":[{"href":"https:\/\/semmelweis.hu\/szaknyelv\/wp-json\/wp\/v2\/types\/post"}],"author":[{"embeddable":true,"href":"https:\/\/semmelweis.hu\/szaknyelv\/wp-json\/wp\/v2\/users\/102166"}],"replies":[{"embeddable":true,"href":"https:\/\/semmelweis.hu\/szaknyelv\/wp-json\/wp\/v2\/comments?post=14852"}],"version-history":[{"count":1,"href":"https:\/\/semmelweis.hu\/szaknyelv\/wp-json\/wp\/v2\/posts\/14852\/revisions"}],"predecessor-version":[{"id":14853,"href":"https:\/\/semmelweis.hu\/szaknyelv\/wp-json\/wp\/v2\/posts\/14852\/revisions\/14853"}],"wp:attachment":[{"href":"https:\/\/semmelweis.hu\/szaknyelv\/wp-json\/wp\/v2\/media?parent=14852"}],"wp:term":[{"taxonomy":"category","embeddable":true,"href":"https:\/\/semmelweis.hu\/szaknyelv\/wp-json\/wp\/v2\/categories?post=14852"},{"taxonomy":"post_tag","embeddable":true,"href":"https:\/\/semmelweis.hu\/szaknyelv\/wp-json\/wp\/v2\/tags?post=14852"}],"curies":[{"name":"wp","href":"https:\/\/api.w.org\/{rel}","templated":true}]}}