{"id":14532,"date":"2025-07-10T17:09:53","date_gmt":"2025-07-10T15:09:53","guid":{"rendered":"https:\/\/semmelweis.hu\/szaknyelv\/?p=14532"},"modified":"2025-07-11T09:41:25","modified_gmt":"2025-07-11T07:41:25","slug":"telc-b2-vizsgafelkeszito-tanfolyam-nemet","status":"publish","type":"post","link":"https:\/\/semmelweis.hu\/szaknyelv\/2025\/07\/10\/telc-b2-vizsgafelkeszito-tanfolyam-nemet\/","title":{"rendered":"telc B2 vizsgafelk\u00e9sz\u00edt\u0151 tanfolyam (n\u00e9met)"},"content":{"rendered":"<p>A Semmelweis Egyetem Szaknyelvi Int\u00e9zete <strong>telc B2<\/strong> vizsgafelk\u00e9sz\u00edt\u0151 tanfolyamot ind\u00edt N\u00c9MET nyelven\u00a0<\/p>\n<p><strong>K\u00f6vetkez\u0151 vizsga<\/strong><br \/>\n&#8211; B2 szint<br \/>\n&#8211; d\u00e1tum: 2025. augusztus 30.<br \/>\n&#8211; regisztr\u00e1ci\u00f3s hat\u00e1rid\u0151: 2025. j\u00falius 29.<br \/>\n&#8211; tov\u00e1bbi vizsga inf\u00f3: <br \/>\n<a class=\"x1fey0fg xmper1u x1edh9d7\" href=\"https:\/\/telc.hu\/?srsltid=AfmBOopCb8NX7SQaZPFgX4tcuY7oFJ6EocfMjY5ofoBFRj9UeyHU3pLv\">https:\/\/telc.hu\/?srsltid=AfmBOopCb8NX7SQaZPFgX4tcuY7oFJ6EocfMjY5ofoBFRj9UeyHU3pLv<\/a><\/p>\n<p><strong>Vizsgafelk\u00e9sz\u00edt\u0151 tanfolyam (sz\u00f3beli \u00e9s \u00edr\u00e1sbeli)<\/strong><br \/>\n&#8211; 30 alkalom, 3&#215;45 perc\/nap, <br \/>\n&#8211; 2025. j\u00falius 23. &#8211; augusztus 27. k\u00f6z\u00f6tt,<br \/>\n&#8211; minden h\u00e9tf\u0151n \u00e9s szerd\u00e1n 17.00-19.15,<br \/>\n&#8211; bel\u00e9p\u00e9si szint: B1<br \/>\n&#8211; helysz\u00edn: City Corner \u00e9p\u00fclet, 1091 Budapest \u00dcll\u0151i \u00fat 25.<br \/>\n&#8211; tanfolyam d\u00edja: 64.800 Ft,* <br \/>\n&#8211; regisztr\u00e1ci\u00f3s \u00e9s befizet\u00e9si hat\u00e1rid\u0151: 2025. j\u00falius 21.<\/p>\n<p><strong>Tanfolyam regisztr\u00e1ci\u00f3 itt:<\/strong> <br \/>\n<a class=\"x1fey0fg xmper1u x1edh9d7\" href=\"https:\/\/forms.office.com\/e\/Las2DdWKYQ?origin=lprLink\">https:\/\/forms.office.com\/e\/Las2DdWKYQ?origin=lprLink<\/a><\/p>\n<p><strong>El\u00e9rhet\u0151s\u00e9g: lsp@semmelweis.hu<\/strong><br \/>\n*20% kedvezm\u00e9ny Semmelweis polg\u00e1rok r\u00e9sz\u00e9re<br \/>\n*10% kedvezm\u00e9ny Semmelweis Alumni tagoknak<\/p>\n<p><img loading=\"lazy\" decoding=\"async\" class=\"aligncenter wp-image-14534 size-large\" src=\"https:\/\/semmelweis.hu\/szaknyelv\/files\/2025\/07\/telc-alt.-nemet-25-julius-HUN-2-576x1024.png\" alt=\"\" width=\"576\" height=\"1024\" srcset=\"https:\/\/semmelweis.hu\/szaknyelv\/files\/2025\/07\/telc-alt.-nemet-25-julius-HUN-2-576x1024.png 576w, https:\/\/semmelweis.hu\/szaknyelv\/files\/2025\/07\/telc-alt.-nemet-25-julius-HUN-2-225x400.png 225w, https:\/\/semmelweis.hu\/szaknyelv\/files\/2025\/07\/telc-alt.-nemet-25-julius-HUN-2-768x1365.png 768w, https:\/\/semmelweis.hu\/szaknyelv\/files\/2025\/07\/telc-alt.-nemet-25-julius-HUN-2-864x1536.png 864w, https:\/\/semmelweis.hu\/szaknyelv\/files\/2025\/07\/telc-alt.-nemet-25-julius-HUN-2-753x1339.png 753w, https:\/\/semmelweis.hu\/szaknyelv\/files\/2025\/07\/telc-alt.-nemet-25-julius-HUN-2.png 1080w\" sizes=\"auto, (max-width: 576px) 100vw, 576px\" \/><\/p>\n","protected":false},"excerpt":{"rendered":"<p>A Semmelweis Egyetem Szaknyelvi Int\u00e9zete telc B2 vizsgafelk\u00e9sz\u00edt\u0151 tanfolyamot ind\u00edt N\u00c9MET nyelven\u00a0 K\u00f6vetkez\u0151 vizsga &#8211; B2 szint &#8211; d\u00e1tum: 2025. augusztus 30. &#8211; regisztr\u00e1ci\u00f3s hat\u00e1rid\u0151: 2025. j\u00falius 29. &#8211; tov\u00e1bbi vizsga inf\u00f3: <a class=\"x1fey0fg xmper1u x1edh9d7\" href=\"https:\/\/telc.hu\/?srsltid=AfmBOopCb8NX7SQaZPFgX4tcuY7oFJ6EocfMjY5ofoBFRj9UeyHU3pLv\">https:\/\/telc.hu\/?srsltid=AfmBOopCb8NX7SQaZPFgX4tcuY7oFJ6EocfMjY5ofoBFRj9UeyHU3pLv<\/a> Vizsgafelk\u00e9sz\u00edt\u0151 tanfolyam (sz\u00f3beli \u00e9s \u00edr\u00e1sbeli) &#8211; 30 alkalom, 3&#215;45 perc\/nap, &#8211; 2025. j\u00falius 23. &#8211; augusztus 27. k\u00f6z\u00f6tt, &#8211; minden h\u00e9tf\u0151n \u00e9s szerd\u00e1n &hellip;<\/p>\n","protected":false},"author":102166,"featured_media":0,"comment_status":"closed","ping_status":"closed","sticky":false,"template":"","format":"standard","meta":{"_acf_changed":false,"footnotes":""},"categories":[23],"tags":[],"class_list":["post-14532","post","type-post","status-publish","format-standard","hentry","category-hirek"],"acf":[],"_links":{"self":[{"href":"https:\/\/semmelweis.hu\/szaknyelv\/wp-json\/wp\/v2\/posts\/14532","targetHints":{"allow":["GET"]}}],"collection":[{"href":"https:\/\/semmelweis.hu\/szaknyelv\/wp-json\/wp\/v2\/posts"}],"about":[{"href":"https:\/\/semmelweis.hu\/szaknyelv\/wp-json\/wp\/v2\/types\/post"}],"author":[{"embeddable":true,"href":"https:\/\/semmelweis.hu\/szaknyelv\/wp-json\/wp\/v2\/users\/102166"}],"replies":[{"embeddable":true,"href":"https:\/\/semmelweis.hu\/szaknyelv\/wp-json\/wp\/v2\/comments?post=14532"}],"version-history":[{"count":3,"href":"https:\/\/semmelweis.hu\/szaknyelv\/wp-json\/wp\/v2\/posts\/14532\/revisions"}],"predecessor-version":[{"id":14537,"href":"https:\/\/semmelweis.hu\/szaknyelv\/wp-json\/wp\/v2\/posts\/14532\/revisions\/14537"}],"wp:attachment":[{"href":"https:\/\/semmelweis.hu\/szaknyelv\/wp-json\/wp\/v2\/media?parent=14532"}],"wp:term":[{"taxonomy":"category","embeddable":true,"href":"https:\/\/semmelweis.hu\/szaknyelv\/wp-json\/wp\/v2\/categories?post=14532"},{"taxonomy":"post_tag","embeddable":true,"href":"https:\/\/semmelweis.hu\/szaknyelv\/wp-json\/wp\/v2\/tags?post=14532"}],"curies":[{"name":"wp","href":"https:\/\/api.w.org\/{rel}","templated":true}]}}