{"id":14474,"date":"2025-06-30T11:57:01","date_gmt":"2025-06-30T09:57:01","guid":{"rendered":"https:\/\/semmelweis.hu\/szaknyelv\/?p=14474"},"modified":"2025-07-01T10:43:23","modified_gmt":"2025-07-01T08:43:23","slug":"2025-nyari-tanfolyamkinalat","status":"publish","type":"post","link":"https:\/\/semmelweis.hu\/szaknyelv\/2025\/06\/30\/2025-nyari-tanfolyamkinalat\/","title":{"rendered":"2025. ny\u00e1ri tanfolyamk\u00edn\u00e1lat"},"content":{"rendered":"<p style=\"text-align: center\">A Semmelweis Egyetem Szaknyelvi Int\u00e9zete az al\u00e1bbi \u00e1ltal\u00e1nos \u00e9s szaknyelvi ny\u00e1ri nyelvtanfolyamokra v\u00e1rja a kedves \u00e9rdekl\u0151d\u0151ket:<\/p>\n<p><img loading=\"lazy\" decoding=\"async\" class=\"alignleft wp-image-14507 size-medium\" src=\"https:\/\/semmelweis.hu\/szaknyelv\/files\/2025\/06\/2025.-nyari-tanfolyamkinalat-2-HUN-283x400.png\" alt=\"\" width=\"283\" height=\"400\" srcset=\"https:\/\/semmelweis.hu\/szaknyelv\/files\/2025\/06\/2025.-nyari-tanfolyamkinalat-2-HUN-283x400.png 283w, https:\/\/semmelweis.hu\/szaknyelv\/files\/2025\/06\/2025.-nyari-tanfolyamkinalat-2-HUN-724x1024.png 724w, https:\/\/semmelweis.hu\/szaknyelv\/files\/2025\/06\/2025.-nyari-tanfolyamkinalat-2-HUN-768x1086.png 768w, https:\/\/semmelweis.hu\/szaknyelv\/files\/2025\/06\/2025.-nyari-tanfolyamkinalat-2-HUN-1086x1536.png 1086w, https:\/\/semmelweis.hu\/szaknyelv\/files\/2025\/06\/2025.-nyari-tanfolyamkinalat-2-HUN-1448x2048.png 1448w, https:\/\/semmelweis.hu\/szaknyelv\/files\/2025\/06\/2025.-nyari-tanfolyamkinalat-2-HUN-753x1065.png 753w, https:\/\/semmelweis.hu\/szaknyelv\/files\/2025\/06\/2025.-nyari-tanfolyamkinalat-2-HUN.png 1587w\" sizes=\"auto, (max-width: 283px) 100vw, 283px\" \/><\/p>\n<p>&nbsp;<\/p>\n<p><a href=\"https:\/\/forms.office.com\/e\/gfT5nN1tXy?origin=lprLink\"><span class=\"OYPEnA font-feature-liga-off font-feature-clig-off font-feature-calt-off text-decoration-none text-strikethrough-none\">Besz\u00e9dk\u00f6zpont\u00fa online angol tanfolyam (40 alkalom, 2025.07.15-t\u0151l)<\/span><\/a><\/p>\n<p><a href=\"https:\/\/forms.office.com\/e\/VNmg6tXYBa?origin=lprLink\"><span class=\"OYPEnA font-feature-liga-off font-feature-clig-off font-feature-calt-off text-decoration-none text-strikethrough-none\">Online n\u00e9met szaknyelvi tanfolyam fogorvosoknak<\/span>\u00a0<span class=\"OYPEnA font-feature-liga-off font-feature-clig-off font-feature-calt-off text-decoration-none text-strikethrough-none\">(20 alkalom, 2025.07.15-t\u0151l)<\/span><\/a><\/p>\n<p><a href=\"https:\/\/forms.office.com\/e\/un8W1ntzbr?origin=lprLink\"><span class=\"OYPEnA font-feature-liga-off font-feature-clig-off font-feature-calt-off text-decoration-none text-strikethrough-none\">Online olasz eg\u00e9szs\u00e9g\u00fcgyi szaknyelv<\/span>\u00a0<span class=\"OYPEnA font-feature-liga-off font-feature-clig-off font-feature-calt-off text-decoration-none text-strikethrough-none\">(30 alkalom, 2025.08.05-t\u0151l)<\/span><\/a><\/p>\n<p><a href=\"https:\/\/forms.office.com\/e\/aXrXzWyLwS?origin=lprLink\"><span class=\"OYPEnA font-feature-liga-off font-feature-clig-off font-feature-calt-off text-decoration-none text-strikethrough-none\">Spanyol szaknyelvi csoportos online tanfolyam<\/span>\u00a0<span class=\"OYPEnA font-feature-liga-off font-feature-clig-off font-feature-calt-off text-decoration-none text-strikethrough-none\">(30 alkalom, 2025.07.08-t\u00f3l)<\/span><\/a><\/p>\n","protected":false},"excerpt":{"rendered":"<p>A Semmelweis Egyetem Szaknyelvi Int\u00e9zete az al\u00e1bbi \u00e1ltal\u00e1nos \u00e9s szaknyelvi ny\u00e1ri nyelvtanfolyamokra v\u00e1rja a kedves \u00e9rdekl\u0151d\u0151ket:<\/p>\n<p>&nbsp;<br \/>\n<a href=\"https:\/\/forms.office.com\/e\/gfT5nN1tXy?origin=lprLink\">Besz\u00e9dk\u00f6zpont\u00fa online angol tanfolyam (40 alkalom, 2025.07.15-t\u0151l)<\/a><br \/>\n<a href=\"https:\/\/forms.office.com\/e\/VNmg6tXYBa?origin=lprLink\">Online n\u00e9met szaknyelvi tanfolyam fogorvosoknak\u00a0(20 alkalom, 2025.07.15-t\u0151l)<\/a><br \/>\n<a href=\"https:\/\/forms.office.com\/e\/un8W1ntzbr?origin=lprLink\">Online olasz eg\u00e9szs\u00e9g\u00fcgyi szaknyelv\u00a0(30 alkalom, 2025.08.05-t\u0151l)<\/a><br \/>\n<a href=\"https:\/\/forms.office.com\/e\/aXrXzWyLwS?origin=lprLink\">Spanyol szaknyelvi csoportos online tanfolyam\u00a0(30 alkalom, 2025.07.08-t\u00f3l)<\/a><\/p>\n","protected":false},"author":102166,"featured_media":0,"comment_status":"closed","ping_status":"closed","sticky":false,"template":"","format":"standard","meta":{"_acf_changed":false,"footnotes":""},"categories":[23],"tags":[],"class_list":["post-14474","post","type-post","status-publish","format-standard","hentry","category-hirek"],"acf":[],"_links":{"self":[{"href":"https:\/\/semmelweis.hu\/szaknyelv\/wp-json\/wp\/v2\/posts\/14474","targetHints":{"allow":["GET"]}}],"collection":[{"href":"https:\/\/semmelweis.hu\/szaknyelv\/wp-json\/wp\/v2\/posts"}],"about":[{"href":"https:\/\/semmelweis.hu\/szaknyelv\/wp-json\/wp\/v2\/types\/post"}],"author":[{"embeddable":true,"href":"https:\/\/semmelweis.hu\/szaknyelv\/wp-json\/wp\/v2\/users\/102166"}],"replies":[{"embeddable":true,"href":"https:\/\/semmelweis.hu\/szaknyelv\/wp-json\/wp\/v2\/comments?post=14474"}],"version-history":[{"count":7,"href":"https:\/\/semmelweis.hu\/szaknyelv\/wp-json\/wp\/v2\/posts\/14474\/revisions"}],"predecessor-version":[{"id":14508,"href":"https:\/\/semmelweis.hu\/szaknyelv\/wp-json\/wp\/v2\/posts\/14474\/revisions\/14508"}],"wp:attachment":[{"href":"https:\/\/semmelweis.hu\/szaknyelv\/wp-json\/wp\/v2\/media?parent=14474"}],"wp:term":[{"taxonomy":"category","embeddable":true,"href":"https:\/\/semmelweis.hu\/szaknyelv\/wp-json\/wp\/v2\/categories?post=14474"},{"taxonomy":"post_tag","embeddable":true,"href":"https:\/\/semmelweis.hu\/szaknyelv\/wp-json\/wp\/v2\/tags?post=14474"}],"curies":[{"name":"wp","href":"https:\/\/api.w.org\/{rel}","templated":true}]}}