{"id":14151,"date":"2025-02-19T13:37:10","date_gmt":"2025-02-19T12:37:10","guid":{"rendered":"https:\/\/semmelweis.hu\/szaknyelv\/?p=14151"},"modified":"2025-02-27T09:20:12","modified_gmt":"2025-02-27T08:20:12","slug":"manye-terminologiai-szakosztalyi-ules","status":"publish","type":"post","link":"https:\/\/semmelweis.hu\/szaknyelv\/2025\/02\/19\/manye-terminologiai-szakosztalyi-ules\/","title":{"rendered":"MANYE terminol\u00f3giai szakoszt\u00e1lyi \u00fcl\u00e9s"},"content":{"rendered":"<div class=\"html-div xdj266r x11i5rnm xat24cr x1mh8g0r xexx8yu x4uap5 x18d9i69 xkhd6sd\" dir=\"auto\">\n<div class=\"html-div xdj266r x11i5rnm xat24cr x1mh8g0r xexx8yu x4uap5 x18d9i69 xkhd6sd\" data-ad-rendering-role=\"story_message\">\n<div id=\":R2lataql9laillkqismipapd5aqH2:\" class=\"x1l90r2v x1iorvi4 x1ye3gou xn6708d\" data-ad-comet-preview=\"message\" data-ad-preview=\"message\">\n<div class=\"x78zum5 xdt5ytf xz62fqu x16ldp7u\">\n<div class=\"xu06os2 x1ok221b\">\n<div class=\"xdj266r x11i5rnm xat24cr x1mh8g0r x1vvkbs x126k92a\">\n<div dir=\"auto\"><span style=\"font-size: 14pt\">Kedves Koll\u00e9g\u00e1k!<\/span><\/div>\n<div dir=\"auto\" style=\"text-align: justify\">\u00a0<\/div>\n<\/div>\n<div class=\"x11i5rnm xat24cr x1mh8g0r x1vvkbs xtlvy1s x126k92a\" style=\"text-align: justify\">\n<div dir=\"auto\"><span style=\"font-size: 14pt\">A MANYE Terminol\u00f3giai Szakoszt\u00e1lya a Semmelweis Egyetem Szaknyelvi Int\u00e9zet\u00e9vel egy\u00fcttm\u0171k\u00f6d\u00e9sben szakmai programmal egybek\u00f6t\u00f6tt tiszt\u00faj\u00edt\u00f3 \u00fcl\u00e9st szervez, melynek c\u00edme:<\/span><\/div>\n<div dir=\"auto\"><span style=\"font-size: 14pt\"><em>Besz\u00e9lget\u00e9s a harmoniz\u00e1ci\u00f3s tev\u00e9kenys\u00e9g fontoss\u00e1g\u00e1r\u00f3l: Ember\u00f6l\u00e9si k\u00eds\u00e9rlet vagy testi s\u00e9rt\u00e9s? <br \/>\nA terminol\u00f3gia szerepe s\u00e9r\u00fcl\u00e9sek bizony\u00edthat\u00f3s\u00e1g\u00e1ban a b\u00fcntet\u0151b\u00edr\u00f3s\u00e1gon<\/em><\/span><\/div>\n<div dir=\"auto\">\u00a0<\/div>\n<\/div>\n<div class=\"x11i5rnm xat24cr x1mh8g0r x1vvkbs xtlvy1s x126k92a\" style=\"text-align: justify\">\n<div dir=\"auto\"><span style=\"font-size: 14pt\"><strong>Id\u0151pont:<\/strong> 2025.03.07-\u00e9n, 14 \u00f3r\u00e1t\u00f3l<\/span><\/div>\n<div dir=\"auto\"><span style=\"font-size: 14pt\"><span style=\"font-size: 14pt\"><strong>Helysz\u00edn: <\/strong><\/span><\/span>Semmelweis Egyetem, City Corner \u00e9p\u00fclet,<\/p>\n<div dir=\"auto\">1091 Budapest \u00dcll\u0151i \u00fat 25. III. emelet 320-as terem<\/div>\n<\/div>\n<div dir=\"auto\">\u00a0<\/div>\n<\/div>\n<div class=\"x11i5rnm xat24cr x1mh8g0r x1vvkbs xtlvy1s x126k92a\" style=\"text-align: justify\">\n<div dir=\"auto\"><span style=\"font-size: 14pt\">A 14 \u00f3rakor kezd\u0151d\u0151 \u00fcl\u00e9s jelenl\u00e9ti form\u00e1ban ker\u00fcl megrendez\u00e9sre (MANYE tagok megh\u00edv\u00f3t kapnak), a 15 \u00f3rakor kezd\u0151d\u0151 szakmai esem\u00e9ny pedig hibrid form\u00e1ban zajlik, \u00e9s minden \u00e9rdekl\u0151d\u0151 sz\u00e1m\u00e1ra nyitott (programr\u00e9szletek a flyeren).<\/span><\/div>\n<\/div>\n<div class=\"x11i5rnm xat24cr x1mh8g0r x1vvkbs xtlvy1s x126k92a\" style=\"text-align: justify\">\n<div dir=\"auto\"><span style=\"font-size: 14pt\">A szakmai esem\u00e9nyen sz\u00edvesen l\u00e1tjuk azokat a koll\u00e9g\u00e1kat is, akik nem tagjai a MANYE Terminol\u00f3giai Szakoszt\u00e1ly\u00e1nak, de \u00e9rdekl\u0151dnek a szakoszt\u00e1ly munk\u00e1ja ir\u00e1nt, \u00e9s szeretn\u00e9nek bel\u00e9pni.<\/span><\/div>\n<div dir=\"auto\"><span style=\"font-size: 14pt\">A szakoszt\u00e1lyi tags\u00e1gnak el\u0151felt\u00e9tele a MANYE-tags\u00e1g.<\/span><\/div>\n<\/div>\n<div class=\"x11i5rnm xat24cr x1mh8g0r x1vvkbs xtlvy1s x126k92a\" style=\"text-align: justify\">\n<div dir=\"auto\">\u00a0<\/div>\n<div dir=\"auto\"><span style=\"font-size: 14pt\">A szakmai esem\u00e9nyen val\u00f3 r\u00e9szv\u00e9tel ingyenes, de regisztr\u00e1ci\u00f3hoz k\u00f6t\u00f6tt. <\/span><br \/>\n<span style=\"font-size: 14pt\">Regisztr\u00e1lni az al\u00e1bbi linken lehet 2025. m\u00e1rcius 3-ig:<\/span><\/div>\n<div dir=\"auto\"><span style=\"font-size: 14pt\"><span class=\"html-span xdj266r x11i5rnm xat24cr x1mh8g0r xexx8yu x4uap5 x18d9i69 xkhd6sd x1hl2dhg x16tdsg8 x1vvkbs\"><a class=\"x1i10hfl xjbqb8w x1ejq31n xd10rxx x1sy0etr x17r0tee x972fbf xcfux6l x1qhh985 xm0m39n x9f619 x1ypdohk xt0psk2 xe8uvvx xdj266r x11i5rnm xat24cr x1mh8g0r xexx8yu x4uap5 x18d9i69 xkhd6sd x16tdsg8 x1hl2dhg xggy1nq x1a2a7pz x1sur9pj xkrqix3 x1fey0fg x1s688f\" href=\"https:\/\/forms.gle\/VwY9JGXyT7MZXB3WA?fbclid=IwZXh0bgNhZW0CMTAAAR2E5q7la_ts_LGQ9_kEdbxIZf5sYF-HsRaAd_8_VQaYfkgriACskuA15uA_aem_uH_3teQS-q_Kvegc86yFCw\" target=\"_blank\" rel=\"nofollow noopener noreferrer\">https:\/\/forms.gle\/VwY9JGXyT7MZXB3WA<\/a><\/span><\/span><\/div>\n<\/div>\n<div class=\"x11i5rnm xat24cr x1mh8g0r x1vvkbs xtlvy1s x126k92a\">\n<div dir=\"auto\" style=\"text-align: justify\"><span style=\"font-size: 14pt\">Az online r\u00e9sztvev\u0151knek az esem\u00e9ny el\u0151tt bel\u00e9p\u00e9si linket k\u00fcld\u00fcnk.<\/span><\/div>\n<div dir=\"auto\"><img loading=\"lazy\" decoding=\"async\" class=\"aligncenter wp-image-14218 size-large\" src=\"https:\/\/semmelweis.hu\/szaknyelv\/files\/2025\/02\/MANYE-Semmelweis-1-724x1024.png\" alt=\"\" width=\"724\" height=\"1024\" srcset=\"https:\/\/semmelweis.hu\/szaknyelv\/files\/2025\/02\/MANYE-Semmelweis-1-724x1024.png 724w, https:\/\/semmelweis.hu\/szaknyelv\/files\/2025\/02\/MANYE-Semmelweis-1-283x400.png 283w, https:\/\/semmelweis.hu\/szaknyelv\/files\/2025\/02\/MANYE-Semmelweis-1-768x1086.png 768w, https:\/\/semmelweis.hu\/szaknyelv\/files\/2025\/02\/MANYE-Semmelweis-1-1086x1536.png 1086w, https:\/\/semmelweis.hu\/szaknyelv\/files\/2025\/02\/MANYE-Semmelweis-1-753x1065.png 753w, https:\/\/semmelweis.hu\/szaknyelv\/files\/2025\/02\/MANYE-Semmelweis-1.png 1414w\" sizes=\"auto, (max-width: 724px) 100vw, 724px\" \/><\/div>\n<\/div>\n<\/div>\n<\/div>\n<\/div>\n<\/div>\n<\/div>\n","protected":false},"excerpt":{"rendered":"<p>Kedves Koll\u00e9g\u00e1k! \u00a0 A MANYE Terminol\u00f3giai Szakoszt\u00e1lya a Semmelweis Egyetem Szaknyelvi Int\u00e9zet\u00e9vel egy\u00fcttm\u0171k\u00f6d\u00e9sben szakmai programmal egybek\u00f6t\u00f6tt tiszt\u00faj\u00edt\u00f3 \u00fcl\u00e9st szervez, melynek c\u00edme: Besz\u00e9lget\u00e9s a harmoniz\u00e1ci\u00f3s tev\u00e9kenys\u00e9g fontoss\u00e1g\u00e1r\u00f3l: Ember\u00f6l\u00e9si k\u00eds\u00e9rlet vagy testi s\u00e9rt\u00e9s? A terminol\u00f3gia szerepe s\u00e9r\u00fcl\u00e9sek bizony\u00edthat\u00f3s\u00e1g\u00e1ban a b\u00fcntet\u0151b\u00edr\u00f3s\u00e1gon \u00a0 Id\u0151pont: 2025.03.07-\u00e9n, 14 \u00f3r\u00e1t\u00f3l Helysz\u00edn: Semmelweis Egyetem, City Corner \u00e9p\u00fclet, 1091 Budapest \u00dcll\u0151i \u00fat 25. III. &hellip;<\/p>\n","protected":false},"author":102166,"featured_media":0,"comment_status":"closed","ping_status":"closed","sticky":false,"template":"","format":"standard","meta":{"_acf_changed":false,"footnotes":""},"categories":[23],"tags":[],"class_list":["post-14151","post","type-post","status-publish","format-standard","hentry","category-hirek"],"acf":[],"_links":{"self":[{"href":"https:\/\/semmelweis.hu\/szaknyelv\/wp-json\/wp\/v2\/posts\/14151","targetHints":{"allow":["GET"]}}],"collection":[{"href":"https:\/\/semmelweis.hu\/szaknyelv\/wp-json\/wp\/v2\/posts"}],"about":[{"href":"https:\/\/semmelweis.hu\/szaknyelv\/wp-json\/wp\/v2\/types\/post"}],"author":[{"embeddable":true,"href":"https:\/\/semmelweis.hu\/szaknyelv\/wp-json\/wp\/v2\/users\/102166"}],"replies":[{"embeddable":true,"href":"https:\/\/semmelweis.hu\/szaknyelv\/wp-json\/wp\/v2\/comments?post=14151"}],"version-history":[{"count":10,"href":"https:\/\/semmelweis.hu\/szaknyelv\/wp-json\/wp\/v2\/posts\/14151\/revisions"}],"predecessor-version":[{"id":14220,"href":"https:\/\/semmelweis.hu\/szaknyelv\/wp-json\/wp\/v2\/posts\/14151\/revisions\/14220"}],"wp:attachment":[{"href":"https:\/\/semmelweis.hu\/szaknyelv\/wp-json\/wp\/v2\/media?parent=14151"}],"wp:term":[{"taxonomy":"category","embeddable":true,"href":"https:\/\/semmelweis.hu\/szaknyelv\/wp-json\/wp\/v2\/categories?post=14151"},{"taxonomy":"post_tag","embeddable":true,"href":"https:\/\/semmelweis.hu\/szaknyelv\/wp-json\/wp\/v2\/tags?post=14151"}],"curies":[{"name":"wp","href":"https:\/\/api.w.org\/{rel}","templated":true}]}}