{"id":13958,"date":"2025-02-06T10:54:39","date_gmt":"2025-02-06T09:54:39","guid":{"rendered":"https:\/\/semmelweis.hu\/szaknyelv\/?p=13958"},"modified":"2025-02-06T10:57:05","modified_gmt":"2025-02-06T09:57:05","slug":"valaszthato-kurzusok-elerese","status":"publish","type":"post","link":"https:\/\/semmelweis.hu\/szaknyelv\/2025\/02\/06\/valaszthato-kurzusok-elerese\/","title":{"rendered":"V\u00e1laszthat\u00f3 kurzusok el\u00e9r\u00e9se!"},"content":{"rendered":"<p style=\"text-align: justify\">A Szaknyelvi Int\u00e9zet V\u00c1LASZTHAT\u00d3 kurzusai p\u00e9nteken (2025.02.07.), a szabadon v\u00e1laszthat\u00f3 regisztr\u00e1ci\u00f3 indul\u00e1sakor jelennek meg a Neptunban,<\/p>\n<p style=\"text-align: justify\"><strong>&#8222;Minden int\u00e9zm\u00e9nyi t\u00e1rgy&#8221;<\/strong> pontban. <\/p>\n<p>Addig is itt tudj\u00e1k megn\u00e9zni a kurzusok <strong>id\u0151pontj\u00e1t:<\/strong><br \/>\n<a class=\"x1fey0fg xmper1u x1edh9d7\" href=\"https:\/\/semmelweis.hu\/szaknyelv\/magyar-hallgatok-szamara-felveheto-kurzusok\/\">https:\/\/semmelweis.hu\/szaknyelv\/magyar-hallgatok-szamara-felveheto-kurzusok\/<\/a><br \/>\nK\u00e9rj\u00fck, terjessz\u00e9k ezt a linket a hallgat\u00f3i csoportjaikban!<\/p>\n","protected":false},"excerpt":{"rendered":"<p>A Szaknyelvi Int\u00e9zet V\u00c1LASZTHAT\u00d3 kurzusai p\u00e9nteken (2025.02.07.), a szabadon v\u00e1laszthat\u00f3 regisztr\u00e1ci\u00f3 indul\u00e1sakor jelennek meg a Neptunban,<br \/>\n&#8222;Minden int\u00e9zm\u00e9nyi t\u00e1rgy&#8221; pontban.<br \/>\nAddig is itt tudj\u00e1k megn\u00e9zni a kurzusok id\u0151pontj\u00e1t:<br \/>\n<a class=\"x1fey0fg xmper1u x1edh9d7\" href=\"https:\/\/semmelweis.hu\/szaknyelv\/magyar-hallgatok-szamara-felveheto-kurzusok\/\">https:\/\/semmelweis.hu\/szaknyelv\/magyar-hallgatok-szamara-felveheto-kurzusok\/<\/a><br \/>\nK\u00e9rj\u00fck, terjessz\u00e9k ezt a linket a hallgat\u00f3i csoportjaikban!<\/p>\n","protected":false},"author":102166,"featured_media":0,"comment_status":"closed","ping_status":"closed","sticky":false,"template":"","format":"standard","meta":{"_acf_changed":false,"footnotes":""},"categories":[23],"tags":[],"class_list":["post-13958","post","type-post","status-publish","format-standard","hentry","category-hirek"],"acf":[],"_links":{"self":[{"href":"https:\/\/semmelweis.hu\/szaknyelv\/wp-json\/wp\/v2\/posts\/13958","targetHints":{"allow":["GET"]}}],"collection":[{"href":"https:\/\/semmelweis.hu\/szaknyelv\/wp-json\/wp\/v2\/posts"}],"about":[{"href":"https:\/\/semmelweis.hu\/szaknyelv\/wp-json\/wp\/v2\/types\/post"}],"author":[{"embeddable":true,"href":"https:\/\/semmelweis.hu\/szaknyelv\/wp-json\/wp\/v2\/users\/102166"}],"replies":[{"embeddable":true,"href":"https:\/\/semmelweis.hu\/szaknyelv\/wp-json\/wp\/v2\/comments?post=13958"}],"version-history":[{"count":3,"href":"https:\/\/semmelweis.hu\/szaknyelv\/wp-json\/wp\/v2\/posts\/13958\/revisions"}],"predecessor-version":[{"id":13965,"href":"https:\/\/semmelweis.hu\/szaknyelv\/wp-json\/wp\/v2\/posts\/13958\/revisions\/13965"}],"wp:attachment":[{"href":"https:\/\/semmelweis.hu\/szaknyelv\/wp-json\/wp\/v2\/media?parent=13958"}],"wp:term":[{"taxonomy":"category","embeddable":true,"href":"https:\/\/semmelweis.hu\/szaknyelv\/wp-json\/wp\/v2\/categories?post=13958"},{"taxonomy":"post_tag","embeddable":true,"href":"https:\/\/semmelweis.hu\/szaknyelv\/wp-json\/wp\/v2\/tags?post=13958"}],"curies":[{"name":"wp","href":"https:\/\/api.w.org\/{rel}","templated":true}]}}