{"id":13632,"date":"2024-12-04T13:50:41","date_gmt":"2024-12-04T12:50:41","guid":{"rendered":"https:\/\/semmelweis.hu\/szaknyelv\/?p=13632"},"modified":"2024-12-04T13:51:25","modified_gmt":"2024-12-04T12:51:25","slug":"papai-pariz-ferenc-emlekules","status":"publish","type":"post","link":"https:\/\/semmelweis.hu\/szaknyelv\/2024\/12\/04\/papai-pariz-ferenc-emlekules\/","title":{"rendered":"P\u00e1pai P\u00e1riz Ferenc eml\u00e9k\u00fcl\u00e9s"},"content":{"rendered":"<p>Kedves Koll\u00e9g\u00e1k!<\/p>\n<p style=\"text-align: justify\">2024. november 27-\u00e9n ker\u00fclt megrendez\u00e9sre a P\u00e1pai P\u00e1riz Ferenc orvosdoktori \u00e9rtekez\u00e9s\u00e9nek \u00e9s doktorr\u00e1 avat\u00e1s\u00e1nak 350. \u00e9vfordul\u00f3j\u00e1nak alkalm\u00e1b\u00f3l szervezett eml\u00e9k\u00fcl\u00e9s az MTA-k\u00f6nyvt\u00e1r kongresszusi term\u00e9ben.<\/p>\n<p style=\"text-align: justify\">A latin nyelven \u00edrt doktori \u00e9rtekez\u00e9s (<em>Disputatio Inauguralis Tribus Consiliis Medicis)<\/em>, valamint a hozz\u00e1 tartoz\u00f3 magyarul m\u00e9g meg nem jelent \u00fcnnepi k\u00f6ltem\u00e9nyek (<em>Vota Solennia<\/em>) ford\u00edt\u00e1s\u00e1t munkat\u00e1rsaink v\u00e9gezt\u00e9k. Az esem\u00e9nyen dr. Fogarasi Katalin \u00e9s Lesk\u00f3n\u00e9 dr. Delb\u00f3 Katalin tartott el\u0151ad\u00e1st a ford\u00edt\u00e1s kih\u00edv\u00e1sair\u00f3l. A disszert\u00e1ci\u00f3 magyar nyelven az Orvosi Hetilap, a <em>Vota Solennia<\/em>\u00a0teljes kiad\u00e1sa az Orvostudom\u00e1nyi \u00c9rtes\u00edt\u0151 k\u00fcl\u00f6nlenyomatak\u00e9nt jelent meg.<\/p>\n<p style=\"text-align: justify\">A ford\u00edt\u00e1si munk\u00e1kban r\u00e9szt vev\u0151 munkat\u00e1rsaink: Barta Andrea, Delb\u00f3 Katalin, Fogarasi Katalin, Mur\u00e1nyi Yvett, Somodi Brigitta, Szab\u00f3 M\u00e1ria, Sz\u0151ll\u0151si Lili, V\u00e1g\u00e1si T\u00fcnde, Varga \u00c9va Katalin.<\/p>\n<p><img loading=\"lazy\" decoding=\"async\" class=\"aligncenter size-large wp-image-13633\" src=\"https:\/\/semmelweis.hu\/szaknyelv\/files\/2024\/12\/Koszono-montazs-1024x576.png\" alt=\"\" width=\"753\" height=\"424\" srcset=\"https:\/\/semmelweis.hu\/szaknyelv\/files\/2024\/12\/Koszono-montazs-1024x576.png 1024w, https:\/\/semmelweis.hu\/szaknyelv\/files\/2024\/12\/Koszono-montazs-400x225.png 400w, https:\/\/semmelweis.hu\/szaknyelv\/files\/2024\/12\/Koszono-montazs-768x432.png 768w, https:\/\/semmelweis.hu\/szaknyelv\/files\/2024\/12\/Koszono-montazs-753x424.png 753w, https:\/\/semmelweis.hu\/szaknyelv\/files\/2024\/12\/Koszono-montazs.png 1280w\" sizes=\"auto, (max-width: 753px) 100vw, 753px\" \/><\/p>\n","protected":false},"excerpt":{"rendered":"<p>Kedves Koll\u00e9g\u00e1k! 2024. november 27-\u00e9n ker\u00fclt megrendez\u00e9sre a P\u00e1pai P\u00e1riz Ferenc orvosdoktori \u00e9rtekez\u00e9s\u00e9nek \u00e9s doktorr\u00e1 avat\u00e1s\u00e1nak 350. \u00e9vfordul\u00f3j\u00e1nak alkalm\u00e1b\u00f3l szervezett eml\u00e9k\u00fcl\u00e9s az MTA-k\u00f6nyvt\u00e1r kongresszusi term\u00e9ben. A latin nyelven \u00edrt doktori \u00e9rtekez\u00e9s (Disputatio Inauguralis Tribus Consiliis Medicis), valamint a hozz\u00e1 tartoz\u00f3 magyarul m\u00e9g meg nem jelent \u00fcnnepi k\u00f6ltem\u00e9nyek (Vota Solennia) ford\u00edt\u00e1s\u00e1t munkat\u00e1rsaink v\u00e9gezt\u00e9k. Az esem\u00e9nyen dr. &hellip;<\/p>\n","protected":false},"author":102166,"featured_media":0,"comment_status":"closed","ping_status":"closed","sticky":false,"template":"","format":"standard","meta":{"_acf_changed":false,"footnotes":""},"categories":[23],"tags":[],"class_list":["post-13632","post","type-post","status-publish","format-standard","hentry","category-hirek"],"acf":[],"_links":{"self":[{"href":"https:\/\/semmelweis.hu\/szaknyelv\/wp-json\/wp\/v2\/posts\/13632","targetHints":{"allow":["GET"]}}],"collection":[{"href":"https:\/\/semmelweis.hu\/szaknyelv\/wp-json\/wp\/v2\/posts"}],"about":[{"href":"https:\/\/semmelweis.hu\/szaknyelv\/wp-json\/wp\/v2\/types\/post"}],"author":[{"embeddable":true,"href":"https:\/\/semmelweis.hu\/szaknyelv\/wp-json\/wp\/v2\/users\/102166"}],"replies":[{"embeddable":true,"href":"https:\/\/semmelweis.hu\/szaknyelv\/wp-json\/wp\/v2\/comments?post=13632"}],"version-history":[{"count":6,"href":"https:\/\/semmelweis.hu\/szaknyelv\/wp-json\/wp\/v2\/posts\/13632\/revisions"}],"predecessor-version":[{"id":13639,"href":"https:\/\/semmelweis.hu\/szaknyelv\/wp-json\/wp\/v2\/posts\/13632\/revisions\/13639"}],"wp:attachment":[{"href":"https:\/\/semmelweis.hu\/szaknyelv\/wp-json\/wp\/v2\/media?parent=13632"}],"wp:term":[{"taxonomy":"category","embeddable":true,"href":"https:\/\/semmelweis.hu\/szaknyelv\/wp-json\/wp\/v2\/categories?post=13632"},{"taxonomy":"post_tag","embeddable":true,"href":"https:\/\/semmelweis.hu\/szaknyelv\/wp-json\/wp\/v2\/tags?post=13632"}],"curies":[{"name":"wp","href":"https:\/\/api.w.org\/{rel}","templated":true}]}}