{"id":13481,"date":"2024-10-08T14:36:53","date_gmt":"2024-10-08T12:36:53","guid":{"rendered":"https:\/\/semmelweis.hu\/szaknyelv\/?p=13481"},"modified":"2024-10-08T14:36:53","modified_gmt":"2024-10-08T12:36:53","slug":"daad-eloadas-2024","status":"publish","type":"post","link":"https:\/\/semmelweis.hu\/szaknyelv\/2024\/10\/08\/daad-eloadas-2024\/","title":{"rendered":"DAAD el\u0151ad\u00e1s 2024"},"content":{"rendered":"<div dir=\"auto\" style=\"text-align: center\">Kedves Oktat\u00f3k \u00e9s Hallgat\u00f3k!<\/div>\n<div dir=\"auto\" style=\"text-align: center\">\u00a0<\/div>\n<div dir=\"auto\" style=\"text-align: center\">A\u00a0<strong>Deutscher Akademischer Austauschdienst (DAAD)<\/strong>\u00a0Budapesti Inform\u00e1ci\u00f3s K\u00f6zpontja<\/div>\n<div dir=\"auto\" style=\"text-align: center\"><strong>2024. okt\u00f3ber 21-\u00e9n 20 \u00f3rakor<\/strong><\/div>\n<div dir=\"auto\" style=\"text-align: center\">t\u00e1j\u00e9koztat\u00f3t tart n\u00e9metorsz\u00e1gi \u00f6szt\u00f6nd\u00edj \u00e9s ny\u00e1ri egyetemi lehet\u0151s\u00e9gekr\u0151l a<\/div>\n<div dir=\"auto\" style=\"text-align: center\">Semmelweis Egyetem oktat\u00f3i, kutat\u00f3i \u00e9s hallgat\u00f3i sz\u00e1m\u00e1ra.<\/div>\n<div dir=\"auto\" style=\"text-align: center\"><strong>Helysz\u00edn:<\/strong>\u00a0Semmelweis Egyetem, EOK \u00e9p\u00fclet, 1094 Budapest, T\u0171zolt\u00f3 utca 37-47. B\u00e9k\u00e9sy Gy\u00f6rgy el\u0151ad\u00f3terem (f\u00f6ldszint).<\/div>\n<div dir=\"auto\" style=\"text-align: center\"><strong>Tov\u00e1bbi inform\u00e1ci\u00f3: <\/strong><a href=\"https:\/\/semmelweis.hu\/szaknyelv\/files\/2024\/10\/DAAD-scholarships-2024.pdf\">https:\/\/semmelweis.hu\/szaknyelv\/files\/2024\/10\/DAAD-scholarships-2024.pdf<\/a><\/div>\n<div dir=\"auto\" style=\"text-align: center\">Szeretettel v\u00e1runk mindenkit!<\/div>\n<div dir=\"auto\"><img loading=\"lazy\" decoding=\"async\" class=\"aligncenter size-large wp-image-13478\" src=\"https:\/\/semmelweis.hu\/szaknyelv\/files\/2024\/10\/DAAD-2024-724x1024.png\" alt=\"\" width=\"724\" height=\"1024\" srcset=\"https:\/\/semmelweis.hu\/szaknyelv\/files\/2024\/10\/DAAD-2024-724x1024.png 724w, https:\/\/semmelweis.hu\/szaknyelv\/files\/2024\/10\/DAAD-2024-283x400.png 283w, https:\/\/semmelweis.hu\/szaknyelv\/files\/2024\/10\/DAAD-2024-768x1086.png 768w, https:\/\/semmelweis.hu\/szaknyelv\/files\/2024\/10\/DAAD-2024-1086x1536.png 1086w, https:\/\/semmelweis.hu\/szaknyelv\/files\/2024\/10\/DAAD-2024-753x1065.png 753w, https:\/\/semmelweis.hu\/szaknyelv\/files\/2024\/10\/DAAD-2024.png 1414w\" sizes=\"auto, (max-width: 724px) 100vw, 724px\" \/><\/div>\n","protected":false},"excerpt":{"rendered":"<p>Kedves Oktat\u00f3k \u00e9s Hallgat\u00f3k!<br \/>\n\u00a0<br \/>\nA\u00a0Deutscher Akademischer Austauschdienst (DAAD)\u00a0Budapesti Inform\u00e1ci\u00f3s K\u00f6zpontja<br \/>\n2024. okt\u00f3ber 21-\u00e9n 20 \u00f3rakor<br \/>\nt\u00e1j\u00e9koztat\u00f3t tart n\u00e9metorsz\u00e1gi \u00f6szt\u00f6nd\u00edj \u00e9s ny\u00e1ri egyetemi lehet\u0151s\u00e9gekr\u0151l a<br \/>\nSemmelweis Egyetem oktat\u00f3i, kutat\u00f3i \u00e9s hallgat\u00f3i sz\u00e1m\u00e1ra.<br \/>\nHelysz\u00edn:\u00a0Semmelweis Egyetem, EOK \u00e9p\u00fclet, 1094 Budapest, T\u0171zolt\u00f3 utca 37-47. B\u00e9k\u00e9sy Gy\u00f6rgy el\u0151ad\u00f3terem (f\u00f6ldszint).<br \/>\nTov\u00e1bbi inform\u00e1ci\u00f3: <a href=\"https:\/\/semmelweis.hu\/szaknyelv\/files\/2024\/10\/DAAD-scholarships-2024.pdf\">https:\/\/semmelweis.hu\/szaknyelv\/files\/2024\/10\/DAAD-scholarships-2024.pdf<\/a><br \/>\nSzeretettel v\u00e1runk mindenkit!<\/p>\n","protected":false},"author":102166,"featured_media":0,"comment_status":"closed","ping_status":"closed","sticky":false,"template":"","format":"standard","meta":{"_acf_changed":false,"footnotes":""},"categories":[23],"tags":[],"class_list":["post-13481","post","type-post","status-publish","format-standard","hentry","category-hirek"],"acf":[],"_links":{"self":[{"href":"https:\/\/semmelweis.hu\/szaknyelv\/wp-json\/wp\/v2\/posts\/13481","targetHints":{"allow":["GET"]}}],"collection":[{"href":"https:\/\/semmelweis.hu\/szaknyelv\/wp-json\/wp\/v2\/posts"}],"about":[{"href":"https:\/\/semmelweis.hu\/szaknyelv\/wp-json\/wp\/v2\/types\/post"}],"author":[{"embeddable":true,"href":"https:\/\/semmelweis.hu\/szaknyelv\/wp-json\/wp\/v2\/users\/102166"}],"replies":[{"embeddable":true,"href":"https:\/\/semmelweis.hu\/szaknyelv\/wp-json\/wp\/v2\/comments?post=13481"}],"version-history":[{"count":1,"href":"https:\/\/semmelweis.hu\/szaknyelv\/wp-json\/wp\/v2\/posts\/13481\/revisions"}],"predecessor-version":[{"id":13482,"href":"https:\/\/semmelweis.hu\/szaknyelv\/wp-json\/wp\/v2\/posts\/13481\/revisions\/13482"}],"wp:attachment":[{"href":"https:\/\/semmelweis.hu\/szaknyelv\/wp-json\/wp\/v2\/media?parent=13481"}],"wp:term":[{"taxonomy":"category","embeddable":true,"href":"https:\/\/semmelweis.hu\/szaknyelv\/wp-json\/wp\/v2\/categories?post=13481"},{"taxonomy":"post_tag","embeddable":true,"href":"https:\/\/semmelweis.hu\/szaknyelv\/wp-json\/wp\/v2\/tags?post=13481"}],"curies":[{"name":"wp","href":"https:\/\/api.w.org\/{rel}","templated":true}]}}