{"id":12913,"date":"2024-04-18T11:06:06","date_gmt":"2024-04-18T09:06:06","guid":{"rendered":"https:\/\/semmelweis.hu\/szaknyelv\/?p=12913"},"modified":"2024-04-18T11:06:06","modified_gmt":"2024-04-18T09:06:06","slug":"telc-vizsgafelkeszito-trening-angol-nyelven-b2-es-c1-szinten","status":"publish","type":"post","link":"https:\/\/semmelweis.hu\/szaknyelv\/2024\/04\/18\/telc-vizsgafelkeszito-trening-angol-nyelven-b2-es-c1-szinten\/","title":{"rendered":"telc vizsgafelk\u00e9sz\u00edt\u0151 tr\u00e9ning ANGOL nyelven B2 \u00e9s C1 szinten"},"content":{"rendered":"<p style=\"text-align: justify\">A Semmelweis Egyetem Szaknyelvi Int\u00e9zete \u00e1ltal\u00e1nos telc vizsgafelk\u00e9sz\u00edt\u0151 tr\u00e9ninget ind\u00edt ANGOL nyelven B2 \u00e9s C1 szinten <\/p>\n<p><strong>K\u00f6vetkez\u0151 vizsga<\/strong><br \/>\n&#8211; d\u00e1tum: 2024. m\u00e1jus 25.<br \/>\n&#8211; regisztr\u00e1ci\u00f3s hat\u00e1rid\u0151: 2024. m\u00e1jus 3.<br \/>\n&#8211; tov\u00e1bbi vizsga inf\u00f3: <br \/>\n<a class=\"x1fey0fg xmper1u x1edh9d7\" href=\"https:\/\/telc.hu\/nyelvvizsga-idopontok-2023\/\">https:\/\/telc.hu\/nyelvvizsga-idopontok-2023\/<\/a><\/p>\n<p><strong>K\u00e9tnapos online vizsgafelk\u00e9sz\u00edt\u0151 tr\u00e9ning: strat\u00e9gia a sikeres vizsg\u00e1hoz <\/strong><\/p>\n<p>B2 szint<br \/>\n&#8211; k\u00e9t nap, 4&#215;45 perc\/nap, 100% online, <br \/>\n&#8211; 2024. m\u00e1jus 17. (sz\u00f3belire felk\u00e9sz\u00edt\u0151) \u00e9s m\u00e1jus 24. (\u00edr\u00e1sbelire felk\u00e9sz\u00edt\u0151),<br \/>\n&#8211; p\u00e9ntekenk\u00e9nt 16.00 &#8211; 19.00-ig,<br \/>\n&#8211; tr\u00e9ning d\u00edja: 18.000 Ft,* <br \/>\n&#8211; regisztr\u00e1ci\u00f3s \u00e9s befizet\u00e9si hat\u00e1rid\u0151: 2024. m\u00e1jus 10.<\/p>\n<p>C1 szint<br \/>\n&#8211; 2 alkalom, 4&#215;45 perc\/nap, 100% online, <br \/>\n&#8211; 2024. m\u00e1jus 18. (sz\u00f3belire felk\u00e9sz\u00edt\u0151) \u00e9s m\u00e1jus 19. (\u00edr\u00e1sbelire felk\u00e9sz\u00edt\u0151), 9.00 &#8211; 12.00-ig<br \/>\n&#8211; tr\u00e9ning d\u00edja: 18.000 HUF,* <br \/>\n&#8211; regisztr\u00e1ci\u00f3s \u00e9s befizet\u00e9si hat\u00e1rid\u0151: 2024. m\u00e1jus 10.<\/p>\n<p>Tanfolyam regisztr\u00e1ci\u00f3 itt: <br \/>\n<a class=\"x1fey0fg xmper1u x1edh9d7\" href=\"https:\/\/forms.office.com\/e\/rY9uXqvLWM?origin=lprLink\">https:\/\/forms.office.com\/e\/rY9uXqvLWM?origin=lprLink<\/a><\/p>\n<p>El\u00e9rhet\u0151s\u00e9g: lsp@semmelweis.hu<\/p>\n<p>*20% kedvezm\u00e9ny Semmelweis Polg\u00e1rok r\u00e9sz\u00e9re<br \/>\n*10% kedvezm\u00e9ny Semmelweis Alumni tagoknak<\/p>\n<p><img loading=\"lazy\" decoding=\"async\" class=\"size-large wp-image-12911 aligncenter\" src=\"https:\/\/semmelweis.hu\/szaknyelv\/files\/2024\/04\/telc-alt.-angol-24-maj-HUN--576x1024.png\" alt=\"\" width=\"576\" height=\"1024\" srcset=\"https:\/\/semmelweis.hu\/szaknyelv\/files\/2024\/04\/telc-alt.-angol-24-maj-HUN--576x1024.png 576w, https:\/\/semmelweis.hu\/szaknyelv\/files\/2024\/04\/telc-alt.-angol-24-maj-HUN--225x400.png 225w, https:\/\/semmelweis.hu\/szaknyelv\/files\/2024\/04\/telc-alt.-angol-24-maj-HUN--768x1365.png 768w, https:\/\/semmelweis.hu\/szaknyelv\/files\/2024\/04\/telc-alt.-angol-24-maj-HUN--864x1536.png 864w, https:\/\/semmelweis.hu\/szaknyelv\/files\/2024\/04\/telc-alt.-angol-24-maj-HUN--753x1339.png 753w, https:\/\/semmelweis.hu\/szaknyelv\/files\/2024\/04\/telc-alt.-angol-24-maj-HUN-.png 1080w\" sizes=\"auto, (max-width: 576px) 100vw, 576px\" \/><\/p>\n<p>&nbsp;<\/p>\n","protected":false},"excerpt":{"rendered":"<p>A Semmelweis Egyetem Szaknyelvi Int\u00e9zete \u00e1ltal\u00e1nos telc vizsgafelk\u00e9sz\u00edt\u0151 tr\u00e9ninget ind\u00edt ANGOL nyelven B2 \u00e9s C1 szinten K\u00f6vetkez\u0151 vizsga &#8211; d\u00e1tum: 2024. m\u00e1jus 25. &#8211; regisztr\u00e1ci\u00f3s hat\u00e1rid\u0151: 2024. m\u00e1jus 3. &#8211; tov\u00e1bbi vizsga inf\u00f3: <a class=\"x1fey0fg xmper1u x1edh9d7\" href=\"https:\/\/telc.hu\/nyelvvizsga-idopontok-2023\/\">https:\/\/telc.hu\/nyelvvizsga-idopontok-2023\/<\/a> K\u00e9tnapos online vizsgafelk\u00e9sz\u00edt\u0151 tr\u00e9ning: strat\u00e9gia a sikeres vizsg\u00e1hoz B2 szint &#8211; k\u00e9t nap, 4&#215;45 perc\/nap, 100% online, &#8211; 2024. m\u00e1jus 17. (sz\u00f3belire &hellip;<\/p>\n","protected":false},"author":102166,"featured_media":0,"comment_status":"closed","ping_status":"closed","sticky":false,"template":"","format":"standard","meta":{"_acf_changed":false,"footnotes":""},"categories":[23],"tags":[],"class_list":["post-12913","post","type-post","status-publish","format-standard","hentry","category-hirek"],"acf":[],"_links":{"self":[{"href":"https:\/\/semmelweis.hu\/szaknyelv\/wp-json\/wp\/v2\/posts\/12913","targetHints":{"allow":["GET"]}}],"collection":[{"href":"https:\/\/semmelweis.hu\/szaknyelv\/wp-json\/wp\/v2\/posts"}],"about":[{"href":"https:\/\/semmelweis.hu\/szaknyelv\/wp-json\/wp\/v2\/types\/post"}],"author":[{"embeddable":true,"href":"https:\/\/semmelweis.hu\/szaknyelv\/wp-json\/wp\/v2\/users\/102166"}],"replies":[{"embeddable":true,"href":"https:\/\/semmelweis.hu\/szaknyelv\/wp-json\/wp\/v2\/comments?post=12913"}],"version-history":[{"count":10,"href":"https:\/\/semmelweis.hu\/szaknyelv\/wp-json\/wp\/v2\/posts\/12913\/revisions"}],"predecessor-version":[{"id":12925,"href":"https:\/\/semmelweis.hu\/szaknyelv\/wp-json\/wp\/v2\/posts\/12913\/revisions\/12925"}],"wp:attachment":[{"href":"https:\/\/semmelweis.hu\/szaknyelv\/wp-json\/wp\/v2\/media?parent=12913"}],"wp:term":[{"taxonomy":"category","embeddable":true,"href":"https:\/\/semmelweis.hu\/szaknyelv\/wp-json\/wp\/v2\/categories?post=12913"},{"taxonomy":"post_tag","embeddable":true,"href":"https:\/\/semmelweis.hu\/szaknyelv\/wp-json\/wp\/v2\/tags?post=12913"}],"curies":[{"name":"wp","href":"https:\/\/api.w.org\/{rel}","templated":true}]}}