{"id":12871,"date":"2024-03-11T10:31:01","date_gmt":"2024-03-11T09:31:01","guid":{"rendered":"https:\/\/semmelweis.hu\/szaknyelv\/?p=12871"},"modified":"2024-03-11T10:31:01","modified_gmt":"2024-03-11T09:31:01","slug":"ket-semmelweis-polgar-kapott-akademiai-ifjusagi-dijat","status":"publish","type":"post","link":"https:\/\/semmelweis.hu\/szaknyelv\/2024\/03\/11\/ket-semmelweis-polgar-kapott-akademiai-ifjusagi-dijat\/","title":{"rendered":"K\u00e9t Semmelweis Polg\u00e1r kapott Akad\u00e9miai Ifj\u00fas\u00e1gi D\u00edjat"},"content":{"rendered":"<p style=\"text-align: justify\">\u00d6sszesen huszon\u00f6t kutat\u00f3, k\u00f6zt\u00fck <strong>dr. M\u00e1ny D\u00e1niel<\/strong>, a Szaknyelvi Int\u00e9zet adjunktusa, tudom\u00e1nyos \u00e9s innov\u00e1ci\u00f3s igazgat\u00f3helyettese \u00e9s dr. Osteikoetxea Xabier, a Genetikai, Sejt- \u00e9s Immunbiol\u00f3giai Int\u00e9zet tudom\u00e1nyos munkat\u00e1rsa kapott 2024-ben Akad\u00e9miai Ifj\u00fas\u00e1gi D\u00edjat. <br \/>\nA teljes magyar fiatal kutat\u00f3i k\u00f6z\u00f6ss\u00e9g p\u00e1ly\u00e1zhatott a t\u00f6bb mint f\u00e9l \u00e9vsz\u00e1zada alap\u00edtott d\u00edjra, amelyet Magyar Tudom\u00e1nyos Akad\u00e9mia (MTA) f\u0151titk\u00e1ra adott \u00e1t a tudom\u00e1nyos \u00e9let ter\u00fclet\u00e9n el\u00e9rt eredm\u00e9nyeik elismer\u00e9sek\u00e9nt.<\/p>\n<p style=\"text-align: center\">A cikk teljes terjedelm\u00e9ben itt olvashat\u00f3:<br \/>\n<a href=\"https:\/\/semmelweis.hu\/hirek\/2024\/03\/07\/ket-semmelweis-polgar-kapott-akademiai-ifjusagi-dijat\/\">https:\/\/semmelweis.hu\/hirek\/2024\/03\/07\/ket-semmelweis-polgar-kapott-akademiai-ifjusagi-dijat\/<\/a><\/p>\n","protected":false},"excerpt":{"rendered":"<p>\u00d6sszesen huszon\u00f6t kutat\u00f3, k\u00f6zt\u00fck dr. M\u00e1ny D\u00e1niel, a Szaknyelvi Int\u00e9zet adjunktusa, tudom\u00e1nyos \u00e9s innov\u00e1ci\u00f3s igazgat\u00f3helyettese \u00e9s dr. Osteikoetxea Xabier, a Genetikai, Sejt- \u00e9s Immunbiol\u00f3giai Int\u00e9zet tudom\u00e1nyos munkat\u00e1rsa kapott 2024-ben Akad\u00e9miai Ifj\u00fas\u00e1gi D\u00edjat. A teljes magyar fiatal kutat\u00f3i k\u00f6z\u00f6ss\u00e9g p\u00e1ly\u00e1zhatott a t\u00f6bb mint f\u00e9l \u00e9vsz\u00e1zada alap\u00edtott d\u00edjra, amelyet Magyar Tudom\u00e1nyos Akad\u00e9mia (MTA) f\u0151titk\u00e1ra adott \u00e1t a &hellip;<\/p>\n","protected":false},"author":102166,"featured_media":0,"comment_status":"closed","ping_status":"closed","sticky":false,"template":"","format":"standard","meta":{"_acf_changed":false,"footnotes":""},"categories":[23],"tags":[],"class_list":["post-12871","post","type-post","status-publish","format-standard","hentry","category-hirek"],"acf":[],"_links":{"self":[{"href":"https:\/\/semmelweis.hu\/szaknyelv\/wp-json\/wp\/v2\/posts\/12871","targetHints":{"allow":["GET"]}}],"collection":[{"href":"https:\/\/semmelweis.hu\/szaknyelv\/wp-json\/wp\/v2\/posts"}],"about":[{"href":"https:\/\/semmelweis.hu\/szaknyelv\/wp-json\/wp\/v2\/types\/post"}],"author":[{"embeddable":true,"href":"https:\/\/semmelweis.hu\/szaknyelv\/wp-json\/wp\/v2\/users\/102166"}],"replies":[{"embeddable":true,"href":"https:\/\/semmelweis.hu\/szaknyelv\/wp-json\/wp\/v2\/comments?post=12871"}],"version-history":[{"count":4,"href":"https:\/\/semmelweis.hu\/szaknyelv\/wp-json\/wp\/v2\/posts\/12871\/revisions"}],"predecessor-version":[{"id":12875,"href":"https:\/\/semmelweis.hu\/szaknyelv\/wp-json\/wp\/v2\/posts\/12871\/revisions\/12875"}],"wp:attachment":[{"href":"https:\/\/semmelweis.hu\/szaknyelv\/wp-json\/wp\/v2\/media?parent=12871"}],"wp:term":[{"taxonomy":"category","embeddable":true,"href":"https:\/\/semmelweis.hu\/szaknyelv\/wp-json\/wp\/v2\/categories?post=12871"},{"taxonomy":"post_tag","embeddable":true,"href":"https:\/\/semmelweis.hu\/szaknyelv\/wp-json\/wp\/v2\/tags?post=12871"}],"curies":[{"name":"wp","href":"https:\/\/api.w.org\/{rel}","templated":true}]}}