{"id":12819,"date":"2024-03-07T10:13:32","date_gmt":"2024-03-07T09:13:32","guid":{"rendered":"https:\/\/semmelweis.hu\/szaknyelv\/?p=12819"},"modified":"2024-03-07T10:13:32","modified_gmt":"2024-03-07T09:13:32","slug":"nyelvtanulas-a-szaknyelvi-intezetnel","status":"publish","type":"post","link":"https:\/\/semmelweis.hu\/szaknyelv\/2024\/03\/07\/nyelvtanulas-a-szaknyelvi-intezetnel\/","title":{"rendered":"Nyelvtanul\u00e1s a Szaknyelvi Int\u00e9zetn\u00e9l"},"content":{"rendered":"<p style=\"text-align: justify\">Tisztelt \u00c9rdekl\u0151d\u0151k!<\/p>\n<p style=\"text-align: justify\">K\u00e9rj\u00fck fogadj\u00e1k szeretettel a Szaknyelvi Int\u00e9zet legfrissebb nyelvvizsga \u00e9s nyelvtanfolyam k\u00edn\u00e1lat\u00e1t!<\/p>\n<div class=\"fontos_div\" style=\"text-align: justify\">\n<p style=\"text-align: center\"><strong>NYELVVIZSG\u00c1K<\/strong><\/p>\n<\/div>\n<p style=\"text-align: justify\"><strong>telc \u00e1ltal\u00e1nos nyelvvizsga<br \/>\n<\/strong>A Szaknyelvi Int\u00e9zetben angol \u00e9s n\u00e9met nyelvb\u0151l B1, B2 \u00e9s C1 szinteken lehet letenni a nemzetk\u00f6zi, akkredit\u00e1lt telc vizsg\u00e1t, \u00e9vente sz\u00e1mos alkalommal. Hasznos inform\u00e1ci\u00f3k:<br \/>\n<a href=\"https:\/\/semmelweis.hu\/szaknyelv\/nyelvvizsgak\/altalanos-nyelvvizsgak\/telc\/\">https:\/\/semmelweis.hu\/szaknyelv\/nyelvvizsgak\/altalanos-nyelvvizsgak\/telc\/<\/a><\/p>\n<p style=\"text-align: justify\"><strong>PROFEX szaknyelvi nyelvvizsga<br \/>\n<\/strong>A <strong>PROFEX<\/strong> \u00e1llamilag elismert, h\u00e1rom fokozat\u00fa, k\u00e9tnyelv\u0171, szintez\u0151, orvosi- eg\u00e9szs\u00e9g\u00fcgyi szaknyelvi vizsga angol \u00e9s n\u00e9met nyelven.<br \/>\nVizsgaid\u0151pontok: \u00e1prilis, november<strong><br \/>\n<\/strong>Hasznos inform\u00e1ci\u00f3k: <br \/>\n<a href=\"https:\/\/semmelweis.hu\/szaknyelv\/nyelvvizsgak\/szaknyelvi-vizsgak\/profex-2\/\">https:\/\/semmelweis.hu\/szaknyelv\/nyelvvizsgak\/szaknyelvi-vizsgak\/profex-2\/<\/a><\/p>\n<p style=\"text-align: justify\"><strong>telc Medizin Fachsprachpr\u00fcfung orvosi\u00a0 n\u00e9met nyelvvizsga<br \/>\n<\/strong>Vizsgaid\u0151pontok: febru\u00e1r, j\u00fanius, okt\u00f3ber<br \/>\nHasznos inform\u00e1ci\u00f3k: <br \/>\n<a href=\"https:\/\/semmelweis.hu\/szaknyelv\/en\/exams\/exams-for-specific-purposes\/telc-medizinfsp\/\">https:\/\/semmelweis.hu\/szaknyelv\/en\/exams\/exams-for-specific-purposes\/telc-medizinfsp\/<\/a><\/p>\n<p style=\"text-align: justify\"><strong>telc Pflege n\u00e9met \u00e1pol\u00f3i szaknyelvi nyelvvizsga <br \/>\n<\/strong>Vizsgaid\u0151pontok: febru\u00e1r, j\u00fanius, okt\u00f3ber<strong><br \/>\n<\/strong>Hasznos inform\u00e1ci\u00f3k:<strong> <br \/>\n<\/strong><a href=\"https:\/\/semmelweis.hu\/szaknyelv\/en\/exams\/exams-for-specific-purposes\/telc-pflege-german\/\">https:\/\/semmelweis.hu\/szaknyelv\/en\/exams\/exams-for-specific-purposes\/telc-pflege-german\/<\/a><\/p>\n<p style=\"text-align: justify\"><strong>DFP francia szaknyelvi nyelvvizsga<br \/>\n<\/strong>A vizsgaid\u0151pontokat az egy\u00e9ni jelentkez\u00e9sek alapj\u00e1n a vizsgak\u00f6zpont hat\u00e1rozza meg.<br \/>\nHasznos inform\u00e1ci\u00f3k: <br \/>\n<a href=\"https:\/\/semmelweis.hu\/szaknyelv\/en\/exams\/exams-for-specific-purposes\/dfp-internationally-recognized\/\">https:\/\/semmelweis.hu\/szaknyelv\/en\/exams\/exams-for-specific-purposes\/dfp-internationally-recognized\/<\/a><\/p>\n<p style=\"text-align: justify\"><strong>OET angol nemzetk\u00f6zi, szakmai nyelvvizsga eg\u00e9szs\u00e9g\u00fcgyi dolgoz\u00f3knak<\/strong> <br \/>\nVizsgaid\u0151pontok: febru\u00e1r, m\u00e1rcius, m\u00e1jus, j\u00fanius, j\u00falius, szeptember, okt\u00f3ber, december<br \/>\nHasznos inform\u00e1ci\u00f3k: <br \/>\n<a href=\"https:\/\/semmelweis.hu\/szaknyelv\/en\/exams\/exams-for-specific-purposes\/oet-english\/\">https:\/\/semmelweis.hu\/szaknyelv\/en\/exams\/exams-for-specific-purposes\/oet-english\/<\/a><\/p>\n<p style=\"text-align: justify\">\n<strong>Vizsganapt\u00e1r<\/strong><\/p>\n<ol style=\"text-align: justify\" start=\"2024\">\n<li>\u00e1prilis<\/li>\n<\/ol>\n<ul style=\"text-align: justify\">\n<li>PROFEX szaknyelvi nyelvvizsga:2024. \u00e1prilis 13.<\/li>\n<li>telc \u00e1ltal\u00e1nos nyelvvizsga: 2024. \u00e1prilis 27.<\/li>\n<\/ul>\n<ol style=\"text-align: justify\" start=\"2024\">\n<li>m\u00e1jus<\/li>\n<\/ol>\n<ul style=\"text-align: justify\">\n<li>OET nemzetk\u00f6zi, szakmai nyelvvizsga: 2024.m\u00e1jus 4.<\/li>\n<\/ul>\n<ol style=\"text-align: justify\" start=\"2024\">\n<li>j\u00fanius<\/li>\n<\/ol>\n<ul style=\"text-align: justify\">\n<li>telc Medizin Fachsprachpr\u00fcfung orvosi n\u00e9met nyelvvizsga: 2024. j\u00fanius<\/li>\n<li>telc Pflege n\u00e9met \u00e1pol\u00f3i szaknyelvi nyelvvizsga: 2024. j\u00fanius<\/li>\n<li>OET nemzetk\u00f6zi, szakmai nyelvvizsga: 2024.j\u00fanius 22.<\/li>\n<\/ul>\n<ol style=\"text-align: justify\" start=\"2024\">\n<li>j\u00falius<\/li>\n<\/ol>\n<ul style=\"text-align: justify\">\n<li>OET nemzetk\u00f6zi, szakmai nyelvvizsga: 2024.j\u00falius 6.<\/li>\n<\/ul>\n<p style=\"text-align: justify\">DFP francia orvosi szakmai nyelvvizsga (szervez\u00e9s a jelentkez\u00e9s alapj\u00e1n t\u00f6rt\u00e9nik)<\/p>\n<p>&nbsp;<\/p>\n<div class=\"fontos_div\" style=\"text-align: justify\">\n<p style=\"text-align: center\"><strong>NYELVTANFOLYAMOK<\/strong><\/p>\n<\/div>\n<ol style=\"text-align: justify\" start=\"2024\">\n<li>m\u00e1rcius<\/li>\n<\/ol>\n<ul style=\"text-align: justify\">\n<li>N\u00e9met eg\u00e9szs\u00e9g\u00fcgyi szaknyelv online tanfolyam 40 \u00f3r\u00e1s, B2 szintr\u0151l, kezd\u00e9s m\u00e1rcius 21. \u2013 <strong>m\u00e9g lehet jelentkezni!!!<\/strong> <br \/>\n<a href=\"https:\/\/semmelweis.hu\/szaknyelv\/nyelvtanfolyam\/uj-nyelvtanfolyamok\/\">\u00daj nyelvtanfolyamok \u2013 Szaknyelvi Int\u00e9zet (semmelweis.hu)<\/a><\/li>\n<li>Egy\u00e9nre szabott one-to-one nyelvtanfolyamok \u00e1ltal\u00e1nos \u00e9s eg\u00e9szs\u00e9g\u00fcgyi szaknyelvb\u0151l, valamennyi nyelvi szintr\u0151l: n\u00e9met, olasz, spanyol, orosz, francia nyelven \u2013 v\u00e1rhat\u00f3 indul\u00e1s: folyamatos<\/li>\n<li>Orvosi, fogorvosi, gy\u00f3gyszer\u00e9szeti, eg\u00e9szs\u00e9gtudom\u00e1nyi csoportos online nyelvtanfolyamok A1-B2 szinteken: n\u00e9met, olasz, spanyol, orosz, francia nyelven, v\u00e1rhat\u00f3 indul\u00e1s: folyamatos, szervez\u00e9s ig\u00e9ny szerint, minimum l\u00e9tsz\u00e1m 5 f\u0151<\/li>\n<li>Egy\u00e9ni felk\u00e9sz\u00fcl\u00e9s a n\u00e9met telc Medizin FSP\/Pflege, a francia DFP, az angol OET nyelvvizsg\u00e1ra<\/li>\n<\/ul>\n<ol style=\"text-align: justify\" start=\"2024\">\n<li>\u00e1prilis<\/li>\n<\/ol>\n<ul style=\"text-align: justify\">\n<li>Angol online csoportos eg\u00e9szs\u00e9g\u00fcgyi szaknyelv tanfolyam B2 szintr\u0151l<\/li>\n<li>Angol \u00e1ltal\u00e1nos csoportos online k\u00f6z\u00e9phalad\u00f3 tanfolyam<\/li>\n<li>Egy\u00e9nre szabott one-to-one nyelvtanfolyamok \u00e1ltal\u00e1nos \u00e9s eg\u00e9szs\u00e9g\u00fcgyi szaknyelvb\u0151l, valamennyi nyelvi szintr\u0151l: n\u00e9met, olasz, spanyol, orosz, francia nyelven \u2013 v\u00e1rhat\u00f3 indul\u00e1s: folyamatos<\/li>\n<li>Orvosi, fogorvosi, gy\u00f3gyszer\u00e9szeti, eg\u00e9szs\u00e9gtudom\u00e1nyi csoportos online nyelvtanfolyamok A1-B2 szinteken: n\u00e9met, olasz, spanyol, orosz, francia nyelven, v\u00e1rhat\u00f3 indul\u00e1s: folyamatos, szervez\u00e9s ig\u00e9ny szerint, minimum l\u00e9tsz\u00e1m 5 f\u0151<\/li>\n<li>TELC Medizin FSP \u00e9s TELC Pflege nyelvvizsga felk\u00e9sz\u00edt\u0151 online tanfolyam\/ vizsgatr\u00e9ning<\/li>\n<li>Egy\u00e9ni felk\u00e9sz\u00fcl\u00e9s a n\u00e9met telc Medizin FSP\/Pflege, a francia DFP, az angol OET nyelvvizsg\u00e1ra<\/li>\n<\/ul>\n<ol style=\"text-align: justify\" start=\"2024\">\n<li>m\u00e1jus<\/li>\n<\/ol>\n<ul style=\"text-align: justify\">\n<li>Egy\u00e9nre szabott one-to-one nyelvtanfolyamok \u00e1ltal\u00e1nos \u00e9s eg\u00e9szs\u00e9g\u00fcgyi szaknyelvb\u0151l, valamennyi nyelvi szintr\u0151l: n\u00e9met, olasz, spanyol, orosz, francia nyelven \u2013 v\u00e1rhat\u00f3 indul\u00e1s: folyamatos<\/li>\n<li>Orvosi, fogorvosi, gy\u00f3gyszer\u00e9szeti, eg\u00e9szs\u00e9gtudom\u00e1nyi csoportos online nyelvtanfolyamok A1-B2 szinteken: n\u00e9met, olasz, spanyol, orosz, francia nyelven, v\u00e1rhat\u00f3 indul\u00e1s: folyamatos, szervez\u00e9s ig\u00e9ny szerint, minimum l\u00e9tsz\u00e1m 5 f\u0151<\/li>\n<li>Egy\u00e9ni felk\u00e9sz\u00fcl\u00e9s a n\u00e9met telc Medizin FSP\/Pflege, a francia DFP, az angol OET nyelvvizsg\u00e1ra<\/li>\n<\/ul>\n<div class=\"fontos_div\" style=\"text-align: justify\">\n<p style=\"text-align: center\"><strong>Valamennyi nyelvtanfolyamra <br \/>\n<\/strong><strong>&#8211; 20% kedvezm\u00e9ny Semmelweis hallgat\u00f3knak, PhD hallgat\u00f3knak \u00e9s dolgoz\u00f3knak,<br \/>\n<\/strong><strong>&#8211; 10 % kedvezm\u00e9ny Semmelweis Alumni tagoknak. <\/strong><\/p>\n<\/div>\n<p style=\"text-align: center\">\nTov\u00e1bbi inform\u00e1ci\u00f3 a Szaknyelvi Int\u00e9zet tanfolyamaival, nyelvvizsg\u00e1ival kapcsolatban:<br \/>\n<a href=\"https:\/\/semmelweis.hu\/szaknyelv\/\">https:\/\/semmelweis.hu\/szaknyelv\/<\/a><br \/>\n<a href=\"https:\/\/www.facebook.com\/szaknyelviintezet\">https:\/\/www.facebook.com\/szaknyelviintezet<\/a><br \/>\nE-mail: lsp@semmelweis.hu<\/p>\n","protected":false},"excerpt":{"rendered":"<p>Tisztelt \u00c9rdekl\u0151d\u0151k! K\u00e9rj\u00fck fogadj\u00e1k szeretettel a Szaknyelvi Int\u00e9zet legfrissebb nyelvvizsga \u00e9s nyelvtanfolyam k\u00edn\u00e1lat\u00e1t! NYELVVIZSG\u00c1K telc \u00e1ltal\u00e1nos nyelvvizsga A Szaknyelvi Int\u00e9zetben angol \u00e9s n\u00e9met nyelvb\u0151l B1, B2 \u00e9s C1 szinteken lehet letenni a nemzetk\u00f6zi, akkredit\u00e1lt telc vizsg\u00e1t, \u00e9vente sz\u00e1mos alkalommal. Hasznos inform\u00e1ci\u00f3k: <a href=\"https:\/\/semmelweis.hu\/szaknyelv\/nyelvvizsgak\/altalanos-nyelvvizsgak\/telc\/\">https:\/\/semmelweis.hu\/szaknyelv\/nyelvvizsgak\/altalanos-nyelvvizsgak\/telc\/<\/a> PROFEX szaknyelvi nyelvvizsga A PROFEX \u00e1llamilag elismert, h\u00e1rom fokozat\u00fa, k\u00e9tnyelv\u0171, szintez\u0151, orvosi- eg\u00e9szs\u00e9g\u00fcgyi szaknyelvi &hellip;<\/p>\n","protected":false},"author":102166,"featured_media":0,"comment_status":"closed","ping_status":"closed","sticky":false,"template":"","format":"standard","meta":{"_acf_changed":false,"footnotes":""},"categories":[23],"tags":[],"class_list":["post-12819","post","type-post","status-publish","format-standard","hentry","category-hirek"],"acf":[],"_links":{"self":[{"href":"https:\/\/semmelweis.hu\/szaknyelv\/wp-json\/wp\/v2\/posts\/12819","targetHints":{"allow":["GET"]}}],"collection":[{"href":"https:\/\/semmelweis.hu\/szaknyelv\/wp-json\/wp\/v2\/posts"}],"about":[{"href":"https:\/\/semmelweis.hu\/szaknyelv\/wp-json\/wp\/v2\/types\/post"}],"author":[{"embeddable":true,"href":"https:\/\/semmelweis.hu\/szaknyelv\/wp-json\/wp\/v2\/users\/102166"}],"replies":[{"embeddable":true,"href":"https:\/\/semmelweis.hu\/szaknyelv\/wp-json\/wp\/v2\/comments?post=12819"}],"version-history":[{"count":10,"href":"https:\/\/semmelweis.hu\/szaknyelv\/wp-json\/wp\/v2\/posts\/12819\/revisions"}],"predecessor-version":[{"id":12867,"href":"https:\/\/semmelweis.hu\/szaknyelv\/wp-json\/wp\/v2\/posts\/12819\/revisions\/12867"}],"wp:attachment":[{"href":"https:\/\/semmelweis.hu\/szaknyelv\/wp-json\/wp\/v2\/media?parent=12819"}],"wp:term":[{"taxonomy":"category","embeddable":true,"href":"https:\/\/semmelweis.hu\/szaknyelv\/wp-json\/wp\/v2\/categories?post=12819"},{"taxonomy":"post_tag","embeddable":true,"href":"https:\/\/semmelweis.hu\/szaknyelv\/wp-json\/wp\/v2\/tags?post=12819"}],"curies":[{"name":"wp","href":"https:\/\/api.w.org\/{rel}","templated":true}]}}