{"id":11652,"date":"2023-10-19T14:17:34","date_gmt":"2023-10-19T12:17:34","guid":{"rendered":"https:\/\/semmelweis.hu\/szaknyelv\/?p=11652"},"modified":"2023-10-19T14:22:44","modified_gmt":"2023-10-19T12:22:44","slug":"11652","status":"publish","type":"post","link":"https:\/\/semmelweis.hu\/szaknyelv\/2023\/10\/19\/11652\/","title":{"rendered":"TELC \u00e1ltal\u00e1nos vizsgafelk\u00e9sz\u00edt\u0151 tanfolyamok angol nyelven (B2-C1)"},"content":{"rendered":"<div class=\"\" dir=\"auto\">\n<div id=\":Ralelfakql9aqqd9emhpapd5aqH2:\" class=\"x1iorvi4 x1pi30zi x1l90r2v x1swvt13\" data-ad-comet-preview=\"message\" data-ad-preview=\"message\">\n<div class=\"x78zum5 xdt5ytf xz62fqu x16ldp7u\">\n<div class=\"xu06os2 x1ok221b\">\n<div class=\"xdj266r x11i5rnm xat24cr x1mh8g0r x1vvkbs x126k92a\">\n<div dir=\"auto\" style=\"text-align: center\">A Semmelweis Egyetem Szaknyelvi Int\u00e9zete <strong>telc<\/strong> B2 vagy C1 vizsgafelk\u00e9sz\u00edt\u0151 tanfolyamokat ind\u00edt <strong>ANGOL<\/strong> nyelven\u00a0<\/div>\n<\/div>\n<div class=\"x11i5rnm xat24cr x1mh8g0r x1vvkbs xtlvy1s x126k92a\">\n<div dir=\"auto\">\u00a0<\/div>\n<div dir=\"auto\"><strong>K\u00f6vetkez\u0151 vizsga<\/strong><\/div>\n<div dir=\"auto\">&#8211; B2 vagy C1 szint<\/div>\n<div dir=\"auto\">&#8211; d\u00e1tum: 2023. november 25.<\/div>\n<div dir=\"auto\">&#8211; regisztr\u00e1ci\u00f3s hat\u00e1rid\u0151: 2023. november 3.<\/div>\n<div dir=\"auto\">&#8211; tov\u00e1bbi vizsga inf\u00f3:<\/div>\n<div dir=\"auto\"><a class=\"x1i10hfl xjbqb8w x6umtig x1b1mbwd xaqea5y xav7gou x9f619 x1ypdohk xt0psk2 xe8uvvx xdj266r x11i5rnm xat24cr x1mh8g0r xexx8yu x4uap5 x18d9i69 xkhd6sd x16tdsg8 x1hl2dhg xggy1nq x1a2a7pz xt0b8zv x1fey0fg\" href=\"https:\/\/telc.hu\/nyelvvizsga-idopontok-2023\/?fbclid=IwAR3DuUOGolmnC_0Ng7E2YKPUPXkhOGz87YNTc1CnDoqCm6uHF4psIMVvXLU\" target=\"_blank\" rel=\"nofollow noopener noreferrer\">https:\/\/telc.hu\/nyelvvizsga-idopontok-2023\/<\/a><\/div>\n<\/div>\n<div class=\"x11i5rnm xat24cr x1mh8g0r x1vvkbs xtlvy1s x126k92a\">\n<div dir=\"auto\"><strong>Online tanfolyamok<\/strong><\/div>\n<div dir=\"auto\"><span class=\"x3nfvp2 x1j61x8r x1fcty0u xdj266r xhhsvwb xat24cr xgzva0m xxymvpz xlup9mm x1kky2od\">1. <\/span>Vizsgafelk\u00e9sz\u00edt\u0151 (sz\u00f3beli \u00e9s \u00edr\u00e1sbeli)<\/div>\n<div dir=\"auto\">&#8211; 8 alkalom, 3&#215;45 perc\/nap, 100% online,<\/div>\n<div dir=\"auto\">&#8211; 2023. okt\u00f3ber 25. &#8211; november 22. k\u00f6z\u00f6tt, minden h\u00e9tf\u0151n \u00e9s szerd\u00e1n 17.00-19.15-ig,<\/div>\n<div dir=\"auto\">&#8211; B2 vagy C1 szinten,<\/div>\n<div dir=\"auto\">&#8211; tanfolyam d\u00edja: 52.500 Ft,*<\/div>\n<div dir=\"auto\">&#8211; regisztr\u00e1ci\u00f3s \u00e9s befizet\u00e9si hat\u00e1rid\u0151: 2023. okt\u00f3ber 24.<\/div>\n<\/div>\n<div class=\"x11i5rnm xat24cr x1mh8g0r x1vvkbs xtlvy1s x126k92a\">\n<div dir=\"auto\"><span class=\"x3nfvp2 x1j61x8r x1fcty0u xdj266r xhhsvwb xat24cr xgzva0m xxymvpz xlup9mm x1kky2od\">2. <\/span>K\u00e9tnapos vizsgafelk\u00e9sz\u00edt\u0151 tr\u00e9ning: strat\u00e9gia a sikeres vizsg\u00e1hoz<\/div>\n<div dir=\"auto\">&#8211; k\u00e9t nap, 6&#215;45 perc, 100% online,<\/div>\n<div dir=\"auto\">&#8211; 2023. november 11-\u00e9n \u00e9s november 18-\u00e1n szombaton, egyeztetett id\u0151pontban,<\/div>\n<div dir=\"auto\">&#8211; B2 vagy C1 szinten,<\/div>\n<div dir=\"auto\">&#8211; tr\u00e9ning d\u00edja: 26.250 HUF,*<\/div>\n<div dir=\"auto\">&#8211; regisztr\u00e1ci\u00f3s \u00e9s befizet\u00e9si hat\u00e1rid\u0151: 2023. november 9.<\/div>\n<\/div>\n<div class=\"x11i5rnm xat24cr x1mh8g0r x1vvkbs xtlvy1s x126k92a\">\n<div dir=\"auto\"><strong>Tanfolyam regisztr\u00e1ci\u00f3 itt:<\/strong><\/div>\n<div dir=\"auto\"><a class=\"x1i10hfl xjbqb8w x6umtig x1b1mbwd xaqea5y xav7gou x9f619 x1ypdohk xt0psk2 xe8uvvx xdj266r x11i5rnm xat24cr x1mh8g0r xexx8yu x4uap5 x18d9i69 xkhd6sd x16tdsg8 x1hl2dhg xggy1nq x1a2a7pz xt0b8zv x1fey0fg\" href=\"https:\/\/l.facebook.com\/l.php?u=https%3A%2F%2Fforms.office.com%2Fe%2Fw0Bp94Ptsm%3Forigin%3DlprLink%26fbclid%3DIwAR3arg6_zayUDWAxM-PygD9-Uips20lW4MYqT8OzjlYdQ06pB_dT2SD1x6w&amp;h=AT13c8JzQ8DozU12wj_-jYTxy4Um4EZQTaUkemEV8tsIF18F0O_s0HXTxxklD2clFVc7U0RV6L5Cog2rQ-0XYdtDZ0go8Tm6HC3e8ZX5vFnHNd7zLyaJRiSPTFtL1OJyuit4&amp;__tn__=-UK-R&amp;c[0]=AT3YUrWSIRKxhbNt9ULEvInElE6jO0X1MEhjumXCMWQAjgLpOqLlMbwQyO4bIN2w3vm3FTyjnLrjYkWUGUn5S8Vd2-F6RZh0PpxoddWs41j0WGFIDVsjJipveWYaCAg7r1CdklNIwqtA9K8__lGuZYCwzq6CfS_-5ycwYZ6RpNhqzKzGnIBCE0_hzmQmJYma-h3iW_pPlY3J\" target=\"_blank\" rel=\"nofollow noopener noreferrer\">https:\/\/forms.office.com\/e\/w0Bp94Ptsm?origin=lprLink<\/a><\/div>\n<\/div>\n<div class=\"x11i5rnm xat24cr x1mh8g0r x1vvkbs xtlvy1s x126k92a\">\n<div dir=\"auto\"><strong>El\u00e9rhet\u0151s\u00e9g:<\/strong> lsp@semmelweis.hu<\/div>\n<div dir=\"auto\">*20% kedvezm\u00e9ny Semmelweis polg\u00e1rok r\u00e9sz\u00e9re<\/div>\n<div dir=\"auto\">*10% kedvezm\u00e9ny Semmelweis Alumni tagoknak<\/div>\n<div dir=\"auto\">\u00a0<\/div>\n<div dir=\"auto\"><img loading=\"lazy\" decoding=\"async\" class=\"aligncenter wp-image-11623 size-large\" src=\"https:\/\/semmelweis.hu\/szaknyelv\/files\/2023\/10\/telc-alt.-angol-23-nov-HUN-576x1024.png\" alt=\"\" width=\"576\" height=\"1024\" srcset=\"https:\/\/semmelweis.hu\/szaknyelv\/files\/2023\/10\/telc-alt.-angol-23-nov-HUN-576x1024.png 576w, https:\/\/semmelweis.hu\/szaknyelv\/files\/2023\/10\/telc-alt.-angol-23-nov-HUN-225x400.png 225w, https:\/\/semmelweis.hu\/szaknyelv\/files\/2023\/10\/telc-alt.-angol-23-nov-HUN-768x1365.png 768w, https:\/\/semmelweis.hu\/szaknyelv\/files\/2023\/10\/telc-alt.-angol-23-nov-HUN-864x1536.png 864w, https:\/\/semmelweis.hu\/szaknyelv\/files\/2023\/10\/telc-alt.-angol-23-nov-HUN-753x1339.png 753w, https:\/\/semmelweis.hu\/szaknyelv\/files\/2023\/10\/telc-alt.-angol-23-nov-HUN.png 1080w\" sizes=\"auto, (max-width: 576px) 100vw, 576px\" \/><\/div>\n<\/div>\n<\/div>\n<\/div>\n<\/div>\n<\/div>\n","protected":false},"excerpt":{"rendered":"<p>A Semmelweis Egyetem Szaknyelvi Int\u00e9zete telc B2 vagy C1 vizsgafelk\u00e9sz\u00edt\u0151 tanfolyamokat ind\u00edt ANGOL nyelven\u00a0 \u00a0 K\u00f6vetkez\u0151 vizsga &#8211; B2 vagy C1 szint &#8211; d\u00e1tum: 2023. november 25. &#8211; regisztr\u00e1ci\u00f3s hat\u00e1rid\u0151: 2023. november 3. &#8211; tov\u00e1bbi vizsga inf\u00f3: <a class=\"x1i10hfl xjbqb8w x6umtig x1b1mbwd xaqea5y xav7gou x9f619 x1ypdohk xt0psk2 xe8uvvx xdj266r x11i5rnm xat24cr x1mh8g0r xexx8yu x4uap5 x18d9i69 xkhd6sd x16tdsg8 x1hl2dhg xggy1nq x1a2a7pz xt0b8zv x1fey0fg\" href=\"https:\/\/telc.hu\/nyelvvizsga-idopontok-2023\/?fbclid=IwAR3DuUOGolmnC_0Ng7E2YKPUPXkhOGz87YNTc1CnDoqCm6uHF4psIMVvXLU\" target=\"_blank\" rel=\"nofollow noopener noreferrer\">https:\/\/telc.hu\/nyelvvizsga-idopontok-2023\/<\/a> Online tanfolyamok 1. Vizsgafelk\u00e9sz\u00edt\u0151 (sz\u00f3beli \u00e9s \u00edr\u00e1sbeli) &#8211; 8 alkalom, 3&#215;45 perc\/nap, 100% online, &#8211; 2023. okt\u00f3ber 25. &hellip;<\/p>\n","protected":false},"author":102166,"featured_media":0,"comment_status":"closed","ping_status":"closed","sticky":false,"template":"","format":"standard","meta":{"_acf_changed":false,"footnotes":""},"categories":[23],"tags":[],"class_list":["post-11652","post","type-post","status-publish","format-standard","hentry","category-hirek"],"acf":[],"_links":{"self":[{"href":"https:\/\/semmelweis.hu\/szaknyelv\/wp-json\/wp\/v2\/posts\/11652","targetHints":{"allow":["GET"]}}],"collection":[{"href":"https:\/\/semmelweis.hu\/szaknyelv\/wp-json\/wp\/v2\/posts"}],"about":[{"href":"https:\/\/semmelweis.hu\/szaknyelv\/wp-json\/wp\/v2\/types\/post"}],"author":[{"embeddable":true,"href":"https:\/\/semmelweis.hu\/szaknyelv\/wp-json\/wp\/v2\/users\/102166"}],"replies":[{"embeddable":true,"href":"https:\/\/semmelweis.hu\/szaknyelv\/wp-json\/wp\/v2\/comments?post=11652"}],"version-history":[{"count":5,"href":"https:\/\/semmelweis.hu\/szaknyelv\/wp-json\/wp\/v2\/posts\/11652\/revisions"}],"predecessor-version":[{"id":11658,"href":"https:\/\/semmelweis.hu\/szaknyelv\/wp-json\/wp\/v2\/posts\/11652\/revisions\/11658"}],"wp:attachment":[{"href":"https:\/\/semmelweis.hu\/szaknyelv\/wp-json\/wp\/v2\/media?parent=11652"}],"wp:term":[{"taxonomy":"category","embeddable":true,"href":"https:\/\/semmelweis.hu\/szaknyelv\/wp-json\/wp\/v2\/categories?post=11652"},{"taxonomy":"post_tag","embeddable":true,"href":"https:\/\/semmelweis.hu\/szaknyelv\/wp-json\/wp\/v2\/tags?post=11652"}],"curies":[{"name":"wp","href":"https:\/\/api.w.org\/{rel}","templated":true}]}}