{"id":22737,"date":"2024-08-27T21:11:05","date_gmt":"2024-08-27T19:11:05","guid":{"rendered":"https:\/\/semmelweis.hu\/szak-es-tovabbkepzes\/?p=22737"},"modified":"2024-08-27T21:14:20","modified_gmt":"2024-08-27T19:14:20","slug":"hazi-gyermekorvosi-allas-tokod-es-tokodaltaro","status":"publish","type":"post","link":"https:\/\/semmelweis.hu\/szak-es-tovabbkepzes\/2024\/08\/27\/hazi-gyermekorvosi-allas-tokod-es-tokodaltaro\/","title":{"rendered":"H\u00e1zi gyermekorvosi \u00e1ll\u00e1s Tokod \u00e9s Tokodalt\u00e1r\u00f3"},"content":{"rendered":"<p>A Magyarorsz\u00e1g helyi \u00f6nkorm\u00e1nyzatair\u00f3l sz\u00f3l\u00f3 2011. \u00e9vi CLXXXIX. t\u00f6rv\u00e9ny 13. \u00a7 (1) bekezd\u00e9s 4. pontja szerinti feladat ell\u00e1t\u00e1sa \u00e9rdek\u00e9ben Tokodalt\u00e1r\u00f3 K\u00f6zs\u00e9g \u00d6nkorm\u00e1nyzata p\u00e1ly\u00e1zatot hirdet Tokod \u00e9s Tokodalt\u00e1r\u00f3 telep\u00fcl\u00e9seken a <strong>h\u00e1zi gyermekorvosi feladatok<\/strong> ell\u00e1t\u00e1s\u00e1ra.<\/p>\n<p>A feladat legkor\u00e1bban <strong>2024. \u00e9v november 1.<\/strong> napj\u00e1t\u00f3l l\u00e1that\u00f3 el.<\/p>\n<p>Tov\u00e1bbi inform\u00e1ci\u00f3k: <a href=\"http:\/\/www.tokodaltaro.hu\/index.php\/1211-palyazati-felhivas-gyermekorvosi-feladatok-ellatasara\">www.tokodaltaro.hu\/index.php\/1211-palyazati-felhivas-gyermekorvosi-feladatok-ellatasara<\/a><\/p>\n","protected":false},"excerpt":{"rendered":"<p>A Magyarorsz\u00e1g helyi \u00f6nkorm\u00e1nyzatair\u00f3l sz\u00f3l\u00f3 2011. \u00e9vi CLXXXIX. t\u00f6rv\u00e9ny 13. \u00a7 (1) bekezd\u00e9s 4. pontja szerinti feladat ell\u00e1t\u00e1sa \u00e9rdek\u00e9ben Tokodalt\u00e1r\u00f3 K\u00f6zs\u00e9g \u00d6nkorm\u00e1nyzata p\u00e1ly\u00e1zatot hirdet Tokod \u00e9s Tokodalt\u00e1r\u00f3 telep\u00fcl\u00e9seken a h\u00e1zi gyermekorvosi feladatok ell\u00e1t\u00e1s\u00e1ra.<br \/>\nA feladat legkor\u00e1bban 2024. \u00e9v november 1. napj\u00e1t\u00f3l l\u00e1that\u00f3 el.<br \/>\nTov\u00e1bbi inform\u00e1ci\u00f3k: <a href=\"http:\/\/www.tokodaltaro.hu\/index.php\/1211-palyazati-felhivas-gyermekorvosi-feladatok-ellatasara\">www.tokodaltaro.hu\/index.php\/1211-palyazati-felhivas-gyermekorvosi-feladatok-ellatasara<\/a><\/p>\n","protected":false},"author":101506,"featured_media":0,"comment_status":"closed","ping_status":"closed","sticky":false,"template":"","format":"standard","meta":{"_acf_changed":false,"footnotes":""},"categories":[1],"tags":[],"class_list":["post-22737","post","type-post","status-publish","format-standard","hentry","category-hirek-palyazatok"],"acf":[],"_links":{"self":[{"href":"https:\/\/semmelweis.hu\/szak-es-tovabbkepzes\/wp-json\/wp\/v2\/posts\/22737","targetHints":{"allow":["GET"]}}],"collection":[{"href":"https:\/\/semmelweis.hu\/szak-es-tovabbkepzes\/wp-json\/wp\/v2\/posts"}],"about":[{"href":"https:\/\/semmelweis.hu\/szak-es-tovabbkepzes\/wp-json\/wp\/v2\/types\/post"}],"author":[{"embeddable":true,"href":"https:\/\/semmelweis.hu\/szak-es-tovabbkepzes\/wp-json\/wp\/v2\/users\/101506"}],"replies":[{"embeddable":true,"href":"https:\/\/semmelweis.hu\/szak-es-tovabbkepzes\/wp-json\/wp\/v2\/comments?post=22737"}],"version-history":[{"count":2,"href":"https:\/\/semmelweis.hu\/szak-es-tovabbkepzes\/wp-json\/wp\/v2\/posts\/22737\/revisions"}],"predecessor-version":[{"id":22740,"href":"https:\/\/semmelweis.hu\/szak-es-tovabbkepzes\/wp-json\/wp\/v2\/posts\/22737\/revisions\/22740"}],"wp:attachment":[{"href":"https:\/\/semmelweis.hu\/szak-es-tovabbkepzes\/wp-json\/wp\/v2\/media?parent=22737"}],"wp:term":[{"taxonomy":"category","embeddable":true,"href":"https:\/\/semmelweis.hu\/szak-es-tovabbkepzes\/wp-json\/wp\/v2\/categories?post=22737"},{"taxonomy":"post_tag","embeddable":true,"href":"https:\/\/semmelweis.hu\/szak-es-tovabbkepzes\/wp-json\/wp\/v2\/tags?post=22737"}],"curies":[{"name":"wp","href":"https:\/\/api.w.org\/{rel}","templated":true}]}}