{"id":22702,"date":"2024-06-27T12:50:40","date_gmt":"2024-06-27T10:50:40","guid":{"rendered":"https:\/\/semmelweis.hu\/szak-es-tovabbkepzes\/?p=22702"},"modified":"2024-06-27T12:50:40","modified_gmt":"2024-06-27T10:50:40","slug":"foglalkozas-egeszsegugy-rezidensi-hely","status":"publish","type":"post","link":"https:\/\/semmelweis.hu\/szak-es-tovabbkepzes\/2024\/06\/27\/foglalkozas-egeszsegugy-rezidensi-hely\/","title":{"rendered":"Foglalkoz\u00e1s-eg\u00e9szs\u00e9g\u00fcgy rezidensi hely"},"content":{"rendered":"<p style=\"font-weight: 400\"><strong>Az Orsz\u00e1gos Foglalkoz\u00e1s-Eg\u00e9szs\u00e9g\u00fcgyi Szolg\u00e1lat Kft. foglalkoz\u00e1s-eg\u00e9szs\u00e9g\u00fcgy k\u00e9pz\u00e9sre\u00a0 akkredit\u00e1lt k\u00e9pz\u0151helyk\u00e9nt v\u00e1rja rezidensek jelentkez\u00e9s\u00e9t.<\/strong><\/p>\n<p style=\"font-weight: 400\">C\u00e9g\u00fcnk t\u00f6bb, mint 15 \u00e9ve ny\u00fajt foglalkoz\u00e1s-eg\u00e9szs\u00e9g\u00fcgyi szolg\u00e1ltat\u00e1st orsz\u00e1gos szinten, amely keret\u00e9ben t\u00f6bb mint ezer c\u00e9g \u00fczemorvosi ell\u00e1t\u00e1s\u00e1t v\u00e9gzi.\u00a0<\/p>\n<p style=\"font-weight: 400\"><strong>K\u00e9pz\u00e9s \u00e9s gyakorlat helysz\u00edne:<\/strong><\/p>\n<p style=\"font-weight: 400\">A foglalkoz\u00e1s-eg\u00e9szs\u00e9g\u00fcgyi tev\u00e9kenys\u00e9g \u00e9s a k\u00e9pz\u00e9s helysz\u00edne Budapesten, k\u00f6zponti helyen, a 1132 Budapest, Visegr\u00e1di utca 48. sz\u00e1m alatt van.<\/p>\n<p style=\"font-weight: 400\">El\u0151nyeink:\u00a0<\/p>\n<ul style=\"font-weight: 400\">\n<li>Szakmailag felk\u00e9sz\u00fclt, t\u00f6bb \u00e9vtizedes gyakorlattal rendelkez\u0151 koll\u00e9g\u00e1t\u00f3l tanulhat.\u00a0\u00a0<\/li>\n<li>Bar\u00e1ts\u00e1gos l\u00e9gk\u00f6r, \u00f6sszeszokott csapat, rugalmas vezet\u0151s\u00e9g.<\/li>\n<li>Kisebb \u00e9s t\u00f6bb sz\u00e1z f\u0151s nagy c\u00e9gek is vannak az \u00fcgyfeleink k\u00f6z\u00f6tt, a szakma szinte minden\u00a0 ter\u00fclet\u00e9vel megismerkedhet.<\/li>\n<li>A szakvizsga megszerz\u00e9se ut\u00e1n, kiemelked\u0151 fizet\u00e9ssel\u00a0 tov\u00e1bb foglalkoztat\u00e1s lehet\u0151s\u00e9g\u00e9t tudjuk aj\u00e1nlani.\u00a0<\/li>\n<\/ul>\n<p style=\"font-weight: 400\">Tov\u00e1bbi inform\u00e1ci\u00f3k, jelentkez\u00e9s a RENY port\u00e1lon.<\/p>\n<p style=\"font-weight: 400\">A rezidensi hely bet\u00f6lthet\u0151: 2024.09.01-t\u0151l<\/p>\n<p style=\"font-weight: 400\">\u00a0<\/p>\n<p style=\"font-weight: 400\"><strong>K\u00e9pz\u0151hely el\u00e9rhet\u0151s\u00e9gei &#8211; inform\u00e1ci\u00f3:<\/strong><\/p>\n<p style=\"font-weight: 400\">Kir\u00e1ly Lilla<br \/>\n+36 20 779 2828<br \/>\n<a href=\"mailto:kiraly.lilla@ofesz.hu\">kiraly.lilla@ofesz.hu<\/a><\/p>\n","protected":false},"excerpt":{"rendered":"<p>Az Orsz\u00e1gos Foglalkoz\u00e1s-Eg\u00e9szs\u00e9g\u00fcgyi Szolg\u00e1lat Kft. foglalkoz\u00e1s-eg\u00e9szs\u00e9g\u00fcgy k\u00e9pz\u00e9sre\u00a0 akkredit\u00e1lt k\u00e9pz\u0151helyk\u00e9nt v\u00e1rja rezidensek jelentkez\u00e9s\u00e9t. C\u00e9g\u00fcnk t\u00f6bb, mint 15 \u00e9ve ny\u00fajt foglalkoz\u00e1s-eg\u00e9szs\u00e9g\u00fcgyi szolg\u00e1ltat\u00e1st orsz\u00e1gos szinten, amely keret\u00e9ben t\u00f6bb mint ezer c\u00e9g \u00fczemorvosi ell\u00e1t\u00e1s\u00e1t v\u00e9gzi.\u00a0 K\u00e9pz\u00e9s \u00e9s gyakorlat helysz\u00edne: A foglalkoz\u00e1s-eg\u00e9szs\u00e9g\u00fcgyi tev\u00e9kenys\u00e9g \u00e9s a k\u00e9pz\u00e9s helysz\u00edne Budapesten, k\u00f6zponti helyen, a 1132 Budapest, Visegr\u00e1di utca 48. sz\u00e1m alatt van. El\u0151nyeink:\u00a0 &hellip;<\/p>\n","protected":false},"author":101506,"featured_media":0,"comment_status":"closed","ping_status":"closed","sticky":false,"template":"","format":"standard","meta":{"_acf_changed":false,"footnotes":""},"categories":[1],"tags":[],"class_list":["post-22702","post","type-post","status-publish","format-standard","hentry","category-hirek-palyazatok"],"acf":[],"_links":{"self":[{"href":"https:\/\/semmelweis.hu\/szak-es-tovabbkepzes\/wp-json\/wp\/v2\/posts\/22702","targetHints":{"allow":["GET"]}}],"collection":[{"href":"https:\/\/semmelweis.hu\/szak-es-tovabbkepzes\/wp-json\/wp\/v2\/posts"}],"about":[{"href":"https:\/\/semmelweis.hu\/szak-es-tovabbkepzes\/wp-json\/wp\/v2\/types\/post"}],"author":[{"embeddable":true,"href":"https:\/\/semmelweis.hu\/szak-es-tovabbkepzes\/wp-json\/wp\/v2\/users\/101506"}],"replies":[{"embeddable":true,"href":"https:\/\/semmelweis.hu\/szak-es-tovabbkepzes\/wp-json\/wp\/v2\/comments?post=22702"}],"version-history":[{"count":1,"href":"https:\/\/semmelweis.hu\/szak-es-tovabbkepzes\/wp-json\/wp\/v2\/posts\/22702\/revisions"}],"predecessor-version":[{"id":22703,"href":"https:\/\/semmelweis.hu\/szak-es-tovabbkepzes\/wp-json\/wp\/v2\/posts\/22702\/revisions\/22703"}],"wp:attachment":[{"href":"https:\/\/semmelweis.hu\/szak-es-tovabbkepzes\/wp-json\/wp\/v2\/media?parent=22702"}],"wp:term":[{"taxonomy":"category","embeddable":true,"href":"https:\/\/semmelweis.hu\/szak-es-tovabbkepzes\/wp-json\/wp\/v2\/categories?post=22702"},{"taxonomy":"post_tag","embeddable":true,"href":"https:\/\/semmelweis.hu\/szak-es-tovabbkepzes\/wp-json\/wp\/v2\/tags?post=22702"}],"curies":[{"name":"wp","href":"https:\/\/api.w.org\/{rel}","templated":true}]}}