{"id":2501,"date":"2026-03-26T22:21:08","date_gmt":"2026-03-26T21:21:08","guid":{"rendered":"https:\/\/semmelweis.hu\/surgosseg\/?p=2501"},"modified":"2026-03-26T22:21:08","modified_gmt":"2026-03-26T21:21:08","slug":"%f0%9f%93%a2-rezidens-allaslehetoseg","status":"publish","type":"post","link":"https:\/\/semmelweis.hu\/surgosseg\/2026\/03\/26\/%f0%9f%93%a2-rezidens-allaslehetoseg\/","title":{"rendered":"\ud83d\udce2\u00a0Rezidens \u00e1ll\u00e1slehet\u0151s\u00e9g!"},"content":{"rendered":"<p class=\"x_MsoNormal\">Szeretn\u00e9l egy dinamikus, kih\u00edv\u00e1sokkal teli k\u00f6rnyezetben dolgozni, ahol val\u00f3di tapasztalatot szerezhetsz \u00e9s fejl\u0151dhetsz?<\/p>\n<p class=\"x_MsoNormal\">Csatlakozz csapatunkhoz!<\/p>\n<p class=\"x_MsoNormal\">Olyan koll\u00e9g\u00e1kat keres\u00fcnk, akik:<\/p>\n<ul type=\"disc\">\n<li class=\"x_MsoListParagraph\">j\u00f3l b\u00edrj\u00e1k a p\u00f6rg\u00e9st<\/li>\n<li class=\"x_MsoListParagraph\">csapatban gondolkodnak<\/li>\n<li class=\"x_MsoListParagraph\">fejl\u0151dni \u00e9s tanulni szeretn\u00e9nek<\/li>\n<\/ul>\n<p class=\"x_MsoNormal\">Rezidensk\u00e9nt lehet\u0151s\u00e9ged ny\u00edlik csatlakozni gradu\u00e1lis oktat\u00e1sba, sz\u00e1mos munkacsoport tagjai k\u00f6z\u00e9 (szimul\u00e1ci\u00f3, ultrahang), valamint t\u00f6bb kutat\u00e1si opci\u00f3 k\u00f6z\u00fcl is v\u00e1laszthatsz!<\/p>\n<p class=\"x_MsoNormal\">\ud83d\udcdd\u00a0Jelentkez\u00e9s menete:<\/p>\n<p class=\"x_MsoNormal\">A felv\u00e9teli elj\u00e1r\u00e1srendnek megfelel\u0151en k\u00e9rj\u00fck, hogy jelentkez\u00e9sedet a RENY rendszerben ny\u00fajtsd be.<\/p>\n<p class=\"x_MsoNormal\">\ud83d\udcc4\u00a0Emellett k\u00e9rj\u00fck, hogy \u00f6n\u00e9letrajzodat k\u00fcldd el az\u00a0<a href=\"mailto:sbo@semmelweis.hu\">sbo@semmelweis.hu<\/a>\u00a0email c\u00edmre.<\/p>\n<p class=\"x_MsoNormal\">Ne hagyd ki ezt a lehet\u0151s\u00e9get \u2013 v\u00e1rjuk jelentkez\u00e9sed!<\/p>\n","protected":false},"excerpt":{"rendered":"<p>Szeretn\u00e9l egy dinamikus, kih\u00edv\u00e1sokkal teli k\u00f6rnyezetben dolgozni, ahol val\u00f3di tapasztalatot szerezhetsz \u00e9s fejl\u0151dhetsz? Csatlakozz csapatunkhoz! Olyan koll\u00e9g\u00e1kat keres\u00fcnk, akik: j\u00f3l b\u00edrj\u00e1k a p\u00f6rg\u00e9st csapatban gondolkodnak fejl\u0151dni \u00e9s tanulni szeretn\u00e9nek Rezidensk\u00e9nt lehet\u0151s\u00e9ged ny\u00edlik csatlakozni gradu\u00e1lis oktat\u00e1sba, sz\u00e1mos munkacsoport tagjai k\u00f6z\u00e9 (szimul\u00e1ci\u00f3, ultrahang), valamint t\u00f6bb kutat\u00e1si opci\u00f3 k\u00f6z\u00fcl is v\u00e1laszthatsz! \ud83d\udcdd\u00a0Jelentkez\u00e9s menete: A felv\u00e9teli elj\u00e1r\u00e1srendnek megfelel\u0151en k\u00e9rj\u00fck, &hellip;<\/p>\n","protected":false},"author":102257,"featured_media":2502,"comment_status":"closed","ping_status":"closed","sticky":false,"template":"","format":"standard","meta":{"_acf_changed":false,"footnotes":""},"categories":[1],"tags":[],"class_list":["post-2501","post","type-post","status-publish","format-standard","has-post-thumbnail","hentry","category-hirek"],"acf":[],"_links":{"self":[{"href":"https:\/\/semmelweis.hu\/surgosseg\/wp-json\/wp\/v2\/posts\/2501","targetHints":{"allow":["GET"]}}],"collection":[{"href":"https:\/\/semmelweis.hu\/surgosseg\/wp-json\/wp\/v2\/posts"}],"about":[{"href":"https:\/\/semmelweis.hu\/surgosseg\/wp-json\/wp\/v2\/types\/post"}],"author":[{"embeddable":true,"href":"https:\/\/semmelweis.hu\/surgosseg\/wp-json\/wp\/v2\/users\/102257"}],"replies":[{"embeddable":true,"href":"https:\/\/semmelweis.hu\/surgosseg\/wp-json\/wp\/v2\/comments?post=2501"}],"version-history":[{"count":2,"href":"https:\/\/semmelweis.hu\/surgosseg\/wp-json\/wp\/v2\/posts\/2501\/revisions"}],"predecessor-version":[{"id":2504,"href":"https:\/\/semmelweis.hu\/surgosseg\/wp-json\/wp\/v2\/posts\/2501\/revisions\/2504"}],"wp:featuredmedia":[{"embeddable":true,"href":"https:\/\/semmelweis.hu\/surgosseg\/wp-json\/wp\/v2\/media\/2502"}],"wp:attachment":[{"href":"https:\/\/semmelweis.hu\/surgosseg\/wp-json\/wp\/v2\/media?parent=2501"}],"wp:term":[{"taxonomy":"category","embeddable":true,"href":"https:\/\/semmelweis.hu\/surgosseg\/wp-json\/wp\/v2\/categories?post=2501"},{"taxonomy":"post_tag","embeddable":true,"href":"https:\/\/semmelweis.hu\/surgosseg\/wp-json\/wp\/v2\/tags?post=2501"}],"curies":[{"name":"wp","href":"https:\/\/api.w.org\/{rel}","templated":true}]}}