{"id":2285,"date":"2025-03-05T15:12:50","date_gmt":"2025-03-05T14:12:50","guid":{"rendered":"https:\/\/semmelweis.hu\/surgosseg\/?p=2285"},"modified":"2025-03-05T15:20:24","modified_gmt":"2025-03-05T14:20:24","slug":"meghivo-a-xiii-mediterranean-emergency-medicine-congress-re-memc25","status":"publish","type":"post","link":"https:\/\/semmelweis.hu\/surgosseg\/2025\/03\/05\/meghivo-a-xiii-mediterranean-emergency-medicine-congress-re-memc25\/","title":{"rendered":"Megh\u00edv\u00f3 a XIII. Mediterranean Emergency Medicine Congress-re (MEMC25)"},"content":{"rendered":"<p>Kedves Koll\u00e9g\u00e1k!<\/p>\n<p>&nbsp;<\/p>\n<p>\u00d6r\u00f6mmel \u00e9rtes\u00edtj\u00fck \u00d6n\u00f6ket, hogy 2025. augusztus 14\u201317. k\u00f6z\u00f6tt Budapesten, a Semmelweis Egyetemen ker\u00fcl megrendez\u00e9sre a XIII. Mediterranean Emergency Medicine Congress (MEMC25). Az esem\u00e9nyt a Mediterranean Academy of Emergency Medicine (MAEM) szervezi, az American Academy of Emergency Medicine (AAEM) \u00e9s a Semmelweis Egyetem t\u00e1mogat\u00e1s\u00e1val.<\/p>\n<p>&nbsp;<\/p>\n<p>A kongresszus a s\u00fcrg\u0151ss\u00e9gi orvostan glob\u00e1lis fejl\u0151d\u00e9s\u00e9t \u00e9s innov\u00e1ci\u00f3it \u00fcnnepli, lehet\u0151s\u00e9get teremtve az eszmecser\u00e9re, szakmai kapcsolatok \u00e9p\u00edt\u00e9s\u00e9re \u00e9s a leg\u00fajabb tudom\u00e1nyos eredm\u00e9nyek megismer\u00e9s\u00e9re. A program a s\u00fcrg\u0151ss\u00e9gi orvostan legfontosabb ter\u00fcleteit \u00f6leli fel, mint p\u00e9ld\u00e1ul:<\/p>\n<p>\u2022 traumaell\u00e1t\u00e1s,<\/p>\n<p>\u2022 kardiol\u00f3gia,<\/p>\n<p>\u2022 intenz\u00edv ter\u00e1pia,<\/p>\n<p>\u2022 toxikol\u00f3gia,<\/p>\n<p>\u2022 \u00e9s a prehospit\u00e1lis rendszerek fejleszt\u00e9se.<\/p>\n<p>&nbsp;<\/p>\n<p>A kongresszuson plen\u00e1ris el\u0151ad\u00e1sok, gyakorlati workshopok, valamint a leg\u00fajabb kutat\u00e1si eredm\u00e9nyek bemutat\u00e1sa is helyet kap. Az esem\u00e9ny c\u00e9lja, hogy orvosok, rezidensek, \u00e1pol\u00f3k, ment\u0151tisztek \u00e9s kutat\u00f3k sz\u00e1m\u00e1ra is \u00e9rt\u00e9kes tapasztalatokat ny\u00fajtson.<\/p>\n<p>&nbsp;<\/p>\n<p>Program<\/p>\n<p>\u2022 2025. augusztus 14.: Pre-kongresszus kurzusok.<\/p>\n<p>\u2022 2025. augusztus 15\u201317.: A kongresszus hivatalos programja.<\/p>\n<p>&nbsp;<\/p>\n<p>Helysz\u00edn: Semmelweis Egyetem, Budapest<\/p>\n<p>&nbsp;<\/p>\n<p>Fontos id\u0151pontok:<\/p>\n<p>\u2022 Absztrakt bek\u00fcld\u00e9s nyit\u00e1sa: 2024. december 15.<\/p>\n<p>\u2022 Regisztr\u00e1ci\u00f3 kezdete: 2025. janu\u00e1r 5.<\/p>\n<p>\u2022 El\u0151ad\u00f3i javaslatok bek\u00fcld\u00e9si hat\u00e1rideje: 2025. m\u00e1rcius 1.<\/p>\n<p>\u2022 Absztrakt bek\u00fcld\u00e9si hat\u00e1rid\u0151: 2025. \u00e1prilis 1.<\/p>\n<p>\u2022 Sz\u00e1ll\u00e1sfoglal\u00e1s hat\u00e1rideje: 2025. j\u00fanius 1.<\/p>\n<p>\u2022 Kedvezm\u00e9nyes regisztr\u00e1ci\u00f3 hat\u00e1rideje: 2025. j\u00falius 1.<\/p>\n<p>\u2022 Kongresszus id\u0151pontja: 2025. augusztus 14\u201317.<\/p>\n<p>R\u00e9szletes inform\u00e1ci\u00f3k \u00e9s regisztr\u00e1ci\u00f3: https:\/\/emcongress.org<\/p>\n<p>Ha sz\u00edvesen tartana el\u0151ad\u00e1st a kongresszuson, k\u00e9rj\u00fck, k\u00fcldje el szakmai \u00f6n\u00e9letrajz\u00e1t \u00e9s javasolt el\u0151ad\u00e1s t\u00e9m\u00e1j\u00e1t a memc25@maem-org.me e-mail c\u00edmre 2025. m\u00e1rcius 1-j\u00e9ig.<\/p>\n<p>&nbsp;<\/p>\n<p>B\u00edzunk benne, hogy \u00d6n is csatlakozik hozz\u00e1nk, \u00e9s r\u00e9szese lesz ennek a nemzetk\u00f6zi szakmai k\u00f6z\u00f6ss\u00e9gnek.<\/p>\n<p>&nbsp;<\/p>\n<p>&nbsp;<\/p>\n<p>\u00dcdv\u00f6zlettel:<\/p>\n<p>A MEMC25 Szervez\u0151bizotts\u00e1ga<\/p>\n","protected":false},"excerpt":{"rendered":"<p>Kedves Koll\u00e9g\u00e1k! &nbsp; \u00d6r\u00f6mmel \u00e9rtes\u00edtj\u00fck \u00d6n\u00f6ket, hogy 2025. augusztus 14\u201317. k\u00f6z\u00f6tt Budapesten, a Semmelweis Egyetemen ker\u00fcl megrendez\u00e9sre a XIII. Mediterranean Emergency Medicine Congress (MEMC25). Az esem\u00e9nyt a Mediterranean Academy of Emergency Medicine (MAEM) szervezi, az American Academy of Emergency Medicine (AAEM) \u00e9s a Semmelweis Egyetem t\u00e1mogat\u00e1s\u00e1val. &nbsp; A kongresszus a s\u00fcrg\u0151ss\u00e9gi orvostan glob\u00e1lis fejl\u0151d\u00e9s\u00e9t \u00e9s &hellip;<\/p>\n","protected":false},"author":102257,"featured_media":2288,"comment_status":"closed","ping_status":"closed","sticky":false,"template":"","format":"standard","meta":{"_acf_changed":false,"footnotes":""},"categories":[1],"tags":[],"class_list":["post-2285","post","type-post","status-publish","format-standard","has-post-thumbnail","hentry","category-hirek"],"acf":[],"_links":{"self":[{"href":"https:\/\/semmelweis.hu\/surgosseg\/wp-json\/wp\/v2\/posts\/2285","targetHints":{"allow":["GET"]}}],"collection":[{"href":"https:\/\/semmelweis.hu\/surgosseg\/wp-json\/wp\/v2\/posts"}],"about":[{"href":"https:\/\/semmelweis.hu\/surgosseg\/wp-json\/wp\/v2\/types\/post"}],"author":[{"embeddable":true,"href":"https:\/\/semmelweis.hu\/surgosseg\/wp-json\/wp\/v2\/users\/102257"}],"replies":[{"embeddable":true,"href":"https:\/\/semmelweis.hu\/surgosseg\/wp-json\/wp\/v2\/comments?post=2285"}],"version-history":[{"count":1,"href":"https:\/\/semmelweis.hu\/surgosseg\/wp-json\/wp\/v2\/posts\/2285\/revisions"}],"predecessor-version":[{"id":2287,"href":"https:\/\/semmelweis.hu\/surgosseg\/wp-json\/wp\/v2\/posts\/2285\/revisions\/2287"}],"wp:featuredmedia":[{"embeddable":true,"href":"https:\/\/semmelweis.hu\/surgosseg\/wp-json\/wp\/v2\/media\/2288"}],"wp:attachment":[{"href":"https:\/\/semmelweis.hu\/surgosseg\/wp-json\/wp\/v2\/media?parent=2285"}],"wp:term":[{"taxonomy":"category","embeddable":true,"href":"https:\/\/semmelweis.hu\/surgosseg\/wp-json\/wp\/v2\/categories?post=2285"},{"taxonomy":"post_tag","embeddable":true,"href":"https:\/\/semmelweis.hu\/surgosseg\/wp-json\/wp\/v2\/tags?post=2285"}],"curies":[{"name":"wp","href":"https:\/\/api.w.org\/{rel}","templated":true}]}}