{"id":2271,"date":"2025-02-25T11:43:48","date_gmt":"2025-02-25T10:43:48","guid":{"rendered":"https:\/\/semmelweis.hu\/surgosseg\/?p=2271"},"modified":"2025-02-25T18:44:15","modified_gmt":"2025-02-25T17:44:15","slug":"pocus-jartassagi-kepzes","status":"publish","type":"post","link":"https:\/\/semmelweis.hu\/surgosseg\/2025\/02\/25\/pocus-jartassagi-kepzes\/","title":{"rendered":"POCUS J\u00e1rtass\u00e1gi K\u00e9pz\u00e9s"},"content":{"rendered":"<p>&nbsp;<\/p>\n<p>&nbsp;<\/p>\n<p><img loading=\"lazy\" decoding=\"async\" class=\"size-medium wp-image-2272 alignright\" src=\"https:\/\/semmelweis.hu\/surgosseg\/files\/2025\/02\/original-567AB3A8-2B8A-4FC1-AE6A-BEFC22F994B2-400x300.jpeg\" alt=\"\" width=\"400\" height=\"300\" srcset=\"https:\/\/semmelweis.hu\/surgosseg\/files\/2025\/02\/original-567AB3A8-2B8A-4FC1-AE6A-BEFC22F994B2-400x300.jpeg 400w, https:\/\/semmelweis.hu\/surgosseg\/files\/2025\/02\/original-567AB3A8-2B8A-4FC1-AE6A-BEFC22F994B2-1024x768.jpeg 1024w, https:\/\/semmelweis.hu\/surgosseg\/files\/2025\/02\/original-567AB3A8-2B8A-4FC1-AE6A-BEFC22F994B2-768x576.jpeg 768w, https:\/\/semmelweis.hu\/surgosseg\/files\/2025\/02\/original-567AB3A8-2B8A-4FC1-AE6A-BEFC22F994B2-1536x1152.jpeg 1536w, https:\/\/semmelweis.hu\/surgosseg\/files\/2025\/02\/original-567AB3A8-2B8A-4FC1-AE6A-BEFC22F994B2-753x565.jpeg 753w, https:\/\/semmelweis.hu\/surgosseg\/files\/2025\/02\/original-567AB3A8-2B8A-4FC1-AE6A-BEFC22F994B2.jpeg 2000w\" sizes=\"auto, (max-width: 400px) 100vw, 400px\" \/><\/p>\n<p>Imm\u00e1ron m\u00e1sodik alkalommal ker\u00fclt megrendez\u00e9sre a S\u00fcrg\u0151ss\u00e9gi Orvostani Klinika Ultrahang Munkacsoportja \u00e1ltal szervezett \u201ePOCUS J\u00e1rtass\u00e1gi k\u00e9pz\u00e9s\u201d, mely sor\u00e1n a r\u00e9sztvev\u0151k megismerhett\u00e9k a s\u00fcrg\u0151ss\u00e9gi \u00e1gymelletti ultrahangvizsg\u00e1latok elm\u00e9leti \u00e9s gyakorlati alapjait.<\/p>\n<p>Gratul\u00e1lunk mindenkinek, aki r\u00e9szt vett ezen a kimer\u00edt\u0151, de mindenk\u00e9ppen hasznos k\u00e9pz\u00e9sen \u00e9s folytatja a gyakorlati ultrahangos k\u00e9szs\u00e9geinek fejleszt\u00e9s\u00e9t a folyamatos, mentor\u00e1lt tanul\u00e1s \u00e1ltal.<\/p>\n<p>Tov\u00e1bbi inform\u00e1ci\u00f3k a munkacsoportr\u00f3l az al\u00e1bbi linken:<\/p>\n<p><a href=\"https:\/\/semmelweis.hu\/surgosseg\/oktatas\/kepzeseink\/pocus-alapjai-a-surgossegi-betegellatasban\/\">https:\/\/semmelweis.hu\/surgosseg\/oktatas\/kepzeseink\/pocus-alapjai-a-surgossegi-betegellatasban\/<\/a><\/p>\n<p>&nbsp;<\/p>\n<p>&nbsp;<\/p>\n","protected":false},"excerpt":{"rendered":"<p>&nbsp; &nbsp; Imm\u00e1ron m\u00e1sodik alkalommal ker\u00fclt megrendez\u00e9sre a S\u00fcrg\u0151ss\u00e9gi Orvostani Klinika Ultrahang Munkacsoportja \u00e1ltal szervezett \u201ePOCUS J\u00e1rtass\u00e1gi k\u00e9pz\u00e9s\u201d, mely sor\u00e1n a r\u00e9sztvev\u0151k megismerhett\u00e9k a s\u00fcrg\u0151ss\u00e9gi \u00e1gymelletti ultrahangvizsg\u00e1latok elm\u00e9leti \u00e9s gyakorlati alapjait. Gratul\u00e1lunk mindenkinek, aki r\u00e9szt vett ezen a kimer\u00edt\u0151, de mindenk\u00e9ppen hasznos k\u00e9pz\u00e9sen \u00e9s folytatja a gyakorlati ultrahangos k\u00e9szs\u00e9geinek fejleszt\u00e9s\u00e9t a folyamatos, mentor\u00e1lt tanul\u00e1s \u00e1ltal. &hellip;<\/p>\n","protected":false},"author":102257,"featured_media":2272,"comment_status":"closed","ping_status":"closed","sticky":false,"template":"","format":"standard","meta":{"_acf_changed":false,"footnotes":""},"categories":[1],"tags":[],"class_list":["post-2271","post","type-post","status-publish","format-standard","has-post-thumbnail","hentry","category-hirek"],"acf":[],"_links":{"self":[{"href":"https:\/\/semmelweis.hu\/surgosseg\/wp-json\/wp\/v2\/posts\/2271","targetHints":{"allow":["GET"]}}],"collection":[{"href":"https:\/\/semmelweis.hu\/surgosseg\/wp-json\/wp\/v2\/posts"}],"about":[{"href":"https:\/\/semmelweis.hu\/surgosseg\/wp-json\/wp\/v2\/types\/post"}],"author":[{"embeddable":true,"href":"https:\/\/semmelweis.hu\/surgosseg\/wp-json\/wp\/v2\/users\/102257"}],"replies":[{"embeddable":true,"href":"https:\/\/semmelweis.hu\/surgosseg\/wp-json\/wp\/v2\/comments?post=2271"}],"version-history":[{"count":4,"href":"https:\/\/semmelweis.hu\/surgosseg\/wp-json\/wp\/v2\/posts\/2271\/revisions"}],"predecessor-version":[{"id":2282,"href":"https:\/\/semmelweis.hu\/surgosseg\/wp-json\/wp\/v2\/posts\/2271\/revisions\/2282"}],"wp:featuredmedia":[{"embeddable":true,"href":"https:\/\/semmelweis.hu\/surgosseg\/wp-json\/wp\/v2\/media\/2272"}],"wp:attachment":[{"href":"https:\/\/semmelweis.hu\/surgosseg\/wp-json\/wp\/v2\/media?parent=2271"}],"wp:term":[{"taxonomy":"category","embeddable":true,"href":"https:\/\/semmelweis.hu\/surgosseg\/wp-json\/wp\/v2\/categories?post=2271"},{"taxonomy":"post_tag","embeddable":true,"href":"https:\/\/semmelweis.hu\/surgosseg\/wp-json\/wp\/v2\/tags?post=2271"}],"curies":[{"name":"wp","href":"https:\/\/api.w.org\/{rel}","templated":true}]}}