{"id":2208,"date":"2024-11-27T14:21:41","date_gmt":"2024-11-27T13:21:41","guid":{"rendered":"https:\/\/semmelweis.hu\/surgosseg\/?p=2208"},"modified":"2024-11-27T14:43:24","modified_gmt":"2024-11-27T13:43:24","slug":"klinikank-kiemelkedo-szereplese-az-msotke-2024-es-kongresszusan","status":"publish","type":"post","link":"https:\/\/semmelweis.hu\/surgosseg\/2024\/11\/27\/klinikank-kiemelkedo-szereplese-az-msotke-2024-es-kongresszusan\/","title":{"rendered":"Klinik\u00e1nk kiemelked\u0151 szerepl\u00e9se az MSOTKE 2024-es kongresszus\u00e1n"},"content":{"rendered":"<p><img loading=\"lazy\" decoding=\"async\" class=\" wp-image-2212 alignright\" src=\"https:\/\/semmelweis.hu\/surgosseg\/files\/2024\/11\/Image-7-400x267.jpeg\" alt=\"\" width=\"389\" height=\"260\" srcset=\"https:\/\/semmelweis.hu\/surgosseg\/files\/2024\/11\/Image-7-400x267.jpeg 400w, https:\/\/semmelweis.hu\/surgosseg\/files\/2024\/11\/Image-7-1024x683.jpeg 1024w, https:\/\/semmelweis.hu\/surgosseg\/files\/2024\/11\/Image-7-768x512.jpeg 768w, https:\/\/semmelweis.hu\/surgosseg\/files\/2024\/11\/Image-7-753x502.jpeg 753w, https:\/\/semmelweis.hu\/surgosseg\/files\/2024\/11\/Image-7-203x135.jpeg 203w, https:\/\/semmelweis.hu\/surgosseg\/files\/2024\/11\/Image-7.jpeg 1350w\" sizes=\"auto, (max-width: 389px) 100vw, 389px\" \/><\/p>\n<p>2024. november 7-9. k\u00f6z\u00f6tt Si\u00f3fokon ker\u00fclt megrendez\u00e9sre a\u00a0Magyar S\u00fc<span style=\"font-size: 1rem\">rg\u0151ss\u00e9gi Orvostani T<\/span><span style=\"font-size: 1rem\">\u00e1rsas\u00e1g (MSOTKE) \u00e9ves kongresszusa, amely a s\u00fcrg\u0151ss\u00e9gi ell\u00e1t\u00e1s szakmai k\u00f6z\u00f6ss\u00e9g\u00e9nek egyik legfontosabb <\/span>esem\u00e9nye.<\/p>\n<p>B\u00fcszk\u00e9k vagyunk r\u00e1, hogy klinik\u00e1nk nemcsak a legnagyobb l\u00e9tsz\u00e1m\u00fa k\u00fcld\u00f6tts\u00e9ggel k\u00e9pviseltette mag\u00e1t, hanem sz\u00e1mos el\u0151ad\u00e1ssal, poszterbemutat\u00f3val \u00e9s \u00fcl\u00e9seln\u00f6ki szereppel is hozz\u00e1j\u00e1rult a szakmai program siker\u00e9hez.<\/p>\n<p>&nbsp;<\/p>\n<p><strong>El\u0151ad\u00e1sok:<\/strong><img loading=\"lazy\" decoding=\"async\" class=\"size-medium wp-image-2211 alignright\" src=\"https:\/\/semmelweis.hu\/surgosseg\/files\/2024\/11\/Image-9-400x267.jpeg\" alt=\"\" width=\"400\" height=\"267\" srcset=\"https:\/\/semmelweis.hu\/surgosseg\/files\/2024\/11\/Image-9-400x267.jpeg 400w, https:\/\/semmelweis.hu\/surgosseg\/files\/2024\/11\/Image-9-1024x683.jpeg 1024w, https:\/\/semmelweis.hu\/surgosseg\/files\/2024\/11\/Image-9-768x512.jpeg 768w, https:\/\/semmelweis.hu\/surgosseg\/files\/2024\/11\/Image-9-753x502.jpeg 753w, https:\/\/semmelweis.hu\/surgosseg\/files\/2024\/11\/Image-9-203x135.jpeg 203w, https:\/\/semmelweis.hu\/surgosseg\/files\/2024\/11\/Image-9.jpeg 1350w\" sizes=\"auto, (max-width: 400px) 100vw, 400px\" \/><\/p>\n<p><span style=\"font-size: 1rem\">Dr. Ga\u00e1l Szabolcs &#8211; Geri\u00e1triai s\u00fcrgo\u030bss\u00e9gi ell\u00e1t\u00e1s a vil\u00e1gban.<\/span><\/p>\n<p><span style=\"font-size: 1rem\">Hetzman L\u00e1szl\u00f3 &#8211; Hol, mit m\u00e9r\u00fcnk? &#8211; egy MSOTKE felm\u00e9r\u00e9s eredm\u00e9ny<\/span><span style=\"font-size: 1rem\">ei<\/span><\/p>\n<p>Dr. S\u00f3ti \u00c1kos &#8211; M\u00e9rj\u00fcnk, de mit, mennyit \u00e9s mi\u00e9rt?<\/p>\n<p>Dr. Ber\u00e9nyi Tam\u00e1s &#8211; Briefing<\/p>\n<p>Dr. Imecz Judit &#8211; V\u00e9rz\u00e9smenedzsment a s\u00fcrgo\u030bss\u00e9gi ell\u00e1t\u00e1sban<\/p>\n<p>Dr. Melicher D\u00f3ra &#8211; A mesenterialis ischaemia kih\u00edv\u00e1sai \u2013 F\u00f3kuszban egy hasi f\u00e1jdalommal jelentkezo\u030b 34 \u00e9ves v\u00e1rand\u00f3s s\u00fcrgo\u030bss\u00e9gi ell\u00e1t\u00e1sa- vet\u00e9l\u00e9s k\u00f6zben diagnosztiz\u00e1lt mesenterialis art\u00e9ria thrombozis<\/p>\n<p><strong>Poszter el\u0151ad\u00e1sok:<\/strong><\/p>\n<p>Dr. Mer\u00e9nyi Andr\u00e1s &#8211; Bedside ultrahanggal \u00e9szlelt infekt\u00edv endocarditis diab\u00e9teszes ketoacid\u00f3zis miatt kezelt betegben<\/p>\n<p>Dr. Imecz Judit &#8211; Poszterior Reverzibilis Enkefalop\u00e1tia Szindr\u00f3ma (PRES) a S\u00fcrgo\u030bss\u00e9gi\u00a0<img loading=\"lazy\" decoding=\"async\" class=\" wp-image-2210 alignright\" src=\"https:\/\/semmelweis.hu\/surgosseg\/files\/2024\/11\/Image-11-400x267.jpeg\" alt=\"\" width=\"390\" height=\"260\" srcset=\"https:\/\/semmelweis.hu\/surgosseg\/files\/2024\/11\/Image-11-400x267.jpeg 400w, https:\/\/semmelweis.hu\/surgosseg\/files\/2024\/11\/Image-11-1024x683.jpeg 1024w, https:\/\/semmelweis.hu\/surgosseg\/files\/2024\/11\/Image-11-768x512.jpeg 768w, https:\/\/semmelweis.hu\/surgosseg\/files\/2024\/11\/Image-11-753x502.jpeg 753w, https:\/\/semmelweis.hu\/surgosseg\/files\/2024\/11\/Image-11-203x135.jpeg 203w, https:\/\/semmelweis.hu\/surgosseg\/files\/2024\/11\/Image-11.jpeg 1350w\" sizes=\"auto, (max-width: 390px) 100vw, 390px\" \/>Oszt\u00e1lyon &#8211; Esetbemutat\u00e1s<\/p>\n<p>Dr. Rapszky Gabriella &#8211; Rapid molekul\u00e1ris teszek vs hemokult\u00fara a bakter\u00e9mia diagnosztik\u00e1j\u00e1ban<\/p>\n<p>Dr. Fazekas Bal\u00e1zs &#8211; Az acut ischaemias stroke thrombolysis indik\u00e1ci\u00f3s k\u00f6r\u00e9nek bo\u030bv\u00edt\u00e9si leheto\u030bs\u00e9gei direkt antikoagul\u00e1nst szedo\u030b betegek k\u00f6r\u00e9ben \u00e1gy melletti alvad\u00e1si vizsg\u00e1lat alapj\u00e1n \u2013 prospekt\u00edv intervenci\u00f3s vizsg\u00e1lati terv<\/p>\n<p><strong>Elismer\u00e9sre m\u00e9lt\u00f3 eredm\u00e9ny:<\/strong><\/p>\n<p><span style=\"font-size: 1rem\">K\u00fcl\u00f6n \u00f6r\u00f6m sz\u00e1munkra, hogy <\/span><strong style=\"font-size: 1rem\">Dr. Mer\u00e9nyi Andr\u00e1s<\/strong><span style=\"font-size: 1rem\"> poszterprezent\u00e1ci\u00f3ja elnyerte a leg<\/span><span style=\"font-size: 1rem\">jobb<\/span><img loading=\"lazy\" decoding=\"async\" class=\"size-medium wp-image-2209 alignright\" src=\"https:\/\/semmelweis.hu\/surgosseg\/files\/2024\/11\/Image-12-400x267.jpeg\" alt=\"\" width=\"400\" height=\"267\" srcset=\"https:\/\/semmelweis.hu\/surgosseg\/files\/2024\/11\/Image-12-400x267.jpeg 400w, https:\/\/semmelweis.hu\/surgosseg\/files\/2024\/11\/Image-12-1024x683.jpeg 1024w, https:\/\/semmelweis.hu\/surgosseg\/files\/2024\/11\/Image-12-768x512.jpeg 768w, https:\/\/semmelweis.hu\/surgosseg\/files\/2024\/11\/Image-12-753x502.jpeg 753w, https:\/\/semmelweis.hu\/surgosseg\/files\/2024\/11\/Image-12-203x135.jpeg 203w, https:\/\/semmelweis.hu\/surgosseg\/files\/2024\/11\/Image-12.jpeg 1350w\" sizes=\"auto, (max-width: 400px) 100vw, 400px\" \/><span style=\"font-size: 1rem\"> 35 \u00e9v alatti el\u0151ad\u00f3nak j\u00e1r\u00f3 d\u00edjat.<br \/>\n<\/span><span style=\"font-size: 1rem\">Sz\u00edvb\u0151l gratul\u00e1lunk, ehhez a kiemelked\u0151 teljes\u00edtm\u00e9nyhez, amely nemcsak klinik\u00e1nk, hanem a s\u00fcrg\u0151ss\u00e9gi ter\u00fclet\u00e9n v\u00e9gzett elk\u00f6telezett szakmai munka elismer\u00e9s\u00e9t is jelenti.<br \/>\n<\/span><span style=\"font-size: 1rem\">A kongresszuson val\u00f3 r\u00e9szv\u00e9tel tov\u00e1bb er\u0151s\u00edtette szakmai k\u00f6z\u00f6ss\u00e9g\u00fcnket, \u00e9s sz\u00e1mos \u00faj ismeretet hozott, amelyeket a mindennapi gyakorlatban is kamatoztathatunk.<br \/>\n<\/span><span style=\"font-size: 1rem\">B\u00fcszk\u00e9k vagyunk klinik\u00e1nk csapat\u00e1ra, akik minden ter\u00fcleten kiv\u00e1l\u00f3 munk\u00e1t v\u00e9geztek, \u00e9s ezzel hozz\u00e1j\u00e1rultak a s\u00fcrg\u0151ss\u00e9gi ell\u00e1t\u00e1s fejl\u0151d\u00e9s\u00e9hez.<\/span><\/p>\n<p>&nbsp;<\/p>\n<p><span data-olk-copy-source=\"MessageBody\">&#8222;Forr\u00e1s: MSOTKE arch\u00edvum.&#8221;<\/span><\/p>\n<p>&nbsp;<\/p>\n<p>&nbsp;<\/p>\n<p>&nbsp;<\/p>\n<p>&nbsp;<\/p>\n<p>&nbsp;<\/p>\n<p>&nbsp;<\/p>\n<p>&nbsp;<\/p>\n<p>&nbsp;<\/p>\n<p>&nbsp;<\/p>\n<p>&nbsp;<\/p>\n<p>&nbsp;<\/p>\n<p>&nbsp;<\/p>\n<p>&nbsp;<\/p>\n<p>&nbsp;<\/p>\n<p>&nbsp;<\/p>\n<p>&nbsp;<\/p>\n<p>&nbsp;<\/p>\n<p>&nbsp;<\/p>\n","protected":false},"excerpt":{"rendered":"<p>2024. november 7-9. k\u00f6z\u00f6tt Si\u00f3fokon ker\u00fclt megrendez\u00e9sre a\u00a0Magyar S\u00fcrg\u0151ss\u00e9gi Orvostani T\u00e1rsas\u00e1g (MSOTKE) \u00e9ves kongresszusa, amely a s\u00fcrg\u0151ss\u00e9gi ell\u00e1t\u00e1s szakmai k\u00f6z\u00f6ss\u00e9g\u00e9nek egyik legfontosabb esem\u00e9nye. B\u00fcszk\u00e9k vagyunk r\u00e1, hogy klinik\u00e1nk nemcsak a legnagyobb l\u00e9tsz\u00e1m\u00fa k\u00fcld\u00f6tts\u00e9ggel k\u00e9pviseltette mag\u00e1t, hanem sz\u00e1mos el\u0151ad\u00e1ssal, poszterbemutat\u00f3val \u00e9s \u00fcl\u00e9seln\u00f6ki szereppel is hozz\u00e1j\u00e1rult a szakmai program siker\u00e9hez. &nbsp; El\u0151ad\u00e1sok: Dr. Ga\u00e1l Szabolcs &#8211; Geri\u00e1triai &hellip;<\/p>\n","protected":false},"author":102257,"featured_media":2209,"comment_status":"closed","ping_status":"closed","sticky":false,"template":"","format":"standard","meta":{"_acf_changed":false,"footnotes":""},"categories":[1],"tags":[],"class_list":["post-2208","post","type-post","status-publish","format-standard","has-post-thumbnail","hentry","category-hirek"],"acf":[],"_links":{"self":[{"href":"https:\/\/semmelweis.hu\/surgosseg\/wp-json\/wp\/v2\/posts\/2208","targetHints":{"allow":["GET"]}}],"collection":[{"href":"https:\/\/semmelweis.hu\/surgosseg\/wp-json\/wp\/v2\/posts"}],"about":[{"href":"https:\/\/semmelweis.hu\/surgosseg\/wp-json\/wp\/v2\/types\/post"}],"author":[{"embeddable":true,"href":"https:\/\/semmelweis.hu\/surgosseg\/wp-json\/wp\/v2\/users\/102257"}],"replies":[{"embeddable":true,"href":"https:\/\/semmelweis.hu\/surgosseg\/wp-json\/wp\/v2\/comments?post=2208"}],"version-history":[{"count":10,"href":"https:\/\/semmelweis.hu\/surgosseg\/wp-json\/wp\/v2\/posts\/2208\/revisions"}],"predecessor-version":[{"id":2245,"href":"https:\/\/semmelweis.hu\/surgosseg\/wp-json\/wp\/v2\/posts\/2208\/revisions\/2245"}],"wp:featuredmedia":[{"embeddable":true,"href":"https:\/\/semmelweis.hu\/surgosseg\/wp-json\/wp\/v2\/media\/2209"}],"wp:attachment":[{"href":"https:\/\/semmelweis.hu\/surgosseg\/wp-json\/wp\/v2\/media?parent=2208"}],"wp:term":[{"taxonomy":"category","embeddable":true,"href":"https:\/\/semmelweis.hu\/surgosseg\/wp-json\/wp\/v2\/categories?post=2208"},{"taxonomy":"post_tag","embeddable":true,"href":"https:\/\/semmelweis.hu\/surgosseg\/wp-json\/wp\/v2\/tags?post=2208"}],"curies":[{"name":"wp","href":"https:\/\/api.w.org\/{rel}","templated":true}]}}