{"id":2206,"date":"2024-11-27T13:24:50","date_gmt":"2024-11-27T12:24:50","guid":{"rendered":"https:\/\/semmelweis.hu\/surgosseg\/?p=2206"},"modified":"2024-11-27T14:42:47","modified_gmt":"2024-11-27T13:42:47","slug":"allaslehetoseg-a-semmelweis-egyetem-surgossegi-orvostani-klinikajan","status":"publish","type":"post","link":"https:\/\/semmelweis.hu\/surgosseg\/2024\/11\/27\/allaslehetoseg-a-semmelweis-egyetem-surgossegi-orvostani-klinikajan\/","title":{"rendered":"\u00c1ll\u00e1slehet\u0151s\u00e9g a Semmelweis Egyetem S\u00fcrg\u0151ss\u00e9gi Orvostani Klinik\u00e1j\u00e1n!"},"content":{"rendered":"<p>Diplom\u00e1s \u00e1pol\u00f3kat, \u00e1ltal\u00e1nos \u00e1pol\u00f3kat \u00e9s ment\u0151\u00e1pol\u00f3kat keres\u00fcnk csapatunkba!<\/p>\n<p>\ud83d\udccd Amit k\u00edn\u00e1lunk:<br \/>\n\u2022 Szakmailag kih\u00edv\u00e1st jelent\u0151, dinamikus munkak\u00f6rnyezet<br \/>\n\u2022 Fejl\u0151d\u00e9si lehet\u0151s\u00e9g egyetemi h\u00e1tt\u00e9rrel<br \/>\n\u2022 Versenyk\u00e9pes juttat\u00e1si csomag<\/p>\n<p>\ud83d\udccd Amit k\u00e9r\u00fcnk:<br \/>\n\u2022 Minimum f\u00e9l\u00e1ll\u00e1s v\u00e1llal\u00e1sa (el\u0151ny a teljes munkaid\u0151)<br \/>\n\u2022 Elhivatotts\u00e1g a s\u00fcrg\u0151ss\u00e9gi ell\u00e1t\u00e1s ir\u00e1nt<\/p>\n<p>\ud83d\udce7 Jelentkez\u00e9s:<br \/>\nK\u00fcldd el \u00f6n\u00e9letrajzod az al\u00e1bbi c\u00edmek egyik\u00e9re:<br \/>\n\u2022 sbo@semmelweis.hu<br \/>\n\u2022 adam.kornel@semmelweis.hu<\/p>\n<p>V\u00e1rjuk jelentkez\u00e9sed!<\/p>\n","protected":false},"excerpt":{"rendered":"<p>Diplom\u00e1s \u00e1pol\u00f3kat, \u00e1ltal\u00e1nos \u00e1pol\u00f3kat \u00e9s ment\u0151\u00e1pol\u00f3kat keres\u00fcnk csapatunkba! \ud83d\udccd Amit k\u00edn\u00e1lunk: \u2022 Szakmailag kih\u00edv\u00e1st jelent\u0151, dinamikus munkak\u00f6rnyezet \u2022 Fejl\u0151d\u00e9si lehet\u0151s\u00e9g egyetemi h\u00e1tt\u00e9rrel \u2022 Versenyk\u00e9pes juttat\u00e1si csomag \ud83d\udccd Amit k\u00e9r\u00fcnk: \u2022 Minimum f\u00e9l\u00e1ll\u00e1s v\u00e1llal\u00e1sa (el\u0151ny a teljes munkaid\u0151) \u2022 Elhivatotts\u00e1g a s\u00fcrg\u0151ss\u00e9gi ell\u00e1t\u00e1s ir\u00e1nt \ud83d\udce7 Jelentkez\u00e9s: K\u00fcldd el \u00f6n\u00e9letrajzod az al\u00e1bbi c\u00edmek egyik\u00e9re: \u2022 sbo@semmelweis.hu \u2022 &hellip;<\/p>\n","protected":false},"author":102257,"featured_media":2243,"comment_status":"closed","ping_status":"closed","sticky":false,"template":"","format":"standard","meta":{"_acf_changed":false,"footnotes":""},"categories":[1],"tags":[],"class_list":["post-2206","post","type-post","status-publish","format-standard","has-post-thumbnail","hentry","category-hirek"],"acf":[],"_links":{"self":[{"href":"https:\/\/semmelweis.hu\/surgosseg\/wp-json\/wp\/v2\/posts\/2206","targetHints":{"allow":["GET"]}}],"collection":[{"href":"https:\/\/semmelweis.hu\/surgosseg\/wp-json\/wp\/v2\/posts"}],"about":[{"href":"https:\/\/semmelweis.hu\/surgosseg\/wp-json\/wp\/v2\/types\/post"}],"author":[{"embeddable":true,"href":"https:\/\/semmelweis.hu\/surgosseg\/wp-json\/wp\/v2\/users\/102257"}],"replies":[{"embeddable":true,"href":"https:\/\/semmelweis.hu\/surgosseg\/wp-json\/wp\/v2\/comments?post=2206"}],"version-history":[{"count":2,"href":"https:\/\/semmelweis.hu\/surgosseg\/wp-json\/wp\/v2\/posts\/2206\/revisions"}],"predecessor-version":[{"id":2244,"href":"https:\/\/semmelweis.hu\/surgosseg\/wp-json\/wp\/v2\/posts\/2206\/revisions\/2244"}],"wp:featuredmedia":[{"embeddable":true,"href":"https:\/\/semmelweis.hu\/surgosseg\/wp-json\/wp\/v2\/media\/2243"}],"wp:attachment":[{"href":"https:\/\/semmelweis.hu\/surgosseg\/wp-json\/wp\/v2\/media?parent=2206"}],"wp:term":[{"taxonomy":"category","embeddable":true,"href":"https:\/\/semmelweis.hu\/surgosseg\/wp-json\/wp\/v2\/categories?post=2206"},{"taxonomy":"post_tag","embeddable":true,"href":"https:\/\/semmelweis.hu\/surgosseg\/wp-json\/wp\/v2\/tags?post=2206"}],"curies":[{"name":"wp","href":"https:\/\/api.w.org\/{rel}","templated":true}]}}