{"id":2189,"date":"2024-10-31T02:46:03","date_gmt":"2024-10-31T01:46:03","guid":{"rendered":"https:\/\/semmelweis.hu\/surgosseg\/?p=2189"},"modified":"2024-10-31T02:46:48","modified_gmt":"2024-10-31T01:46:48","slug":"sikeres-szereples-az-eusem-kongresszuson","status":"publish","type":"post","link":"https:\/\/semmelweis.hu\/surgosseg\/2024\/10\/31\/sikeres-szereples-az-eusem-kongresszuson\/","title":{"rendered":"Sikeres szerepl\u00e9s az EUSEM kongresszuson"},"content":{"rendered":"<p style=\"text-align: center\">B\u00fcszkes\u00e9ggel t\u00f6lt el benn\u00fcnket Klinik\u00e1nk csapat\u00e1nak kiemelked\u0151 szerepl\u00e9se az okt\u00f3beri EUSEM kongresszuson Koppenh\u00e1g\u00e1ban!<\/p>\n<p>&nbsp;<\/p>\n<p style=\"text-align: center\"><img loading=\"lazy\" decoding=\"async\" class=\"size-medium wp-image-2190 alignright\" src=\"https:\/\/semmelweis.hu\/surgosseg\/files\/2024\/10\/IMG_4330-400x300.jpeg\" alt=\"\" width=\"400\" height=\"300\" srcset=\"https:\/\/semmelweis.hu\/surgosseg\/files\/2024\/10\/IMG_4330-400x300.jpeg 400w, https:\/\/semmelweis.hu\/surgosseg\/files\/2024\/10\/IMG_4330-1024x768.jpeg 1024w, https:\/\/semmelweis.hu\/surgosseg\/files\/2024\/10\/IMG_4330-768x576.jpeg 768w, https:\/\/semmelweis.hu\/surgosseg\/files\/2024\/10\/IMG_4330-1536x1152.jpeg 1536w, https:\/\/semmelweis.hu\/surgosseg\/files\/2024\/10\/IMG_4330-2048x1536.jpeg 2048w, https:\/\/semmelweis.hu\/surgosseg\/files\/2024\/10\/IMG_4330-753x565.jpeg 753w\" sizes=\"auto, (max-width: 400px) 100vw, 400px\" \/><\/p>\n<p>&nbsp;<\/p>\n<p>Klinik\u00e1nk csapata az okt\u00f3berben Koppenh\u00e1g\u00e1ban megrendez\u00e9sre ker\u00fclt EUSEM kongresszuson (Eur\u00f3pai S\u00fcrg\u0151ss\u00e9gi Orvostani Kongresszuson) szimul\u00e1ci\u00f3s veresenyen m\u00e9rettette meg mag\u00e1t. Az egy szakorvos csapatvez\u0151b\u0151l (Dr. Melicher D\u00f3ra), egy szakorvosjel\u00f6ltb\u0151l (Dr. Mester D\u00f3ra), egy \u00e1pol\u00f3b\u00f3l (Angi Attila) \u00e9s egy angol szakos orvostanhallgat\u00f3l (Omid Naderi), \u00e9s egy p\u00f3t tagb\u00f3l (Dr. Proh\u00e1szka Bence rezidens) \u00e1ll\u00f3 team-et Dr. S\u00f3ti \u00c1kos k\u00e9sz\u00edtette fel a versenyre.<\/p>\n<p>&nbsp;<\/p>\n<p>10 k\u00fcl\u00f6nb\u00f6z\u0151 orsz\u00e1gb\u00f3l 12 lelkes csapat \u00e9rkezett a rendezv\u00e9nyre. A versenyt megel\u0151z\u0151 nyit\u00f3\u00fcnneps\u00e9gen saj\u00e1t orsz\u00e1gukb\u00f3l sz\u00e1rmaz\u00f3 \u00e9telekkel \u00e9s italokkal kedveskedtek egym\u00e1snak a csapatok, j\u00f3 lehet\u0151s\u00e9get nyitva ezzel a kapcsolat\u00e9p\u00edt\u00e9sre. A szervez\u0151k is mindent megtettek a vid\u00e1m hangulat megteremt\u00e9se \u00e9rdek\u00e9ben, k\u00f6z\u00f6s t\u00e1ncot tanultak a csapatok az \u00fajra\u00e9leszt\u00e9st imit\u00e1l\u00f3 mozdulatokkal.<\/p>\n<p>&nbsp;<\/p>\n<p>A t\u00e1ncot k\u00f6vet\u0151en &#8211; miut\u00e1n a szurkol\u00f3t\u00e1borok is meg\u00e9rkeztek a helysz\u00ednre &#8211; hasonl\u00f3an felfokozott hangulatban megkezd\u0151d\u00f6tt a verseny.<\/p>\n<p>K\u00e9t magas h\u0171s\u00e9g\u0171, \u00e9leth\u0171 szitu\u00e1ci\u00f3t \u00e9s egy online, \u00fagynevezett remot<span style=\"font-size: 1rem\">e esetet kellett megoldaniuk a versenyz\u0151knek leg<\/span><span style=\"font-size: 1rem\">jobb tud\u00e1suk szerint. Az \u201e\u00e9l\u0151\u201d szitu\u00e1ci\u00f3kban manikineken (betegeket sz<\/span><span style=\"font-size: 1rem\">imul\u00e1l\u00f3 m\u0171anyag b\u00e1bukon) v\u00e9gezhett\u00e9k koll\u00e9g\u00e1ink a k\u00fcl\u00f6nb\u00f6z\u0151 beavatkoz\u00e1sokat a val\u00f3 \u00e9letnek csaknem teljesen megfelel\u0151 eszk\u00f6z\u00f6kkel \u00e9s gy\u00f3gyszerekkel. Ezekben az esetekben nagy hangs\u00faly volt a csapatmunk\u00e1n nem csak a team-en bel\u00fcl, de a k\u00fcl\u00f6nb\u00f6z\u0151 team-ek k\u00f6z\u00f6tt is. A remote szimul\u00e1ci\u00f3kban a csapattagok okostelefonjuk seg\u00edts\u00e9g\u00e9vel adhattak utas\u00edt\u00e1sokat \u201eavatarjaiknak\u201d (az \u0151ket j\u00e1tsz\u00f3 szervez\u0151knek, akik a manikinen elv\u00e9gezt\u00e9k a k\u00e9rt beavatkoz\u00e1sokat).<\/span><\/p>\n<p>&nbsp;<\/p>\n<p>V\u00e9g\u00fcl a fin\u00e1l\u00e9ban a k\u00e9t legjobb csapat \u2013 Ausztria \u00e9s Franciaorsz\u00e1g egyik csapata &#8211; m\u00e9rhette \u00f6ssze tud\u00e1s\u00e1t egy v\u00e9gs\u0151 szimul\u00e1ci\u00f3ban, t\u00f6meges baleset helysz\u00edn\u00e9n kellett egy\u00fctt dolgozniuk. B\u00e1r a 2024-es SimCup-ot (kup\u00e1t) id\u00e9n Ausztria vihette haza, ez nem t\u00f6rte le csapatunkat, sok tud\u00e1ssal \u00e9s \u00e9lm\u00e9nnyel gazdagodva j\u00f6v\u0151re ism\u00e9t indulnak a Klinika deleg\u00e1ltjai a B\u00e9csben megrendez\u00e9sre ker\u00fcl\u0151 k\u00f6vetkez\u0151 SimCup-on.<\/p>\n<p>\u00a0 \u00a0 \u00a0 \u00a0 \u00a0 \u00a0 \u00a0 \u00a0 \u00a0 \u00a0 \u00a0 \u00a0 \u00a0 \u00a0 \u00a0 \u00a0 \u00a0 \u00a0 \u00a0 \u00a0 \u00a0 \u00a0 \u00a0 \u00a0 \u00a0 \u00a0 \u00a0 \u00a0 \u00a0 \u00a0<img loading=\"lazy\" decoding=\"async\" class=\"alignnone  wp-image-2191 aligncenter\" src=\"https:\/\/semmelweis.hu\/surgosseg\/files\/2024\/10\/IMG_4331-400x300.jpeg\" alt=\"\" width=\"506\" height=\"379\" srcset=\"https:\/\/semmelweis.hu\/surgosseg\/files\/2024\/10\/IMG_4331-400x300.jpeg 400w, https:\/\/semmelweis.hu\/surgosseg\/files\/2024\/10\/IMG_4331-1024x768.jpeg 1024w, https:\/\/semmelweis.hu\/surgosseg\/files\/2024\/10\/IMG_4331-768x576.jpeg 768w, https:\/\/semmelweis.hu\/surgosseg\/files\/2024\/10\/IMG_4331-1536x1152.jpeg 1536w, https:\/\/semmelweis.hu\/surgosseg\/files\/2024\/10\/IMG_4331-2048x1536.jpeg 2048w, https:\/\/semmelweis.hu\/surgosseg\/files\/2024\/10\/IMG_4331-753x565.jpeg 753w\" sizes=\"auto, (max-width: 506px) 100vw, 506px\" \/><\/p>\n","protected":false},"excerpt":{"rendered":"<p>B\u00fcszkes\u00e9ggel t\u00f6lt el benn\u00fcnket Klinik\u00e1nk csapat\u00e1nak kiemelked\u0151 szerepl\u00e9se az okt\u00f3beri EUSEM kongresszuson Koppenh\u00e1g\u00e1ban! &nbsp; &nbsp; Klinik\u00e1nk csapata az okt\u00f3berben Koppenh\u00e1g\u00e1ban megrendez\u00e9sre ker\u00fclt EUSEM kongresszuson (Eur\u00f3pai S\u00fcrg\u0151ss\u00e9gi Orvostani Kongresszuson) szimul\u00e1ci\u00f3s veresenyen m\u00e9rettette meg mag\u00e1t. Az egy szakorvos csapatvez\u0151b\u0151l (Dr. Melicher D\u00f3ra), egy szakorvosjel\u00f6ltb\u0151l (Dr. Mester D\u00f3ra), egy \u00e1pol\u00f3b\u00f3l (Angi Attila) \u00e9s egy angol szakos orvostanhallgat\u00f3l (Omid &hellip;<\/p>\n","protected":false},"author":102257,"featured_media":2191,"comment_status":"closed","ping_status":"closed","sticky":false,"template":"","format":"standard","meta":{"_acf_changed":false,"footnotes":""},"categories":[1],"tags":[],"class_list":["post-2189","post","type-post","status-publish","format-standard","has-post-thumbnail","hentry","category-hirek"],"acf":[],"_links":{"self":[{"href":"https:\/\/semmelweis.hu\/surgosseg\/wp-json\/wp\/v2\/posts\/2189","targetHints":{"allow":["GET"]}}],"collection":[{"href":"https:\/\/semmelweis.hu\/surgosseg\/wp-json\/wp\/v2\/posts"}],"about":[{"href":"https:\/\/semmelweis.hu\/surgosseg\/wp-json\/wp\/v2\/types\/post"}],"author":[{"embeddable":true,"href":"https:\/\/semmelweis.hu\/surgosseg\/wp-json\/wp\/v2\/users\/102257"}],"replies":[{"embeddable":true,"href":"https:\/\/semmelweis.hu\/surgosseg\/wp-json\/wp\/v2\/comments?post=2189"}],"version-history":[{"count":1,"href":"https:\/\/semmelweis.hu\/surgosseg\/wp-json\/wp\/v2\/posts\/2189\/revisions"}],"predecessor-version":[{"id":2192,"href":"https:\/\/semmelweis.hu\/surgosseg\/wp-json\/wp\/v2\/posts\/2189\/revisions\/2192"}],"wp:featuredmedia":[{"embeddable":true,"href":"https:\/\/semmelweis.hu\/surgosseg\/wp-json\/wp\/v2\/media\/2191"}],"wp:attachment":[{"href":"https:\/\/semmelweis.hu\/surgosseg\/wp-json\/wp\/v2\/media?parent=2189"}],"wp:term":[{"taxonomy":"category","embeddable":true,"href":"https:\/\/semmelweis.hu\/surgosseg\/wp-json\/wp\/v2\/categories?post=2189"},{"taxonomy":"post_tag","embeddable":true,"href":"https:\/\/semmelweis.hu\/surgosseg\/wp-json\/wp\/v2\/tags?post=2189"}],"curies":[{"name":"wp","href":"https:\/\/api.w.org\/{rel}","templated":true}]}}