{"id":2009,"date":"2024-02-14T12:56:15","date_gmt":"2024-02-14T11:56:15","guid":{"rendered":"https:\/\/semmelweis.hu\/surgosseg\/?p=2009"},"modified":"2024-02-14T14:10:34","modified_gmt":"2024-02-14T13:10:34","slug":"a-tdk-konferencia-sok-s-sikerei","status":"publish","type":"post","link":"https:\/\/semmelweis.hu\/surgosseg\/2024\/02\/14\/a-tdk-konferencia-sok-s-sikerei\/","title":{"rendered":"A TDK konferencia SOK-os sikerei"},"content":{"rendered":"<p>A 2024-es Tudom\u00e1nyos Di\u00e1kk\u00f6ri Konferenci\u00e1j\u00e1n n\u00e9gy TDK-hallgat\u00f3nk adott el\u0151 k\u00e9t szekci\u00f3ban, k\u00e9t d\u00edjat elnyerve:<\/p>\n<div>V\u00f6r\u00f6s B\u00e1lint \u2013\u00a0Aneszteziol\u00f3gia \u00e9s S\u00fcrg\u0151ss\u00e9gi orvostan szekci\u00f3\u00a0II. helyez\u00e9s (t\u00e9mavezet\u0151: Dr. Fenyves B\u00e1nk)<\/div>\n<div>Gyuricsk\u00f3 Istv\u00e1n \u2013\u00a0Aneszteziol\u00f3gia \u00e9s S\u00fcrg\u0151ss\u00e9gi orvostan szekci\u00f3\u00a0III. helyez\u00e9s\u00a0(t\u00e9mavezet\u0151: Dr. Fenyves B\u00e1nk)<\/div>\n<div>Sas \u00c1gnes \u2013\u00a0Idegtudom\u00e1nyok A\u00a0szekci\u00f3\u00a0(t\u00e9mavezet\u0151: Dr. Fenyves B\u00e1nk, Dr. Rapszky Gabriella)<\/div>\n<div>T\u00fari Benedek Zolt\u00e1n \u2013\u00a0Aneszteziol\u00f3gia \u00e9s S\u00fcrg\u0151ss\u00e9gi orvostan szekci\u00f3 (t\u00e9mavezet\u0151: Dr. Varga Csaba)<\/div>\n<div>\u00a0<\/div>\n<p>Gratul\u00e1lunk a sikeres kiv\u00e1l\u00f3 el\u0151ad\u00e1sokhoz!<\/p>\n<p>&nbsp;<\/p>\n<p><a href=\"https:\/\/semmelweis.hu\/surgosseg\/files\/2024\/02\/01.jpg\"><img loading=\"lazy\" decoding=\"async\" class=\"wp-image-2005 alignleft\" src=\"https:\/\/semmelweis.hu\/surgosseg\/files\/2024\/02\/01-400x300.jpg\" alt=\"\" width=\"285\" height=\"214\" srcset=\"https:\/\/semmelweis.hu\/surgosseg\/files\/2024\/02\/01-400x300.jpg 400w, https:\/\/semmelweis.hu\/surgosseg\/files\/2024\/02\/01-1024x768.jpg 1024w, https:\/\/semmelweis.hu\/surgosseg\/files\/2024\/02\/01-768x576.jpg 768w, https:\/\/semmelweis.hu\/surgosseg\/files\/2024\/02\/01-753x565.jpg 753w, https:\/\/semmelweis.hu\/surgosseg\/files\/2024\/02\/01.jpg 1200w\" sizes=\"auto, (max-width: 285px) 100vw, 285px\" \/><\/a><a href=\"https:\/\/semmelweis.hu\/surgosseg\/files\/2024\/02\/1000001593-scaled.jpg\"><img loading=\"lazy\" decoding=\"async\" class=\"wp-image-2016 alignright\" src=\"https:\/\/semmelweis.hu\/surgosseg\/files\/2024\/02\/1000001593-400x300.jpg\" alt=\"\" width=\"288\" height=\"216\" srcset=\"https:\/\/semmelweis.hu\/surgosseg\/files\/2024\/02\/1000001593-400x300.jpg 400w, https:\/\/semmelweis.hu\/surgosseg\/files\/2024\/02\/1000001593-1024x768.jpg 1024w, https:\/\/semmelweis.hu\/surgosseg\/files\/2024\/02\/1000001593-768x576.jpg 768w, https:\/\/semmelweis.hu\/surgosseg\/files\/2024\/02\/1000001593-1536x1152.jpg 1536w, https:\/\/semmelweis.hu\/surgosseg\/files\/2024\/02\/1000001593-2048x1536.jpg 2048w, https:\/\/semmelweis.hu\/surgosseg\/files\/2024\/02\/1000001593-753x565.jpg 753w\" sizes=\"auto, (max-width: 288px) 100vw, 288px\" \/><\/a><a href=\"https:\/\/semmelweis.hu\/surgosseg\/files\/2024\/02\/1000001674.jpg\"><img loading=\"lazy\" decoding=\"async\" class=\"wp-image-2023 aligncenter\" src=\"https:\/\/semmelweis.hu\/surgosseg\/files\/2024\/02\/1000001674-300x400.jpg\" alt=\"\" width=\"300\" height=\"400\" srcset=\"https:\/\/semmelweis.hu\/surgosseg\/files\/2024\/02\/1000001674-300x400.jpg 300w, https:\/\/semmelweis.hu\/surgosseg\/files\/2024\/02\/1000001674-768x1024.jpg 768w, https:\/\/semmelweis.hu\/surgosseg\/files\/2024\/02\/1000001674-1152x1536.jpg 1152w, https:\/\/semmelweis.hu\/surgosseg\/files\/2024\/02\/1000001674-753x1004.jpg 753w, https:\/\/semmelweis.hu\/surgosseg\/files\/2024\/02\/1000001674.jpg 1536w\" sizes=\"auto, (max-width: 300px) 100vw, 300px\" \/><\/a><\/p>\n","protected":false},"excerpt":{"rendered":"<p>A 2024-es Tudom\u00e1nyos Di\u00e1kk\u00f6ri Konferenci\u00e1j\u00e1n n\u00e9gy TDK-hallgat\u00f3nk adott el\u0151 k\u00e9t szekci\u00f3ban, k\u00e9t d\u00edjat elnyerve: V\u00f6r\u00f6s B\u00e1lint \u2013\u00a0Aneszteziol\u00f3gia \u00e9s S\u00fcrg\u0151ss\u00e9gi orvostan szekci\u00f3\u00a0II. helyez\u00e9s (t\u00e9mavezet\u0151: Dr. Fenyves B\u00e1nk) Gyuricsk\u00f3 Istv\u00e1n \u2013\u00a0Aneszteziol\u00f3gia \u00e9s S\u00fcrg\u0151ss\u00e9gi orvostan szekci\u00f3\u00a0III. helyez\u00e9s\u00a0(t\u00e9mavezet\u0151: Dr. Fenyves B\u00e1nk) Sas \u00c1gnes \u2013\u00a0Idegtudom\u00e1nyok A\u00a0szekci\u00f3\u00a0(t\u00e9mavezet\u0151: Dr. Fenyves B\u00e1nk, Dr. Rapszky Gabriella) T\u00fari Benedek Zolt\u00e1n \u2013\u00a0Aneszteziol\u00f3gia \u00e9s S\u00fcrg\u0151ss\u00e9gi orvostan szekci\u00f3 &hellip;<\/p>\n","protected":false},"author":102257,"featured_media":2003,"comment_status":"closed","ping_status":"closed","sticky":false,"template":"","format":"standard","meta":{"_acf_changed":false,"footnotes":""},"categories":[1],"tags":[],"class_list":["post-2009","post","type-post","status-publish","format-standard","has-post-thumbnail","hentry","category-hirek"],"acf":[],"_links":{"self":[{"href":"https:\/\/semmelweis.hu\/surgosseg\/wp-json\/wp\/v2\/posts\/2009","targetHints":{"allow":["GET"]}}],"collection":[{"href":"https:\/\/semmelweis.hu\/surgosseg\/wp-json\/wp\/v2\/posts"}],"about":[{"href":"https:\/\/semmelweis.hu\/surgosseg\/wp-json\/wp\/v2\/types\/post"}],"author":[{"embeddable":true,"href":"https:\/\/semmelweis.hu\/surgosseg\/wp-json\/wp\/v2\/users\/102257"}],"replies":[{"embeddable":true,"href":"https:\/\/semmelweis.hu\/surgosseg\/wp-json\/wp\/v2\/comments?post=2009"}],"version-history":[{"count":10,"href":"https:\/\/semmelweis.hu\/surgosseg\/wp-json\/wp\/v2\/posts\/2009\/revisions"}],"predecessor-version":[{"id":2028,"href":"https:\/\/semmelweis.hu\/surgosseg\/wp-json\/wp\/v2\/posts\/2009\/revisions\/2028"}],"wp:featuredmedia":[{"embeddable":true,"href":"https:\/\/semmelweis.hu\/surgosseg\/wp-json\/wp\/v2\/media\/2003"}],"wp:attachment":[{"href":"https:\/\/semmelweis.hu\/surgosseg\/wp-json\/wp\/v2\/media?parent=2009"}],"wp:term":[{"taxonomy":"category","embeddable":true,"href":"https:\/\/semmelweis.hu\/surgosseg\/wp-json\/wp\/v2\/categories?post=2009"},{"taxonomy":"post_tag","embeddable":true,"href":"https:\/\/semmelweis.hu\/surgosseg\/wp-json\/wp\/v2\/tags?post=2009"}],"curies":[{"name":"wp","href":"https:\/\/api.w.org\/{rel}","templated":true}]}}