{"id":1987,"date":"2024-01-09T10:13:39","date_gmt":"2024-01-09T09:13:39","guid":{"rendered":"https:\/\/semmelweis.hu\/surgosseg\/?p=1987"},"modified":"2025-05-29T13:23:03","modified_gmt":"2025-05-29T11:23:03","slug":"sikeres-rektori-palyamunka-szereplesek","status":"publish","type":"post","link":"https:\/\/semmelweis.hu\/surgosseg\/2024\/01\/09\/sikeres-rektori-palyamunka-szereplesek\/","title":{"rendered":"Sikeres rektori p\u00e1lyamunka szerepl\u00e9sek"},"content":{"rendered":"<p><span style=\"font-family: 'Tahoma',sans-serif\">2023-ban a S\u00fcrg\u0151ss\u00e9gi Orvostani Klinika k\u00e9t TDK-hallgat\u00f3ja ny\u00fajtott be rektori p\u00e1lyamunk\u00e1t. Sas \u00c1gnes dolgozata III. helyez\u00e9st (t\u00e9mavezet\u0151k dr. Fenyves B\u00e1nk, dr. Rapszky Gabriella), T\u00fari Benedek munk\u00e1ja pedig dics\u00e9retet kapott (t\u00e9mavezet\u0151 dr. Varga Csaba).<\/span><\/p>\n<p><span style=\"font-family: 'Tahoma',sans-serif\">Sas \u00c1gnes VI. \u00e9ves \u00c1OK hallgat\u00f3 dolgozat\u00e1ban a klinik\u00e1nkon ell\u00e1tott status epilepticus eseteket elemezte a s\u00fcrg\u0151ss\u00e9gi oszt\u00e1lyon alkalmazhat\u00f3 diagnosztikus \u00e9s ter\u00e1pi\u00e1s elj\u00e1r\u00e1sok t\u00fckr\u00e9ben. Sz\u00e1mos k\u00f3ros folyamat vezethet status epilepticushoz, \u00e9s ebben a k\u00f3rk\u00e9pben kiemelten fontos, hogy az ell\u00e1t\u00f3 id\u0151ben cselekedjen, ez\u00e9rt a kutat\u00e1s megtervez\u00e9se sor\u00e1n egyszerre kereste a status epilepticus leggyakoribb kiv\u00e1lt\u00f3 okait \u00e9s a legs\u00e9r\u00fcl\u00e9kenyebb betegcsoportokat.<\/span><\/p>\n<p><span style=\"font-family: 'Tahoma',sans-serif\">T\u00fari Benedek V. \u00e9ves \u00c1OK hallgat\u00f3 az oszt\u00e1lyon ell\u00e1tott akut intracranialis k\u00f3rk\u00e9pekkel jelentkez\u0151 betegek EKG felv\u00e9telein megjelen\u0151 v\u00e1ltoz\u00e1sokat vizsg\u00e1lta. Sz\u00e1mos kopony\u00e1n bel\u00fcli k\u00f3rk\u00e9p okozhatja az EKG jelek v\u00e1ltoz\u00e1s\u00e1t, melyek ismerete fontos differenci\u00e1ldiagnosztikai szempontokb\u00f3l, a s\u00fcrg\u0151ss\u00e9gi ell\u00e1tok sz\u00e1m\u00e1ra.\u00a0A kutat\u00e1sban kiemelt figyelmet kaptak az akut cerebrovascularis k\u00f3rk\u00e9pekkel \u00e9rkez\u0151 betegek eset\u00e9ben l\u00e1that\u00f3 patol\u00f3gi\u00e1s EKG jelek, illetve c\u00e9l volt \u00faj elt\u00e9r\u00e9sek azonos\u00edt\u00e1sa is.<\/span><\/p>\n<p><span style=\"font-family: 'Tahoma',sans-serif\">A k\u00e9t p\u00e1lyam\u0171 elektronikus form\u00e1ban el\u00e9rhet\u0151 az al\u00e1bbi linken:<\/span><\/p>\n<p>&nbsp;<\/p>\n<p><a href=\"https:\/\/semmelweis.hu\/surgosseg\/files\/2024\/01\/Rektori-palyamunka-Turi-Benedek-2.pdf\">Rektori-p\u00e1lyamunka-T\u00fari-Benedek<\/a><\/p>\n<p><span style=\"font-family: 'Tahoma',sans-serif\">A d\u00edjazottaknak gratul\u00e1lunk!<\/span><\/p>\n","protected":false},"excerpt":{"rendered":"<p>2023-ban a S\u00fcrg\u0151ss\u00e9gi Orvostani Klinika k\u00e9t TDK-hallgat\u00f3ja ny\u00fajtott be rektori p\u00e1lyamunk\u00e1t. Sas \u00c1gnes dolgozata III. helyez\u00e9st (t\u00e9mavezet\u0151k dr. Fenyves B\u00e1nk, dr. Rapszky Gabriella), T\u00fari Benedek munk\u00e1ja pedig dics\u00e9retet kapott (t\u00e9mavezet\u0151 dr. Varga Csaba). Sas \u00c1gnes VI. \u00e9ves \u00c1OK hallgat\u00f3 dolgozat\u00e1ban a klinik\u00e1nkon ell\u00e1tott status epilepticus eseteket elemezte a s\u00fcrg\u0151ss\u00e9gi oszt\u00e1lyon alkalmazhat\u00f3 diagnosztikus \u00e9s ter\u00e1pi\u00e1s elj\u00e1r\u00e1sok &hellip;<\/p>\n","protected":false},"author":102257,"featured_media":1990,"comment_status":"closed","ping_status":"closed","sticky":false,"template":"","format":"standard","meta":{"_acf_changed":false,"footnotes":""},"categories":[1],"tags":[],"class_list":["post-1987","post","type-post","status-publish","format-standard","has-post-thumbnail","hentry","category-hirek"],"acf":[],"_links":{"self":[{"href":"https:\/\/semmelweis.hu\/surgosseg\/wp-json\/wp\/v2\/posts\/1987","targetHints":{"allow":["GET"]}}],"collection":[{"href":"https:\/\/semmelweis.hu\/surgosseg\/wp-json\/wp\/v2\/posts"}],"about":[{"href":"https:\/\/semmelweis.hu\/surgosseg\/wp-json\/wp\/v2\/types\/post"}],"author":[{"embeddable":true,"href":"https:\/\/semmelweis.hu\/surgosseg\/wp-json\/wp\/v2\/users\/102257"}],"replies":[{"embeddable":true,"href":"https:\/\/semmelweis.hu\/surgosseg\/wp-json\/wp\/v2\/comments?post=1987"}],"version-history":[{"count":3,"href":"https:\/\/semmelweis.hu\/surgosseg\/wp-json\/wp\/v2\/posts\/1987\/revisions"}],"predecessor-version":[{"id":2319,"href":"https:\/\/semmelweis.hu\/surgosseg\/wp-json\/wp\/v2\/posts\/1987\/revisions\/2319"}],"wp:featuredmedia":[{"embeddable":true,"href":"https:\/\/semmelweis.hu\/surgosseg\/wp-json\/wp\/v2\/media\/1990"}],"wp:attachment":[{"href":"https:\/\/semmelweis.hu\/surgosseg\/wp-json\/wp\/v2\/media?parent=1987"}],"wp:term":[{"taxonomy":"category","embeddable":true,"href":"https:\/\/semmelweis.hu\/surgosseg\/wp-json\/wp\/v2\/categories?post=1987"},{"taxonomy":"post_tag","embeddable":true,"href":"https:\/\/semmelweis.hu\/surgosseg\/wp-json\/wp\/v2\/tags?post=1987"}],"curies":[{"name":"wp","href":"https:\/\/api.w.org\/{rel}","templated":true}]}}