{"id":1887,"date":"2023-09-14T15:23:00","date_gmt":"2023-09-14T13:23:00","guid":{"rendered":"https:\/\/semmelweis.hu\/surgosseg\/?p=1887"},"modified":"2023-09-21T10:56:14","modified_gmt":"2023-09-21T08:56:14","slug":"sikeres-sok-s-szereples-a-memc23-konferencian","status":"publish","type":"post","link":"https:\/\/semmelweis.hu\/surgosseg\/2023\/09\/14\/sikeres-sok-s-szereples-a-memc23-konferencian\/","title":{"rendered":"Sikeres SOK-s szerepl\u00e9s a MEMC23 konferenci\u00e1n"},"content":{"rendered":"<div>\n<p>Id\u00e9n ism\u00e9t megrendez\u00e9sre ker\u00fclt az American Academy of Emergency Medicine \u00e9s a Mediterranean Academy of Emergency Medicine \u00e1ltal szervezett nemzetk\u00f6zi XIIth Mediterranean Emergency Congress (MEMC23), ez\u00fattal Rodosz sziget\u00e9n.<\/p>\n<p>A szeptember 7-10 k\u00f6z\u00f6tt tartott konferenci\u00e1n klinik\u00e1nkat Dr. Varga Csaba klinikaigazgat\u00f3, Dr. Imecz Judit \u00e9s Dr. Fenyves B\u00e1nk egyetemi tan\u00e1rseg\u00e9dek, valamint Dr. Hahn Vikt\u00f3ria egykori TDK hallgat\u00f3nk \u00e9s Dr. Rapszky Gabriella PhD hallgat\u00f3nk k\u00e9pviselte.<\/p>\n<p>Dr. Rapszky Gabriella absztraktja bev\u00e1laszt\u00e1sra ker\u00fclt a top 3 absztrakt k\u00f6z\u00e9, \u00edgy a nyit\u00f3 cerem\u00f3ni\u00e1n ismertette a szeptikus betegek ell\u00e1t\u00e1s\u00e1ban haszn\u00e1lt gyors diagnosztikus eszk\u00f6z\u00f6kr\u0151l k\u00e9sz\u00fclt meta-anal\u00edzis\u00e9t, mellyel megnyerte a konferencia I. d\u00edj\u00e1t.<\/p>\n<p>A nemzetk\u00f6zi konferenci\u00e1n Dr. Imecz Judit egy 29 \u00e9ves h\u00f6lgy h\u00e1ts\u00f3 reverzibilis encephalopathia szindr\u00f3m\u00e1j\u00e1nak eset\u00e9t mutatta be poszter form\u00e1j\u00e1ban, ami Mark Langdorf, a Western Journal of Emergency Medicine foly\u00f3irat szerkeszt\u0151j\u00e9nek a figyelm\u00e9t is felkeltette.<\/p>\n<p>Dr. Hahn Vikt\u00f3ria el\u0151ad\u00e1s form\u00e1j\u00e1ban a s\u00fcrg\u0151ss\u00e9gi ell\u00e1t\u00e1s sor\u00e1n alkalmazott viszkoelasztikus hemoszt\u00e1zis monitoroz\u00e1s kapcs\u00e1n nyert tapasztalatokat \u00e9s eredm\u00e9nyeket ismertette.<\/p>\n<p>A tudom\u00e1nyos eredm\u00e9nyek ismertet\u00e9se mellett a tavalyi konferenci\u00e1hoz hasonl\u00f3an, a s\u00fcrg\u0151ss\u00e9gi ell\u00e1t\u00e1sban el\u0151fordul\u00f3 \u00e9rdekes \u00e9s tanuls\u00e1gos esetekr\u0151l, valamint gyakorlati tudnival\u00f3kr\u00f3l hallgathattunk el\u0151ad\u00e1sokat.<\/p>\n<p>A konferencia sor\u00e1n lehet\u0151s\u00e9g\u00fcnk ny\u00edlt nemzetk\u00f6zi kapcsolatok \u00e9p\u00edt\u00e9s\u00e9re, k\u00f6zt\u00fck a MAEM eln\u00f6k\u00e9vel, az AAEM vezet\u0151s\u00e9g\u00e9vel, valamint a <em>Journal of Emergency Medicine<\/em> f\u0151szerkeszt\u0151j\u00e9vel volt alkalmunk megismerkedni, ez\u00e1ltal tov\u00e1bb n\u00f6velve a Klinika nemzetk\u00f6zi jelenl\u00e9t\u00e9t.<\/p>\n<p>&nbsp;<\/p>\n<p>&nbsp;<\/p>\n<\/div>\n<p>&nbsp;<\/p>\n<p><a href=\"https:\/\/semmelweis.hu\/surgosseg\/files\/2023\/09\/IMG_4257.jpeg\"><img loading=\"lazy\" decoding=\"async\" class=\"alignnone wp-image-1878\" src=\"https:\/\/semmelweis.hu\/surgosseg\/files\/2023\/09\/IMG_4257-300x400.jpeg\" alt=\"\" width=\"253\" height=\"337\" srcset=\"https:\/\/semmelweis.hu\/surgosseg\/files\/2023\/09\/IMG_4257-300x400.jpeg 300w, https:\/\/semmelweis.hu\/surgosseg\/files\/2023\/09\/IMG_4257-768x1024.jpeg 768w, https:\/\/semmelweis.hu\/surgosseg\/files\/2023\/09\/IMG_4257-1152x1536.jpeg 1152w, https:\/\/semmelweis.hu\/surgosseg\/files\/2023\/09\/IMG_4257-1536x2048.jpeg 1536w, https:\/\/semmelweis.hu\/surgosseg\/files\/2023\/09\/IMG_4257-753x1004.jpeg 753w, https:\/\/semmelweis.hu\/surgosseg\/files\/2023\/09\/IMG_4257.jpeg 1772w\" sizes=\"auto, (max-width: 253px) 100vw, 253px\" \/><\/a>\u00a0<span style=\"font-size: 1rem\">\u00a0<\/span><img loading=\"lazy\" decoding=\"async\" class=\"alignnone  wp-image-1875\" style=\"font-size: 1rem\" src=\"https:\/\/semmelweis.hu\/surgosseg\/files\/2023\/09\/IMG_4138-400x300.jpeg\" alt=\"\" width=\"322\" height=\"241\" srcset=\"https:\/\/semmelweis.hu\/surgosseg\/files\/2023\/09\/IMG_4138-400x300.jpeg 400w, https:\/\/semmelweis.hu\/surgosseg\/files\/2023\/09\/IMG_4138-1024x768.jpeg 1024w, https:\/\/semmelweis.hu\/surgosseg\/files\/2023\/09\/IMG_4138-768x576.jpeg 768w, https:\/\/semmelweis.hu\/surgosseg\/files\/2023\/09\/IMG_4138-1536x1152.jpeg 1536w, https:\/\/semmelweis.hu\/surgosseg\/files\/2023\/09\/IMG_4138-2048x1536.jpeg 2048w, https:\/\/semmelweis.hu\/surgosseg\/files\/2023\/09\/IMG_4138-753x565.jpeg 753w\" sizes=\"auto, (max-width: 322px) 100vw, 322px\" \/><img loading=\"lazy\" decoding=\"async\" class=\"alignnone  wp-image-1879\" style=\"font-size: 1rem\" src=\"https:\/\/semmelweis.hu\/surgosseg\/files\/2023\/09\/IMG_4157-400x300.jpeg\" alt=\"\" width=\"318\" height=\"239\" srcset=\"https:\/\/semmelweis.hu\/surgosseg\/files\/2023\/09\/IMG_4157-400x300.jpeg 400w, https:\/\/semmelweis.hu\/surgosseg\/files\/2023\/09\/IMG_4157-1024x768.jpeg 1024w, https:\/\/semmelweis.hu\/surgosseg\/files\/2023\/09\/IMG_4157-768x576.jpeg 768w, https:\/\/semmelweis.hu\/surgosseg\/files\/2023\/09\/IMG_4157-1536x1152.jpeg 1536w, https:\/\/semmelweis.hu\/surgosseg\/files\/2023\/09\/IMG_4157-2048x1536.jpeg 2048w, https:\/\/semmelweis.hu\/surgosseg\/files\/2023\/09\/IMG_4157-753x565.jpeg 753w\" sizes=\"auto, (max-width: 318px) 100vw, 318px\" \/><img loading=\"lazy\" decoding=\"async\" class=\"alignnone  wp-image-1877\" style=\"font-size: 1rem\" src=\"https:\/\/semmelweis.hu\/surgosseg\/files\/2023\/09\/IMG_4255-300x400.jpeg\" alt=\"\" width=\"260\" height=\"346\" srcset=\"https:\/\/semmelweis.hu\/surgosseg\/files\/2023\/09\/IMG_4255-300x400.jpeg 300w, https:\/\/semmelweis.hu\/surgosseg\/files\/2023\/09\/IMG_4255-768x1024.jpeg 768w, https:\/\/semmelweis.hu\/surgosseg\/files\/2023\/09\/IMG_4255-1152x1536.jpeg 1152w, https:\/\/semmelweis.hu\/surgosseg\/files\/2023\/09\/IMG_4255-753x1004.jpeg 753w, https:\/\/semmelweis.hu\/surgosseg\/files\/2023\/09\/IMG_4255.jpeg 1535w\" sizes=\"auto, (max-width: 260px) 100vw, 260px\" \/><\/p>\n<p>&nbsp;<\/p>\n","protected":false},"excerpt":{"rendered":"<p>Id\u00e9n ism\u00e9t megrendez\u00e9sre ker\u00fclt az American Academy of Emergency Medicine \u00e9s a Mediterranean Academy of Emergency Medicine \u00e1ltal szervezett nemzetk\u00f6zi XIIth Mediterranean Emergency Congress (MEMC23), ez\u00fattal Rodosz sziget\u00e9n. A szeptember 7-10 k\u00f6z\u00f6tt tartott konferenci\u00e1n klinik\u00e1nkat Dr. Varga Csaba klinikaigazgat\u00f3, Dr. Imecz Judit \u00e9s Dr. Fenyves B\u00e1nk egyetemi tan\u00e1rseg\u00e9dek, valamint Dr. Hahn Vikt\u00f3ria egykori TDK hallgat\u00f3nk &hellip;<\/p>\n","protected":false},"author":102257,"featured_media":1878,"comment_status":"closed","ping_status":"closed","sticky":false,"template":"","format":"gallery","meta":{"_acf_changed":false,"footnotes":""},"categories":[1],"tags":[],"class_list":["post-1887","post","type-post","status-publish","format-gallery","has-post-thumbnail","hentry","category-hirek","post_format-post-format-gallery"],"acf":[],"_links":{"self":[{"href":"https:\/\/semmelweis.hu\/surgosseg\/wp-json\/wp\/v2\/posts\/1887","targetHints":{"allow":["GET"]}}],"collection":[{"href":"https:\/\/semmelweis.hu\/surgosseg\/wp-json\/wp\/v2\/posts"}],"about":[{"href":"https:\/\/semmelweis.hu\/surgosseg\/wp-json\/wp\/v2\/types\/post"}],"author":[{"embeddable":true,"href":"https:\/\/semmelweis.hu\/surgosseg\/wp-json\/wp\/v2\/users\/102257"}],"replies":[{"embeddable":true,"href":"https:\/\/semmelweis.hu\/surgosseg\/wp-json\/wp\/v2\/comments?post=1887"}],"version-history":[{"count":4,"href":"https:\/\/semmelweis.hu\/surgosseg\/wp-json\/wp\/v2\/posts\/1887\/revisions"}],"predecessor-version":[{"id":1892,"href":"https:\/\/semmelweis.hu\/surgosseg\/wp-json\/wp\/v2\/posts\/1887\/revisions\/1892"}],"wp:featuredmedia":[{"embeddable":true,"href":"https:\/\/semmelweis.hu\/surgosseg\/wp-json\/wp\/v2\/media\/1878"}],"wp:attachment":[{"href":"https:\/\/semmelweis.hu\/surgosseg\/wp-json\/wp\/v2\/media?parent=1887"}],"wp:term":[{"taxonomy":"category","embeddable":true,"href":"https:\/\/semmelweis.hu\/surgosseg\/wp-json\/wp\/v2\/categories?post=1887"},{"taxonomy":"post_tag","embeddable":true,"href":"https:\/\/semmelweis.hu\/surgosseg\/wp-json\/wp\/v2\/tags?post=1887"}],"curies":[{"name":"wp","href":"https:\/\/api.w.org\/{rel}","templated":true}]}}