{"id":1679,"date":"2022-10-17T07:31:35","date_gmt":"2022-10-17T05:31:35","guid":{"rendered":"https:\/\/semmelweis.hu\/surgosseg\/?p=1679"},"modified":"2022-11-16T10:22:51","modified_gmt":"2022-11-16T09:22:51","slug":"az-ujraelesztes-nemzetkozi-vilagnapja-alkalmabol-jarokeloket-oktattak-eletmentesre","status":"publish","type":"post","link":"https:\/\/semmelweis.hu\/surgosseg\/2022\/10\/17\/az-ujraelesztes-nemzetkozi-vilagnapja-alkalmabol-jarokeloket-oktattak-eletmentesre\/","title":{"rendered":"Az \u00dajra\u00e9leszt\u00e9s Nemzetk\u00f6zi Vil\u00e1gnapja alkalm\u00e1b\u00f3l j\u00e1r\u00f3kel\u0151ket oktattak \u00e9letment\u00e9sre"},"content":{"rendered":"<p style=\"text-align: justify\">Okt\u00f3ber 16-\u00e1n volt az \u00dajra\u00e9leszt\u00e9s Nemzetk\u00f6zi Vil\u00e1gnapja, amit a Budapesti Orvostanhallgat\u00f3k Egyes\u00fclete id\u00e9n k\u00e9t napos rendezv\u00e9nnyel \u00fcnnepelt meg. Az Allee bev\u00e1s\u00e1rl\u00f3k\u00f6zpont aul\u00e1j\u00e1ban oktatt\u00e1k az arra j\u00e1r\u00f3kat az \u00e9letment\u00e9sre gyerekekt\u0151l az id\u0151s koroszt\u00e1lyig. A vil\u00e1gnap m\u00e1snapj\u00e1n az egyetemi polg\u00e1roknak szerveztek akci\u00f3t, amelynek c\u00e9lja 253 \u00fajra\u00e9leszt\u0151 el\u00e9r\u00e9se volt eml\u00e9kezve az egyetem alap\u00edt\u00e1sa \u00f3ta eltelt \u00e9vekre. A sikeres figyelemfelh\u00edv\u00f3 k\u00eds\u00e9rlet v\u00e9g\u00e9n a S\u00fcrg\u0151ss\u00e9gi Orvostani Klinika k\u00e9pvisel\u0151i egy r\u00f6vid prezent\u00e1ci\u00f3val h\u00edvt\u00e1k fel a figyelmet a min\u00e9l hamarabb elkezdett laikus \u00fajra\u00e9leszt\u00e9s jelent\u0151s\u00e9g\u00e9re.<\/p>\n<p><img loading=\"lazy\" decoding=\"async\" class=\"size-medium wp-image-1683 aligncenter\" src=\"https:\/\/semmelweis.hu\/surgosseg\/files\/2022\/11\/3-400x267.jpg\" alt=\"\" width=\"400\" height=\"267\" srcset=\"https:\/\/semmelweis.hu\/surgosseg\/files\/2022\/11\/3-400x267.jpg 400w, https:\/\/semmelweis.hu\/surgosseg\/files\/2022\/11\/3-1024x683.jpg 1024w, https:\/\/semmelweis.hu\/surgosseg\/files\/2022\/11\/3-768x512.jpg 768w, https:\/\/semmelweis.hu\/surgosseg\/files\/2022\/11\/3-1536x1024.jpg 1536w, https:\/\/semmelweis.hu\/surgosseg\/files\/2022\/11\/3-753x502.jpg 753w, https:\/\/semmelweis.hu\/surgosseg\/files\/2022\/11\/3-203x135.jpg 203w, https:\/\/semmelweis.hu\/surgosseg\/files\/2022\/11\/3.jpg 2048w\" sizes=\"auto, (max-width: 400px) 100vw, 400px\" \/><\/p>\n<p><img loading=\"lazy\" decoding=\"async\" class=\"size-medium wp-image-1682 aligncenter\" src=\"https:\/\/semmelweis.hu\/surgosseg\/files\/2022\/11\/2-ink-267x400.jpg\" alt=\"\" width=\"267\" height=\"400\" srcset=\"https:\/\/semmelweis.hu\/surgosseg\/files\/2022\/11\/2-ink-267x400.jpg 267w, https:\/\/semmelweis.hu\/surgosseg\/files\/2022\/11\/2-ink-683x1024.jpg 683w, https:\/\/semmelweis.hu\/surgosseg\/files\/2022\/11\/2-ink-768x1152.jpg 768w, https:\/\/semmelweis.hu\/surgosseg\/files\/2022\/11\/2-ink-1024x1536.jpg 1024w, https:\/\/semmelweis.hu\/surgosseg\/files\/2022\/11\/2-ink-753x1130.jpg 753w, https:\/\/semmelweis.hu\/surgosseg\/files\/2022\/11\/2-ink.jpg 1365w\" sizes=\"auto, (max-width: 267px) 100vw, 267px\" \/><\/p>\n","protected":false},"excerpt":{"rendered":"<p>Okt\u00f3ber 16-\u00e1n volt az \u00dajra\u00e9leszt\u00e9s Nemzetk\u00f6zi Vil\u00e1gnapja, amit a Budapesti Orvostanhallgat\u00f3k Egyes\u00fclete id\u00e9n k\u00e9t napos rendezv\u00e9nnyel \u00fcnnepelt meg. Az Allee bev\u00e1s\u00e1rl\u00f3k\u00f6zpont aul\u00e1j\u00e1ban oktatt\u00e1k az arra j\u00e1r\u00f3kat az \u00e9letment\u00e9sre gyerekekt\u0151l az id\u0151s koroszt\u00e1lyig. A vil\u00e1gnap m\u00e1snapj\u00e1n az egyetemi polg\u00e1roknak szerveztek akci\u00f3t, amelynek c\u00e9lja 253 \u00fajra\u00e9leszt\u0151 el\u00e9r\u00e9se volt eml\u00e9kezve az egyetem alap\u00edt\u00e1sa \u00f3ta eltelt \u00e9vekre. A sikeres &hellip;<\/p>\n","protected":false},"author":102014,"featured_media":1680,"comment_status":"closed","ping_status":"closed","sticky":false,"template":"","format":"standard","meta":{"_acf_changed":false,"footnotes":""},"categories":[1],"tags":[],"class_list":["post-1679","post","type-post","status-publish","format-standard","has-post-thumbnail","hentry","category-hirek"],"acf":[],"_links":{"self":[{"href":"https:\/\/semmelweis.hu\/surgosseg\/wp-json\/wp\/v2\/posts\/1679","targetHints":{"allow":["GET"]}}],"collection":[{"href":"https:\/\/semmelweis.hu\/surgosseg\/wp-json\/wp\/v2\/posts"}],"about":[{"href":"https:\/\/semmelweis.hu\/surgosseg\/wp-json\/wp\/v2\/types\/post"}],"author":[{"embeddable":true,"href":"https:\/\/semmelweis.hu\/surgosseg\/wp-json\/wp\/v2\/users\/102014"}],"replies":[{"embeddable":true,"href":"https:\/\/semmelweis.hu\/surgosseg\/wp-json\/wp\/v2\/comments?post=1679"}],"version-history":[{"count":2,"href":"https:\/\/semmelweis.hu\/surgosseg\/wp-json\/wp\/v2\/posts\/1679\/revisions"}],"predecessor-version":[{"id":1687,"href":"https:\/\/semmelweis.hu\/surgosseg\/wp-json\/wp\/v2\/posts\/1679\/revisions\/1687"}],"wp:featuredmedia":[{"embeddable":true,"href":"https:\/\/semmelweis.hu\/surgosseg\/wp-json\/wp\/v2\/media\/1680"}],"wp:attachment":[{"href":"https:\/\/semmelweis.hu\/surgosseg\/wp-json\/wp\/v2\/media?parent=1679"}],"wp:term":[{"taxonomy":"category","embeddable":true,"href":"https:\/\/semmelweis.hu\/surgosseg\/wp-json\/wp\/v2\/categories?post=1679"},{"taxonomy":"post_tag","embeddable":true,"href":"https:\/\/semmelweis.hu\/surgosseg\/wp-json\/wp\/v2\/tags?post=1679"}],"curies":[{"name":"wp","href":"https:\/\/api.w.org\/{rel}","templated":true}]}}