{"id":1664,"date":"2022-11-07T18:21:34","date_gmt":"2022-11-07T17:21:34","guid":{"rendered":"https:\/\/semmelweis.hu\/surgosseg\/?p=1664"},"modified":"2022-11-14T07:25:03","modified_gmt":"2022-11-14T06:25:03","slug":"pecs-varos-kivalo-tanuloi-es-hallgatoi-dijat-nyert-klinikank-rezidense-dr-fazekas-balazs","status":"publish","type":"post","link":"https:\/\/semmelweis.hu\/surgosseg\/2022\/11\/07\/pecs-varos-kivalo-tanuloi-es-hallgatoi-dijat-nyert-klinikank-rezidense-dr-fazekas-balazs\/","title":{"rendered":"D\u00edj\u00e1t nyert Klinik\u00e1nk rezidense, Dr. Fazekas Bal\u00e1zs"},"content":{"rendered":"<div style=\"text-align: justify\">P\u00e9cs V\u00e1ros Kiv\u00e1l\u00f3 Tanul\u00f3i \u00e9s Hallgat\u00f3i D\u00edjat nyert a S\u00fcrg\u0151ss\u00e9gi Orvostani Klinika rezidense.\u00a0Dr. Fazekas Bal\u00e1zs 2022-ben v\u00e9gzett a P\u00e9csi Tudom\u00e1nyegyetem \u00c1ltal\u00e1nos Orvostudom\u00e1nyi Kar\u00e1n, a\u00a0d\u00edjat a hallgat\u00f3i\u00a0\u00e9vei sor\u00e1n v\u00e9gzett t\u00f6bb \u00e9ves kutat\u00f3munka, konferencia eredm\u00e9nyek, demonstr\u00e1tori tev\u00e9kenys\u00e9g, tov\u00e1bb\u00e1 a p\u00e9csi k\u00f6z\u00f6ss\u00e9gen bel\u00fcl v\u00e9gzett \u00e9rt\u00e9korient\u00e1lt munk\u00e1ss\u00e1g\u00e1nak \u00e9s kiemelked\u0151 tanulm\u00e1nyi eredm\u00e9nyeinek elismer\u00e9s\u00fcl kapta.<\/div>\n<div style=\"text-align: justify\">\u00a0<\/div>\n<div style=\"text-align: justify\">A d\u00edjhoz gratul\u00e1lunk!<\/div>\n<div>\n<p><img loading=\"lazy\" decoding=\"async\" class=\"aligncenter wp-image-1668 size-medium\" src=\"https:\/\/semmelweis.hu\/surgosseg\/files\/2022\/11\/E6251214-DD2B-4573-8063-67720CD430EB-301x400.jpg\" alt=\"\" width=\"301\" height=\"400\" srcset=\"https:\/\/semmelweis.hu\/surgosseg\/files\/2022\/11\/E6251214-DD2B-4573-8063-67720CD430EB-301x400.jpg 301w, https:\/\/semmelweis.hu\/surgosseg\/files\/2022\/11\/E6251214-DD2B-4573-8063-67720CD430EB-770x1024.jpg 770w, https:\/\/semmelweis.hu\/surgosseg\/files\/2022\/11\/E6251214-DD2B-4573-8063-67720CD430EB-768x1021.jpg 768w, https:\/\/semmelweis.hu\/surgosseg\/files\/2022\/11\/E6251214-DD2B-4573-8063-67720CD430EB-1156x1536.jpg 1156w, https:\/\/semmelweis.hu\/surgosseg\/files\/2022\/11\/E6251214-DD2B-4573-8063-67720CD430EB-1541x2048.jpg 1541w, https:\/\/semmelweis.hu\/surgosseg\/files\/2022\/11\/E6251214-DD2B-4573-8063-67720CD430EB-753x1001.jpg 753w, https:\/\/semmelweis.hu\/surgosseg\/files\/2022\/11\/E6251214-DD2B-4573-8063-67720CD430EB-scaled.jpg 1926w\" sizes=\"auto, (max-width: 301px) 100vw, 301px\" \/><\/p>\n<\/div>\n","protected":false},"excerpt":{"rendered":"<p>P\u00e9cs V\u00e1ros Kiv\u00e1l\u00f3 Tanul\u00f3i \u00e9s Hallgat\u00f3i D\u00edjat nyert a S\u00fcrg\u0151ss\u00e9gi Orvostani Klinika rezidense.\u00a0Dr. Fazekas Bal\u00e1zs 2022-ben v\u00e9gzett a P\u00e9csi Tudom\u00e1nyegyetem \u00c1ltal\u00e1nos Orvostudom\u00e1nyi Kar\u00e1n, a\u00a0d\u00edjat a hallgat\u00f3i\u00a0\u00e9vei sor\u00e1n v\u00e9gzett t\u00f6bb \u00e9ves kutat\u00f3munka, konferencia eredm\u00e9nyek, demonstr\u00e1tori tev\u00e9kenys\u00e9g, tov\u00e1bb\u00e1 a p\u00e9csi k\u00f6z\u00f6ss\u00e9gen bel\u00fcl v\u00e9gzett \u00e9rt\u00e9korient\u00e1lt munk\u00e1ss\u00e1g\u00e1nak \u00e9s kiemelked\u0151 tanulm\u00e1nyi eredm\u00e9nyeinek elismer\u00e9s\u00fcl kapta.<br \/>\n\u00a0<br \/>\nA d\u00edjhoz gratul\u00e1lunk!<\/p>\n","protected":false},"author":102014,"featured_media":1673,"comment_status":"closed","ping_status":"closed","sticky":false,"template":"","format":"standard","meta":{"_acf_changed":false,"footnotes":""},"categories":[1],"tags":[],"class_list":["post-1664","post","type-post","status-publish","format-standard","has-post-thumbnail","hentry","category-hirek"],"acf":[],"_links":{"self":[{"href":"https:\/\/semmelweis.hu\/surgosseg\/wp-json\/wp\/v2\/posts\/1664","targetHints":{"allow":["GET"]}}],"collection":[{"href":"https:\/\/semmelweis.hu\/surgosseg\/wp-json\/wp\/v2\/posts"}],"about":[{"href":"https:\/\/semmelweis.hu\/surgosseg\/wp-json\/wp\/v2\/types\/post"}],"author":[{"embeddable":true,"href":"https:\/\/semmelweis.hu\/surgosseg\/wp-json\/wp\/v2\/users\/102014"}],"replies":[{"embeddable":true,"href":"https:\/\/semmelweis.hu\/surgosseg\/wp-json\/wp\/v2\/comments?post=1664"}],"version-history":[{"count":6,"href":"https:\/\/semmelweis.hu\/surgosseg\/wp-json\/wp\/v2\/posts\/1664\/revisions"}],"predecessor-version":[{"id":1675,"href":"https:\/\/semmelweis.hu\/surgosseg\/wp-json\/wp\/v2\/posts\/1664\/revisions\/1675"}],"wp:featuredmedia":[{"embeddable":true,"href":"https:\/\/semmelweis.hu\/surgosseg\/wp-json\/wp\/v2\/media\/1673"}],"wp:attachment":[{"href":"https:\/\/semmelweis.hu\/surgosseg\/wp-json\/wp\/v2\/media?parent=1664"}],"wp:term":[{"taxonomy":"category","embeddable":true,"href":"https:\/\/semmelweis.hu\/surgosseg\/wp-json\/wp\/v2\/categories?post=1664"},{"taxonomy":"post_tag","embeddable":true,"href":"https:\/\/semmelweis.hu\/surgosseg\/wp-json\/wp\/v2\/tags?post=1664"}],"curies":[{"name":"wp","href":"https:\/\/api.w.org\/{rel}","templated":true}]}}