{"id":1602,"date":"2022-10-04T08:34:35","date_gmt":"2022-10-04T06:34:35","guid":{"rendered":"https:\/\/semmelweis.hu\/surgosseg\/?p=1602"},"modified":"2022-10-04T19:32:23","modified_gmt":"2022-10-04T17:32:23","slug":"nemzetkozi-konferencian-szerepelt-sikerrel-a-se-surgossegi-orvostani-klinika","status":"publish","type":"post","link":"https:\/\/semmelweis.hu\/surgosseg\/2022\/10\/04\/nemzetkozi-konferencian-szerepelt-sikerrel-a-se-surgossegi-orvostani-klinika\/","title":{"rendered":"Nemzetk\u00f6zi konferenci\u00e1n szerepeltek sikerrel a S\u00fcrg\u0151ss\u00e9gi Orvostani Klinika munkat\u00e1rsai"},"content":{"rendered":"<p style=\"text-align: justify\">2021-es megalakul\u00e1sa \u00f3ta els\u0151 nemzetk\u00f6zi kongresszus\u00e1n k\u00e9pviseltette mag\u00e1t a S\u00fcrg\u0151ss\u00e9gi Orvostani Klinika. Az American Academy of Emergency Medicine \u00e9s a Mediterranean Academy of Emergency Medicine \u00e1ltal szervezett XI<sup>th<\/sup> Mediterranean Emergency Congress az eleven t\u00f6rt\u00e9nelmi m\u00falttal gazdag M\u00e1lt\u00e1n, St. Julian v\u00e1ros\u00e1ban ker\u00fclt megrendez\u00e9sre szeptember 21-25-e k\u00f6z\u00f6tt.<\/p>\n<p style=\"text-align: justify\">A Klinik\u00e1t dr. Varga Csaba klinikaigazgat\u00f3, valamint dr. Mester D\u00f3ra, dr. Boldizs\u00e1r Don\u00e1t, dr. Eke Csaba, dr. Fenyves B\u00e1nk \u00e9s dr. Mer\u00e9nyi Andr\u00e1s rezidensek k\u00e9pviselt\u00e9k.<\/p>\n<p style=\"text-align: justify\">A konferenci\u00e1n els\u0151sorban amerikai el\u0151ad\u00f3k ismertett\u00e9k a s\u00fcrg\u0151ss\u00e9gi medicina leg\u00fajabb gyakorlati ismereteit \u00e9s tudom\u00e1nyos eredm\u00e9nyeit.<\/p>\n<p style=\"text-align: justify\">A Klinika munkat\u00e1rsai n\u00e9gy poszterrel \u00e9s egy el\u0151ad\u00e1ssal jelentek meg a konferenci\u00e1n: dr. Mester D\u00f3ra egy Von Gierke k\u00f3ros beteg s\u00fcrg\u0151ss\u00e9gi ell\u00e1t\u00e1sa kapcs\u00e1n felmer\u00fclt diagnosztikai csapd\u00e1kat ismertette poszteren; dr. Boldizs\u00e1r Don\u00e1t poszter prezent\u00e1ci\u00f3ban mutatta be, hogy egy petechi\u00e1k miatt \u00e9rkez\u0151 fiatal h\u00f6lgy hogyan jutott el a l\u00e9prupt\u00fara diagn\u00f3zis\u00e1ig, majd a m\u0171t\u0151asztalig; dr. Mer\u00e9nyi Andr\u00e1s posztere az SGLT2-g\u00e1tl\u00f3k \u00e1ltal okozott euglik\u00e9mi\u00e1s ketoacid\u00f3zisr\u00f3l sz\u00f3lt; dr. Eke Csaba poszter\u00e9n pedig egy haemoptysis (v\u00e9rk\u00f6p\u00e9s) miatt vizsg\u00e1lt beteg diagnosztikus neh\u00e9zs\u00e9gei ker\u00fcltek bemutat\u00e1sra.<\/p>\n<p style=\"text-align: justify\">K\u00fcl\u00f6n \u00f6r\u00f6m \u00e9s b\u00fcszkes\u00e9g, hogy dr. Fenyves B\u00e1nk el\u0151ad\u00e1sa, amelyben a COVID-19 betegs\u00e9g thromboemb\u00f3li\u00e1s sz\u00f6v\u0151dm\u00e9nyeinek egy \u00faj, \u00edg\u00e9retes biomarker\u00e9t, a P-szelektint mutatta be, elnyerte a zs\u0171ri els\u0151 d\u00edj\u00e1t, ily m\u00f3don tov\u00e1bb \u00f6regb\u00edtve a Semmelweis Egyetem \u00e9s megalapozva a S\u00fcrg\u0151ss\u00e9gi Orvostani Klinika nemzetk\u00f6zi j\u00f3 h\u00edrnev\u00e9t (az <em>American Journal of Hematology <\/em>foly\u00f3iratban publik\u00e1lt k\u00f6zlem\u00e9ny <a href=\"https:\/\/doi.org\/10.1002\/ajh.26372\">ide kattintva<\/a> \u00e9rhet\u0151 el)<\/p>\n<p style=\"text-align: justify\">Az el\u0151ad\u00e1sok k\u00f6z\u00f6tti sz\u00fcnetekben \u00e9s a szervezett szoci\u00e1lis esem\u00e9nyeken lehet\u0151s\u00e9g ny\u00edlt nemzetk\u00f6zi kapcsolatok \u00e9p\u00edt\u00e9s\u00e9re, tudom\u00e1nyos \u00e9s bar\u00e1ti eszmecser\u00e9kre \u2013 ez\u00e1ltal sikerrel n\u00f6velt\u00fck a Klinika nemzetk\u00f6zi jelenl\u00e9t\u00e9t, aktivit\u00e1s\u00e1t.<\/p>\n<p style=\"text-align: justify\">\u00a0<\/p>\n<p style=\"text-align: right\"><em>dr. Mer\u00e9nyi Andr\u00e1s<\/em><\/p>\n<p>&nbsp;<\/p>\n<p>\u00a0<img loading=\"lazy\" decoding=\"async\" class=\"alignnone  wp-image-1606\" src=\"https:\/\/semmelweis.hu\/surgosseg\/files\/2022\/10\/IMG_1187.HEIC_-300x400.jpg\" alt=\"\" width=\"181\" height=\"242\" srcset=\"https:\/\/semmelweis.hu\/surgosseg\/files\/2022\/10\/IMG_1187.HEIC_-300x400.jpg 300w, https:\/\/semmelweis.hu\/surgosseg\/files\/2022\/10\/IMG_1187.HEIC_-768x1024.jpg 768w, https:\/\/semmelweis.hu\/surgosseg\/files\/2022\/10\/IMG_1187.HEIC_-1152x1536.jpg 1152w, https:\/\/semmelweis.hu\/surgosseg\/files\/2022\/10\/IMG_1187.HEIC_-1536x2048.jpg 1536w, https:\/\/semmelweis.hu\/surgosseg\/files\/2022\/10\/IMG_1187.HEIC_-753x1004.jpg 753w, https:\/\/semmelweis.hu\/surgosseg\/files\/2022\/10\/IMG_1187.HEIC_-scaled.jpg 1920w\" sizes=\"auto, (max-width: 181px) 100vw, 181px\" \/><img loading=\"lazy\" decoding=\"async\" class=\"alignnone  wp-image-1607\" src=\"https:\/\/semmelweis.hu\/surgosseg\/files\/2022\/10\/IMG_1190.HEIC_-300x400.jpg\" alt=\"\" width=\"181\" height=\"241\" srcset=\"https:\/\/semmelweis.hu\/surgosseg\/files\/2022\/10\/IMG_1190.HEIC_-300x400.jpg 300w, https:\/\/semmelweis.hu\/surgosseg\/files\/2022\/10\/IMG_1190.HEIC_-768x1024.jpg 768w, https:\/\/semmelweis.hu\/surgosseg\/files\/2022\/10\/IMG_1190.HEIC_-1152x1536.jpg 1152w, https:\/\/semmelweis.hu\/surgosseg\/files\/2022\/10\/IMG_1190.HEIC_-1536x2048.jpg 1536w, https:\/\/semmelweis.hu\/surgosseg\/files\/2022\/10\/IMG_1190.HEIC_-753x1004.jpg 753w, https:\/\/semmelweis.hu\/surgosseg\/files\/2022\/10\/IMG_1190.HEIC_-scaled.jpg 1920w\" sizes=\"auto, (max-width: 181px) 100vw, 181px\" \/><img loading=\"lazy\" decoding=\"async\" class=\"alignnone  wp-image-1608\" src=\"https:\/\/semmelweis.hu\/surgosseg\/files\/2022\/10\/IMG_1194.HEIC_-300x400.jpg\" alt=\"\" width=\"181\" height=\"242\" srcset=\"https:\/\/semmelweis.hu\/surgosseg\/files\/2022\/10\/IMG_1194.HEIC_-300x400.jpg 300w, https:\/\/semmelweis.hu\/surgosseg\/files\/2022\/10\/IMG_1194.HEIC_-768x1024.jpg 768w, https:\/\/semmelweis.hu\/surgosseg\/files\/2022\/10\/IMG_1194.HEIC_-1152x1536.jpg 1152w, https:\/\/semmelweis.hu\/surgosseg\/files\/2022\/10\/IMG_1194.HEIC_-1536x2048.jpg 1536w, https:\/\/semmelweis.hu\/surgosseg\/files\/2022\/10\/IMG_1194.HEIC_-753x1004.jpg 753w, https:\/\/semmelweis.hu\/surgosseg\/files\/2022\/10\/IMG_1194.HEIC_-scaled.jpg 1920w\" sizes=\"auto, (max-width: 181px) 100vw, 181px\" \/><img loading=\"lazy\" decoding=\"async\" class=\"alignnone  wp-image-1609\" style=\"font-size: 1rem\" src=\"https:\/\/semmelweis.hu\/surgosseg\/files\/2022\/10\/IMG_1025-300x400.jpeg\" alt=\"\" width=\"181\" height=\"242\" srcset=\"https:\/\/semmelweis.hu\/surgosseg\/files\/2022\/10\/IMG_1025-300x400.jpeg 300w, https:\/\/semmelweis.hu\/surgosseg\/files\/2022\/10\/IMG_1025-768x1024.jpeg 768w, https:\/\/semmelweis.hu\/surgosseg\/files\/2022\/10\/IMG_1025-1152x1536.jpeg 1152w, https:\/\/semmelweis.hu\/surgosseg\/files\/2022\/10\/IMG_1025-1536x2048.jpeg 1536w, https:\/\/semmelweis.hu\/surgosseg\/files\/2022\/10\/IMG_1025-753x1004.jpeg 753w, https:\/\/semmelweis.hu\/surgosseg\/files\/2022\/10\/IMG_1025-scaled.jpeg 1920w\" sizes=\"auto, (max-width: 181px) 100vw, 181px\" \/><\/p>\n<p><span style=\"font-size: 1rem\">\u00a0 \u00a0 \u00a0 \u00a0 \u00a0 \u00a0 \u00a0 \u00a0 \u00a0 \u00a0 \u00a0 \u00a0 \u00a0 \u00a0 \u00a0 \u00a0 \u00a0 \u00a0 \u00a0 \u00a0 \u00a0 \u00a0 \u00a0 \u00a0 \u00a0 <img loading=\"lazy\" decoding=\"async\" class=\"alignnone  wp-image-1612\" src=\"https:\/\/semmelweis.hu\/surgosseg\/files\/2022\/10\/IMG_1159-300x400.jpg\" alt=\"\" width=\"252\" height=\"336\" srcset=\"https:\/\/semmelweis.hu\/surgosseg\/files\/2022\/10\/IMG_1159-300x400.jpg 300w, https:\/\/semmelweis.hu\/surgosseg\/files\/2022\/10\/IMG_1159-768x1024.jpg 768w, https:\/\/semmelweis.hu\/surgosseg\/files\/2022\/10\/IMG_1159-1152x1536.jpg 1152w, https:\/\/semmelweis.hu\/surgosseg\/files\/2022\/10\/IMG_1159-1536x2048.jpg 1536w, https:\/\/semmelweis.hu\/surgosseg\/files\/2022\/10\/IMG_1159-753x1004.jpg 753w, https:\/\/semmelweis.hu\/surgosseg\/files\/2022\/10\/IMG_1159-scaled.jpg 1920w\" sizes=\"auto, (max-width: 252px) 100vw, 252px\" \/>\u00a0<\/span><\/p>\n","protected":false},"excerpt":{"rendered":"<p>2021-es megalakul\u00e1sa \u00f3ta els\u0151 nemzetk\u00f6zi kongresszus\u00e1n k\u00e9pviseltette mag\u00e1t a S\u00fcrg\u0151ss\u00e9gi Orvostani Klinika. Az American Academy of Emergency Medicine \u00e9s a Mediterranean Academy of Emergency Medicine \u00e1ltal szervezett XIth Mediterranean Emergency Congress az eleven t\u00f6rt\u00e9nelmi m\u00falttal gazdag M\u00e1lt\u00e1n, St. Julian v\u00e1ros\u00e1ban ker\u00fclt megrendez\u00e9sre szeptember 21-25-e k\u00f6z\u00f6tt. A Klinik\u00e1t dr. Varga Csaba klinikaigazgat\u00f3, valamint dr. Mester D\u00f3ra, &hellip;<\/p>\n","protected":false},"author":102014,"featured_media":1605,"comment_status":"closed","ping_status":"closed","sticky":false,"template":"","format":"standard","meta":{"_acf_changed":false,"footnotes":""},"categories":[1],"tags":[],"class_list":["post-1602","post","type-post","status-publish","format-standard","has-post-thumbnail","hentry","category-hirek"],"acf":[],"_links":{"self":[{"href":"https:\/\/semmelweis.hu\/surgosseg\/wp-json\/wp\/v2\/posts\/1602","targetHints":{"allow":["GET"]}}],"collection":[{"href":"https:\/\/semmelweis.hu\/surgosseg\/wp-json\/wp\/v2\/posts"}],"about":[{"href":"https:\/\/semmelweis.hu\/surgosseg\/wp-json\/wp\/v2\/types\/post"}],"author":[{"embeddable":true,"href":"https:\/\/semmelweis.hu\/surgosseg\/wp-json\/wp\/v2\/users\/102014"}],"replies":[{"embeddable":true,"href":"https:\/\/semmelweis.hu\/surgosseg\/wp-json\/wp\/v2\/comments?post=1602"}],"version-history":[{"count":9,"href":"https:\/\/semmelweis.hu\/surgosseg\/wp-json\/wp\/v2\/posts\/1602\/revisions"}],"predecessor-version":[{"id":1618,"href":"https:\/\/semmelweis.hu\/surgosseg\/wp-json\/wp\/v2\/posts\/1602\/revisions\/1618"}],"wp:featuredmedia":[{"embeddable":true,"href":"https:\/\/semmelweis.hu\/surgosseg\/wp-json\/wp\/v2\/media\/1605"}],"wp:attachment":[{"href":"https:\/\/semmelweis.hu\/surgosseg\/wp-json\/wp\/v2\/media?parent=1602"}],"wp:term":[{"taxonomy":"category","embeddable":true,"href":"https:\/\/semmelweis.hu\/surgosseg\/wp-json\/wp\/v2\/categories?post=1602"},{"taxonomy":"post_tag","embeddable":true,"href":"https:\/\/semmelweis.hu\/surgosseg\/wp-json\/wp\/v2\/tags?post=1602"}],"curies":[{"name":"wp","href":"https:\/\/api.w.org\/{rel}","templated":true}]}}