{"id":790,"date":"2026-09-03T15:34:28","date_gmt":"2026-09-03T13:34:28","guid":{"rendered":"https:\/\/semmelweis.hu\/sportorvostan\/?p=790"},"modified":"2026-09-04T09:40:38","modified_gmt":"2026-09-04T07:40:38","slug":"a-sportorvostan-tanszek-munkatarsai-az-esc-2026-kongresszusan","status":"publish","type":"post","link":"https:\/\/semmelweis.hu\/sportorvostan\/2026\/09\/03\/a-sportorvostan-tanszek-munkatarsai-az-esc-2026-kongresszusan\/","title":{"rendered":"A Sportorvostan Tansz\u00e9k munkat\u00e1rsai az ESC 2026 kongresszus\u00e1n"},"content":{"rendered":"<p style=\"text-align: justify\">A Semmelweis Egyetem Sportorvostan Tansz\u00e9k\u00e9nek munkat\u00e1rsai r\u00e9szt vettek a 2026. augusztus 28\u201331. k\u00f6z\u00f6tt M\u00fcnchenben megrendezett <strong>ESC Congress 2026<\/strong>\u00a0esem\u00e9nyen.<\/p>\n<p>A kongresszus Eur\u00f3pa egyik legjelent\u0151sebb kardiol\u00f3giai tudom\u00e1nyos rendezv\u00e9nye, amely lehet\u0151s\u00e9get biztos\u00edtott a kardiol\u00f3gia aktu\u00e1lis k\u00e9rd\u00e9seinek megvitat\u00e1s\u00e1ra, valamint bemutatta a szakter\u00fclet \u00faj ir\u00e1nyait.<\/p>\n<p style=\"text-align: justify\">A Tansz\u00e9k munkat\u00e1rsai t\u00f6bb kiemelt szakmai ter\u00fcleten is k\u00e9pviselt\u00e9k a Semmelweis Egyetemet: absztraktokkal \u00e9s poszterbemutat\u00f3kkal osztott\u00e1k meg kutat\u00e1si eredm\u00e9nyeiket.<\/p>\n<p style=\"text-align: justify\">A bemutatott munk\u00e1k t\u00f6bbek k\u00f6z\u00f6tt az al\u00e1bbi ter\u00fcleteket \u00e9rintett\u00e9k:<\/p>\n<ul style=\"text-align: justify\">\n<li>Struktur\u00e1lis sz\u00edvizombetegs\u00e9g \u00e9s k\u00e9palkot\u00e1s<\/li>\n<li>Hirtelen sz\u00edvhal\u00e1l \u00e9s kardiogenetika<\/li>\n<li>Mesters\u00e9ges intelligencia \u00e9s sportkardiol\u00f3gia<\/li>\n<li>Prevenci\u00f3\u00a0<\/li>\n<\/ul>\n<p><span style=\"color: #1e2326;font-family: 'PT serif', serif;font-size: 1rem;font-weight: 400\">A kongresszusi r\u00e9szv\u00e9tel tov\u00e1bb er\u0151s\u00edti a Tansz\u00e9k nemzetk\u00f6zi szakmai \u00e9s tudom\u00e1nyos jelenl\u00e9t\u00e9t \u00e9s hozz\u00e1j\u00e1rul a korszer\u0171 kardiol\u00f3giai \u00e9s sportkardiol\u00f3giai ismeretek hazai gyakorlatban val\u00f3 alkalmaz\u00e1s\u00e1hoz.<\/span><\/p>\n<p><img loading=\"lazy\" decoding=\"async\" class=\"size-medium wp-image-791 aligncenter\" src=\"https:\/\/semmelweis.hu\/sportorvostan\/files\/2026\/09\/IMG_5426-300x400.jpeg\" alt=\"\" width=\"300\" height=\"400\" srcset=\"https:\/\/semmelweis.hu\/sportorvostan\/files\/2026\/09\/IMG_5426-300x400.jpeg 300w, https:\/\/semmelweis.hu\/sportorvostan\/files\/2026\/09\/IMG_5426-768x1024.jpeg 768w, https:\/\/semmelweis.hu\/sportorvostan\/files\/2026\/09\/IMG_5426-1152x1536.jpeg 1152w, https:\/\/semmelweis.hu\/sportorvostan\/files\/2026\/09\/IMG_5426-1536x2048.jpeg 1536w, https:\/\/semmelweis.hu\/sportorvostan\/files\/2026\/09\/IMG_5426-753x1004.jpeg 753w, https:\/\/semmelweis.hu\/sportorvostan\/files\/2026\/09\/IMG_5426-scaled.jpeg 1920w\" sizes=\"auto, (max-width: 300px) 100vw, 300px\" \/><img loading=\"lazy\" decoding=\"async\" class=\"size-medium wp-image-792 aligncenter\" src=\"https:\/\/semmelweis.hu\/sportorvostan\/files\/2026\/09\/99f7681f-f4eb-477d-a787-7fda2886d5d7-300x400.jpg\" alt=\"\" width=\"300\" height=\"400\" srcset=\"https:\/\/semmelweis.hu\/sportorvostan\/files\/2026\/09\/99f7681f-f4eb-477d-a787-7fda2886d5d7-300x400.jpg 300w, https:\/\/semmelweis.hu\/sportorvostan\/files\/2026\/09\/99f7681f-f4eb-477d-a787-7fda2886d5d7-768x1024.jpg 768w, https:\/\/semmelweis.hu\/sportorvostan\/files\/2026\/09\/99f7681f-f4eb-477d-a787-7fda2886d5d7-1152x1536.jpg 1152w, https:\/\/semmelweis.hu\/sportorvostan\/files\/2026\/09\/99f7681f-f4eb-477d-a787-7fda2886d5d7-753x1004.jpg 753w, https:\/\/semmelweis.hu\/sportorvostan\/files\/2026\/09\/99f7681f-f4eb-477d-a787-7fda2886d5d7.jpg 1536w\" sizes=\"auto, (max-width: 300px) 100vw, 300px\" \/><\/p>\n","protected":false},"excerpt":{"rendered":"<p>A Semmelweis Egyetem Sportorvostan Tansz\u00e9k\u00e9nek munkat\u00e1rsai r\u00e9szt vettek a 2026. augusztus 28\u201331. k\u00f6z\u00f6tt M\u00fcnchenben megrendezett ESC Congress 2026\u00a0esem\u00e9nyen. A kongresszus Eur\u00f3pa egyik legjelent\u0151sebb kardiol\u00f3giai tudom\u00e1nyos rendezv\u00e9nye, amely lehet\u0151s\u00e9get biztos\u00edtott a kardiol\u00f3gia aktu\u00e1lis k\u00e9rd\u00e9seinek megvitat\u00e1s\u00e1ra, valamint bemutatta a szakter\u00fclet \u00faj ir\u00e1nyait. A Tansz\u00e9k munkat\u00e1rsai t\u00f6bb kiemelt szakmai ter\u00fcleten is k\u00e9pviselt\u00e9k a Semmelweis Egyetemet: absztraktokkal \u00e9s poszterbemutat\u00f3kkal &hellip;<\/p>\n","protected":false},"author":101857,"featured_media":793,"comment_status":"closed","ping_status":"closed","sticky":false,"template":"","format":"standard","meta":{"_acf_changed":false,"footnotes":""},"categories":[1],"tags":[],"class_list":["post-790","post","type-post","status-publish","format-standard","has-post-thumbnail","hentry","category-hirek"],"acf":[],"_links":{"self":[{"href":"https:\/\/semmelweis.hu\/sportorvostan\/wp-json\/wp\/v2\/posts\/790","targetHints":{"allow":["GET"]}}],"collection":[{"href":"https:\/\/semmelweis.hu\/sportorvostan\/wp-json\/wp\/v2\/posts"}],"about":[{"href":"https:\/\/semmelweis.hu\/sportorvostan\/wp-json\/wp\/v2\/types\/post"}],"author":[{"embeddable":true,"href":"https:\/\/semmelweis.hu\/sportorvostan\/wp-json\/wp\/v2\/users\/101857"}],"replies":[{"embeddable":true,"href":"https:\/\/semmelweis.hu\/sportorvostan\/wp-json\/wp\/v2\/comments?post=790"}],"version-history":[{"count":6,"href":"https:\/\/semmelweis.hu\/sportorvostan\/wp-json\/wp\/v2\/posts\/790\/revisions"}],"predecessor-version":[{"id":795,"href":"https:\/\/semmelweis.hu\/sportorvostan\/wp-json\/wp\/v2\/posts\/790\/revisions\/795"}],"wp:featuredmedia":[{"embeddable":true,"href":"https:\/\/semmelweis.hu\/sportorvostan\/wp-json\/wp\/v2\/media\/793"}],"wp:attachment":[{"href":"https:\/\/semmelweis.hu\/sportorvostan\/wp-json\/wp\/v2\/media?parent=790"}],"wp:term":[{"taxonomy":"category","embeddable":true,"href":"https:\/\/semmelweis.hu\/sportorvostan\/wp-json\/wp\/v2\/categories?post=790"},{"taxonomy":"post_tag","embeddable":true,"href":"https:\/\/semmelweis.hu\/sportorvostan\/wp-json\/wp\/v2\/tags?post=790"}],"curies":[{"name":"wp","href":"https:\/\/api.w.org\/{rel}","templated":true}]}}