{"id":913,"date":"2016-01-07T08:17:49","date_gmt":"2016-01-07T07:17:49","guid":{"rendered":"http:\/\/semmelweis.hu\/sportkozpont\/?p=913"},"modified":"2016-03-02T15:38:57","modified_gmt":"2016-03-02T14:38:57","slug":"i-semmelweis-sportagvalaszto-napok","status":"publish","type":"post","link":"https:\/\/semmelweis.hu\/sportkozpont\/2016\/01\/07\/i-semmelweis-sportagvalaszto-napok\/","title":{"rendered":"I. Semmelweis Sport\u00e1gv\u00e1laszt\u00f3 Napok"},"content":{"rendered":"<p><strong>I. Semmelweis Sport\u00e1gv\u00e1laszt\u00f3 Napok<\/strong><\/p>\n<hr \/>\n<p><strong>Id\u0151pont: 2015. janu\u00e1r 13-14.<\/strong><\/p>\n<p><strong>Helysz\u00edn: Se Sporttelep<\/strong> (1107 Budapest, Z\u00e1gr\u00e1bi utca 14.)<\/p>\n<div><strong>Sportol\u00e1si lehet\u0151s\u00e9g,\u00a0 Cheerleader bemutat\u00f3 \u00e9s bajnoks\u00e1gok<\/strong><\/div>\n<div><\/div>\n<div><strong>Mindenkit szeretettel v\u00e1runk, aki<\/strong><\/div>\n<div><strong>&#8211; fel\u00e1llna kicsit a k\u00f6nyv mell\u0151l<\/strong><\/div>\n<div><strong>&#8211; mozogna a vizsgaid\u0151szak alatt is<\/strong><\/div>\n<div><strong>&#8211; a k\u00f6telez\u0151 testnevel\u00e9shez sport\u00e1gat v\u00e1lasztana<\/strong><\/div>\n<div><strong>&#8211; kipr\u00f3b\u00e1ln\u00e1 mag\u00e1t egy \u00faj sport\u00e1gban!<\/strong><\/div>\n<div><\/div>\n<div><strong>A legfittebbek aj\u00e1nd\u00e9k p\u00f3l\u00f3t kapnak!<\/strong><\/div>\n<div><strong>A bajnoks\u00e1g helyezettjei \u00e9remd\u00edjaz\u00e1sban r\u00e9szes\u00fclnek.<\/strong><\/div>\n<div><\/div>\n<div><\/div>\n<div>Tov\u00e1bbi inform\u00e1ci\u00f3 tal\u00e1lhat\u00f3 az al\u00e1bbi linkre kattintva:<\/div>\n<div><a href=\"https:\/\/semmelweis.hu\/sportkozpont\/files\/2016\/01\/plakat.pdf\">https:\/\/semmelweis.hu\/sportkozpont\/files\/2016\/01\/plakat.pdf<\/a><\/div>\n","protected":false},"excerpt":{"rendered":"<p>I. Semmelweis Sport\u00e1gv\u00e1laszt\u00f3 Napok Id\u0151pont: 2015. janu\u00e1r 13-14. Helysz\u00edn: Se Sporttelep (1107 Budapest, Z\u00e1gr\u00e1bi utca 14.) Sportol\u00e1si lehet\u0151s\u00e9g,\u00a0 Cheerleader bemutat\u00f3 \u00e9s bajnoks\u00e1gok Mindenkit szeretettel v\u00e1runk, aki &#8211; fel\u00e1llna kicsit a k\u00f6nyv mell\u0151l &#8211; mozogna a vizsgaid\u0151szak alatt is &#8211; a k\u00f6telez\u0151 testnevel\u00e9shez sport\u00e1gat v\u00e1lasztana &#8211; kipr\u00f3b\u00e1ln\u00e1 mag\u00e1t egy \u00faj sport\u00e1gban! A legfittebbek aj\u00e1nd\u00e9k p\u00f3l\u00f3t kapnak! &hellip;<\/p>\n","protected":false},"author":347,"featured_media":0,"comment_status":"closed","ping_status":"closed","sticky":false,"template":"","format":"standard","meta":{"_acf_changed":false,"footnotes":""},"categories":[9],"tags":[],"class_list":["post-913","post","type-post","status-publish","format-standard","hentry","category-hirek"],"acf":[],"_links":{"self":[{"href":"https:\/\/semmelweis.hu\/sportkozpont\/wp-json\/wp\/v2\/posts\/913","targetHints":{"allow":["GET"]}}],"collection":[{"href":"https:\/\/semmelweis.hu\/sportkozpont\/wp-json\/wp\/v2\/posts"}],"about":[{"href":"https:\/\/semmelweis.hu\/sportkozpont\/wp-json\/wp\/v2\/types\/post"}],"author":[{"embeddable":true,"href":"https:\/\/semmelweis.hu\/sportkozpont\/wp-json\/wp\/v2\/users\/347"}],"replies":[{"embeddable":true,"href":"https:\/\/semmelweis.hu\/sportkozpont\/wp-json\/wp\/v2\/comments?post=913"}],"version-history":[{"count":3,"href":"https:\/\/semmelweis.hu\/sportkozpont\/wp-json\/wp\/v2\/posts\/913\/revisions"}],"predecessor-version":[{"id":917,"href":"https:\/\/semmelweis.hu\/sportkozpont\/wp-json\/wp\/v2\/posts\/913\/revisions\/917"}],"wp:attachment":[{"href":"https:\/\/semmelweis.hu\/sportkozpont\/wp-json\/wp\/v2\/media?parent=913"}],"wp:term":[{"taxonomy":"category","embeddable":true,"href":"https:\/\/semmelweis.hu\/sportkozpont\/wp-json\/wp\/v2\/categories?post=913"},{"taxonomy":"post_tag","embeddable":true,"href":"https:\/\/semmelweis.hu\/sportkozpont\/wp-json\/wp\/v2\/tags?post=913"}],"curies":[{"name":"wp","href":"https:\/\/api.w.org\/{rel}","templated":true}]}}