{"id":69,"date":"2015-05-01T17:19:21","date_gmt":"2015-05-01T15:19:21","guid":{"rendered":"http:\/\/semmelweis-egyetem.hu\/sportkozpont\/?page_id=69"},"modified":"2022-07-20T10:18:45","modified_gmt":"2022-07-20T08:18:45","slug":"medikus-kupa","status":"publish","type":"post","link":"https:\/\/semmelweis.hu\/sportkozpont\/2015\/05\/01\/medikus-kupa\/","title":{"rendered":"MEDIKUS KUPA 2015"},"content":{"rendered":"<p><strong>A \u00a043. MEDIKUS KUPA<\/strong><\/p>\n<p>2015-ben a Debreceni Egyetem\u00a0rendezi a 43. MEDIKUS KUP\u00c1T, melynek id\u0151pontja: <strong>2015.<\/strong> <strong>m\u00e1rcius 27-28-29<\/strong><\/p>\n<p><em>Besz\u00e1mol\u00f3:<\/em><\/p>\n<p>Az idei Medikus Kup\u00e1t a c\u00edmv\u00e9d\u0151 Debreceni Egyetem rendezte, imm\u00e1ron 43. alkalommal.<\/p>\n<p>A fergeteges hangulatr\u00f3l a szurkol\u00f3k \u00e9s a pom-pom csapat gondoskodott. \u00a0Buzd\u00edt\u00f3 skand\u00e1l\u00e1suknak \u00e9s a szak\u00e1gi edz\u0151k felk\u00e9sz\u00edt\u0151 munk\u00e1j\u00e1nak k\u00f6sz\u00f6nhet\u0151en, csapataink sportszer\u0171en \u00e9s legjobb tud\u00e1suk szerint k\u00fczd\u00f6ttek a Kup\u00e1n. N\u00e9h\u00e1ny hallgat\u00f3 kiemelked\u0151 j\u00e1t\u00e9k\u00e1\u00e9rt k\u00fcl\u00f6nd\u00edjban r\u00e9szes\u00fclt, emellett Egyetem\u00fcnk az \u00f6sszetett pontversenyben a harmadik helyez\u00e9st nyerte el, illetve a legsportszer\u0171bb szurkol\u00f3 csapat d\u00edj\u00e1t. K\u00fcl\u00f6n ki kell emelni a V\u00edzilabda csapatot \u00e9s a N\u0151i k\u00e9zilabda csapatot, akik els\u0151 helyez\u00e9st \u00e9rtek el.<\/p>\n<p>Mint minden \u00e9vben, id\u00e9n is elb\u00facs\u00faztattuk a Medikuson j\u00e1tsz\u00f3 v\u00e9gz\u0151s hallgat\u00f3inkat, nekik ez\u00faton is k\u00f6sz\u00f6nj\u00fck, hogy hossz\u00fa \u00e9veken \u00e1t hozz\u00e1j\u00e1rultak a Semmelweis Egyetem sikeres szerepl\u00e9s\u00e9hez.<\/p>\n<p>2016-ban Szeged ad otthont e nemes verseng\u00e9snek.<\/p>\n<p>&nbsp;<\/p>\n<p>&nbsp;<\/p>\n","protected":false},"excerpt":{"rendered":"<p>A \u00a043. MEDIKUS KUPA 2015-ben a Debreceni Egyetem\u00a0rendezi a 43. MEDIKUS KUP\u00c1T, melynek id\u0151pontja: 2015. m\u00e1rcius 27-28-29 Besz\u00e1mol\u00f3: Az idei Medikus Kup\u00e1t a c\u00edmv\u00e9d\u0151 Debreceni Egyetem rendezte, imm\u00e1ron 43. alkalommal. A fergeteges hangulatr\u00f3l a szurkol\u00f3k \u00e9s a pom-pom csapat gondoskodott. \u00a0Buzd\u00edt\u00f3 skand\u00e1l\u00e1suknak \u00e9s a szak\u00e1gi edz\u0151k felk\u00e9sz\u00edt\u0151 munk\u00e1j\u00e1nak k\u00f6sz\u00f6nhet\u0151en, csapataink sportszer\u0171en \u00e9s legjobb tud\u00e1suk szerint &hellip;<\/p>\n","protected":false},"author":101997,"featured_media":0,"comment_status":"open","ping_status":"closed","sticky":false,"template":"","format":"standard","meta":{"_acf_changed":false,"footnotes":""},"categories":[],"tags":[],"class_list":["post-69","post","type-post","status-publish","format-standard","hentry"],"acf":[],"_links":{"self":[{"href":"https:\/\/semmelweis.hu\/sportkozpont\/wp-json\/wp\/v2\/posts\/69","targetHints":{"allow":["GET"]}}],"collection":[{"href":"https:\/\/semmelweis.hu\/sportkozpont\/wp-json\/wp\/v2\/posts"}],"about":[{"href":"https:\/\/semmelweis.hu\/sportkozpont\/wp-json\/wp\/v2\/types\/post"}],"author":[{"embeddable":true,"href":"https:\/\/semmelweis.hu\/sportkozpont\/wp-json\/wp\/v2\/users\/101997"}],"replies":[{"embeddable":true,"href":"https:\/\/semmelweis.hu\/sportkozpont\/wp-json\/wp\/v2\/comments?post=69"}],"version-history":[{"count":10,"href":"https:\/\/semmelweis.hu\/sportkozpont\/wp-json\/wp\/v2\/posts\/69\/revisions"}],"predecessor-version":[{"id":3349,"href":"https:\/\/semmelweis.hu\/sportkozpont\/wp-json\/wp\/v2\/posts\/69\/revisions\/3349"}],"wp:attachment":[{"href":"https:\/\/semmelweis.hu\/sportkozpont\/wp-json\/wp\/v2\/media?parent=69"}],"wp:term":[{"taxonomy":"category","embeddable":true,"href":"https:\/\/semmelweis.hu\/sportkozpont\/wp-json\/wp\/v2\/categories?post=69"},{"taxonomy":"post_tag","embeddable":true,"href":"https:\/\/semmelweis.hu\/sportkozpont\/wp-json\/wp\/v2\/tags?post=69"}],"curies":[{"name":"wp","href":"https:\/\/api.w.org\/{rel}","templated":true}]}}