{"id":3706,"date":"2023-05-23T14:20:48","date_gmt":"2023-05-23T12:20:48","guid":{"rendered":"https:\/\/semmelweis.hu\/sportkozpont\/?p=3706"},"modified":"2023-05-23T14:20:48","modified_gmt":"2023-05-23T12:20:48","slug":"csaladi-es-sportnap-2023-junius-3","status":"publish","type":"post","link":"https:\/\/semmelweis.hu\/sportkozpont\/2023\/05\/23\/csaladi-es-sportnap-2023-junius-3\/","title":{"rendered":"Csal\u00e1di \u00e9s Sportnap 2023. j\u00fanius 3."},"content":{"rendered":"<p>Kedves Koll\u00e9g\u00e1k!<\/p>\n<p>A k\u00e9t \u00e9vvel ezel\u0151tti nagy sikerre tekintettel, az idei \u00e9vben ism\u00e9t megrendez\u00e9sre ker\u00fcl a Testnevel\u00e9si \u00e9s Sportk\u00f6zpont szervez\u00e9s\u00e9ben a\u00a0<strong>Semmelweis Csal\u00e1di \u00e9s Sportnap<\/strong>, melyre szeretettel v\u00e1rjuk az egyetem dolgoz\u00f3it \u00e9s csal\u00e1dtagjaikat <strong>j\u00fanius 3-\u00e1n. A r\u00e9szv\u00e9tel d\u00edjmentes<\/strong><\/p>\n<p>A r\u00e9sztvev\u0151 Semmelweis Polg\u00e1rok, gyermekek \u00e9s feln\u0151ttek egyar\u00e1nt t\u00f6bbf\u00e9le sport- \u00e9s szabadid\u0151s program k\u00f6z\u00fcl v\u00e1laszthatnak:\u00a0<\/p>\n<p><strong>9:30 &#8211; 10:00 regisztr\u00e1ci\u00f3, <em>az els\u0151 150 helysz\u00ednre \u00e9rkez\u0151t meglepet\u00e9s v\u00e1rja<\/em><\/strong><\/p>\n<p><strong>\u00a010:00-t\u00f3l kuty\u00e1s bemutat\u00f3<\/strong><\/p>\n<p><strong>egy\u00e9ni- \u00e9s csapatversenyek<\/strong><\/p>\n<p>k\u00fcl\u00f6nb\u00f6z\u0151 mozg\u00e1sform\u00e1k kipr\u00f3b\u00e1l\u00e1s\u00e1ra is lehet\u0151s\u00e9g ny\u00edlik (p\u00e9ld\u00e1ul\u00a0salsa, zumba\u00a0vagy\u00a0gy\u00f3gytorna).<\/p>\n<p>j\u00e1tsz\u00f3h\u00e1z<\/p>\n<p><strong>\u00f3ri\u00e1sj\u00e1t\u00e9kok, ugr\u00e1l\u00f3v\u00e1r<\/strong><\/p>\n<p>verd\u00e1k<\/p>\n<p>m\u00e1sz\u00f3fal<\/p>\n<p>k\u00e9zm\u0171ves foglalkoz\u00e1sok<\/p>\n<p>k\u00fcl\u00f6nb\u00f6z\u0151 eg\u00e9szs\u00e9g\u00fcgyi sz\u0171r\u00e9sek<\/p>\n<p>eg\u00e9szs\u00e9ges \u00e9letm\u00f3ddal kapcsolatos tan\u00e1csad\u00e1s<\/p>\n<p>massz\u00e1zs<\/p>\n<p><strong>interakt\u00edv n\u00e9pt\u00e1ncbemutat\u00f3<\/strong><\/p>\n<p>Minden r\u00e9sztvev\u0151 vend\u00e9g\u00fcnk egy <strong>eb\u00e9dre<\/strong><\/p>\n<p>15:00-t\u00f3l eredm\u00e9nyhirdet\u00e9s<\/p>\n<p><strong>R\u00e9szletek \u00e9s el\u0151zetes regisztr\u00e1ci\u00f3 az al\u00e1bbi linken:<\/strong><\/p>\n<p><a href=\"https:\/\/semmelweis.hu\/csaladbarat\/2023\/04\/24\/junius-3-csaladi-es-sportnap-a-testnevelesi-es-sportkozpontban\/\">https:\/\/semmelweis.hu\/csaladbarat\/2023\/04\/24\/junius-3-csaladi-es-sportnap-a-testnevelesi-es-sportkozpontban\/<\/a><\/p>\n<p>T\u00f6lts\u00fcnk egy\u00fctt egy \u00e9lm\u00e9nyekkel teli napot!<\/p>\n<p>&nbsp;<\/p>\n","protected":false},"excerpt":{"rendered":"<p>Kedves Koll\u00e9g\u00e1k! A k\u00e9t \u00e9vvel ezel\u0151tti nagy sikerre tekintettel, az idei \u00e9vben ism\u00e9t megrendez\u00e9sre ker\u00fcl a Testnevel\u00e9si \u00e9s Sportk\u00f6zpont szervez\u00e9s\u00e9ben a\u00a0Semmelweis Csal\u00e1di \u00e9s Sportnap, melyre szeretettel v\u00e1rjuk az egyetem dolgoz\u00f3it \u00e9s csal\u00e1dtagjaikat j\u00fanius 3-\u00e1n. A r\u00e9szv\u00e9tel d\u00edjmentes A r\u00e9sztvev\u0151 Semmelweis Polg\u00e1rok, gyermekek \u00e9s feln\u0151ttek egyar\u00e1nt t\u00f6bbf\u00e9le sport- \u00e9s szabadid\u0151s program k\u00f6z\u00fcl v\u00e1laszthatnak:\u00a0 9:30 &#8211; 10:00 &hellip;<\/p>\n","protected":false},"author":101137,"featured_media":0,"comment_status":"closed","ping_status":"closed","sticky":false,"template":"","format":"standard","meta":{"_acf_changed":false,"footnotes":""},"categories":[9],"tags":[],"class_list":["post-3706","post","type-post","status-publish","format-standard","hentry","category-hirek"],"acf":[],"_links":{"self":[{"href":"https:\/\/semmelweis.hu\/sportkozpont\/wp-json\/wp\/v2\/posts\/3706","targetHints":{"allow":["GET"]}}],"collection":[{"href":"https:\/\/semmelweis.hu\/sportkozpont\/wp-json\/wp\/v2\/posts"}],"about":[{"href":"https:\/\/semmelweis.hu\/sportkozpont\/wp-json\/wp\/v2\/types\/post"}],"author":[{"embeddable":true,"href":"https:\/\/semmelweis.hu\/sportkozpont\/wp-json\/wp\/v2\/users\/101137"}],"replies":[{"embeddable":true,"href":"https:\/\/semmelweis.hu\/sportkozpont\/wp-json\/wp\/v2\/comments?post=3706"}],"version-history":[{"count":1,"href":"https:\/\/semmelweis.hu\/sportkozpont\/wp-json\/wp\/v2\/posts\/3706\/revisions"}],"predecessor-version":[{"id":3707,"href":"https:\/\/semmelweis.hu\/sportkozpont\/wp-json\/wp\/v2\/posts\/3706\/revisions\/3707"}],"wp:attachment":[{"href":"https:\/\/semmelweis.hu\/sportkozpont\/wp-json\/wp\/v2\/media?parent=3706"}],"wp:term":[{"taxonomy":"category","embeddable":true,"href":"https:\/\/semmelweis.hu\/sportkozpont\/wp-json\/wp\/v2\/categories?post=3706"},{"taxonomy":"post_tag","embeddable":true,"href":"https:\/\/semmelweis.hu\/sportkozpont\/wp-json\/wp\/v2\/tags?post=3706"}],"curies":[{"name":"wp","href":"https:\/\/api.w.org\/{rel}","templated":true}]}}