{"id":3183,"date":"2021-10-21T10:11:57","date_gmt":"2021-10-21T08:11:57","guid":{"rendered":"https:\/\/semmelweis.hu\/sportkozpont\/?page_id=3183"},"modified":"2022-07-20T10:19:20","modified_gmt":"2022-07-20T08:19:20","slug":"turautvonal-ajanlat","status":"publish","type":"post","link":"https:\/\/semmelweis.hu\/sportkozpont\/2021\/10\/21\/turautvonal-ajanlat\/","title":{"rendered":"T\u00fara\u00fatvonal aj\u00e1nlat"},"content":{"rendered":"<p><strong><em>Kedves T\u00far\u00e1z\u00f3k!<\/em><\/strong><\/p>\n<p>K\u00e9t 25 km-es t\u00fara\u00fatvonalat aj\u00e1nlunk figyelm\u00fckbe, melyek egy\u00e9nileg teljes\u00edthet\u0151ek. Az elln\u0151rz\u0151 pontokon k\u00e9rem k\u00e9sz\u00edtsenek fot\u00f3kat.<\/p>\n<p><strong>1. \u00fatvonal<\/strong><\/p>\n<div id=\"GroupWiseSection_1619012239000_varszegi.kornelia@semmelweis-univ.hu_3837700118440000B34E000000000000_\" class=\"GroupWiseMessageBody active\">\n<div dir=\"ltr\">\n<div><strong>RAJT:<\/strong>\u00a0Nagykov\u00e1csi k\u00f6zs\u00e9gh\u00e1za (buszmeg\u00e1ll\u00f3)<\/div>\n<div>\u00a0<\/div>\n<div><strong>Ellen\u0151rz\u0151 pontok:<\/strong><\/div>\n<div>1.\u00a0 Nagykopasz-hegy, Csergez\u00e1n P\u00e1l kil\u00e1t\u00f3<\/div>\n<div>2.\u00a0 Budakeszi \u2013 Makkosm\u00e1ria, templom<\/div>\n<div>3.\u00a0 J\u00e1noshegy, tet\u0151pont a kil\u00e1t\u00f3 m\u00f6g\u00f6tt<\/div>\n<div>\u00a0<\/div>\n<div><strong>C\u00c9L:<\/strong>\u00a0H\u0171v\u00f6sv\u00f6lgy, Gyermekvas\u00fat v\u00e9g\u00e1llom\u00e1sa\u00a0<\/div>\n<div>\u00a0<\/div>\n<\/div>\n<\/div>\n<p><strong>2. \u00fatvonal<\/strong><\/p>\n<p><strong>RAJT:<\/strong>\u00a0VISEGR\u00c1D, r\u00e9v (Dunapart, haj\u00f3\u00e1llom\u00e1s)<\/p>\n<ul>\n<li>el\u00e9rhet\u0151 aut\u00f3busszal az \u00dajpest-V\u00e1roskapu metr\u00f3 meg\u00e1ll\u00f3t\u00f3l<\/li>\n<\/ul>\n<p>A t\u00e1j\u00e9koz\u00f3d\u00e1st, \u00fatvonalk\u00f6vet\u00e9st seg\u00edt\u0151\u00a0<strong>\u00e9rint\u0151 pontok<\/strong>\u00a0(a fot\u00f3kat itt k\u00e9rj\u00fck k\u00e9sz\u00edteni):<\/p>\n<ol>\n<li>Szavaslyuk kil\u00e1t\u00f3pont az \u00fan. Spartacus \u00f6sv\u00e9nyen<\/li>\n<li>Pilisszentl\u00e1szl\u00f3 \u2013 Kisrig\u00f3 Vend\u00e9gl\u0151 bej\u00e1rata<\/li>\n<li>Sik\u00e1rosi r\u00e9t \u2013 Szil\u00e1gyi Bern\u00e1t forr\u00e1s<\/li>\n<li>Nagy-Csik\u00f3v\u00e1r-hegy tet\u0151pont<\/li>\n<li>Gyop\u00e1r forr\u00e1s<\/li>\n<\/ol>\n<p><strong>C\u00c9L:<\/strong>\u00a0POM\u00c1Z<\/p>\n<ul>\n<li>vagy a pilisszentkereszti \u00faton valamelyik aut\u00f3busz meg\u00e1ll\u00f3ja<\/li>\n<li>vagy h\u00e9v \u00e1llom\u00e1s<\/li>\n<\/ul>\n<p>&nbsp;<\/p>\n<p><strong><em>Sz\u00e9p id\u0151t, j\u00f3 t\u00far\u00e1z\u00e1st k\u00edv\u00e1nunk!<\/em><\/strong><\/p>\n","protected":false},"excerpt":{"rendered":"<p>Kedves T\u00far\u00e1z\u00f3k! K\u00e9t 25 km-es t\u00fara\u00fatvonalat aj\u00e1nlunk figyelm\u00fckbe, melyek egy\u00e9nileg teljes\u00edthet\u0151ek. Az elln\u0151rz\u0151 pontokon k\u00e9rem k\u00e9sz\u00edtsenek fot\u00f3kat. 1. \u00fatvonal RAJT:\u00a0Nagykov\u00e1csi k\u00f6zs\u00e9gh\u00e1za (buszmeg\u00e1ll\u00f3) \u00a0 Ellen\u0151rz\u0151 pontok: 1.\u00a0 Nagykopasz-hegy, Csergez\u00e1n P\u00e1l kil\u00e1t\u00f3 2.\u00a0 Budakeszi \u2013 Makkosm\u00e1ria, templom 3.\u00a0 J\u00e1noshegy, tet\u0151pont a kil\u00e1t\u00f3 m\u00f6g\u00f6tt \u00a0 C\u00c9L:\u00a0H\u0171v\u00f6sv\u00f6lgy, Gyermekvas\u00fat v\u00e9g\u00e1llom\u00e1sa\u00a0 \u00a0 2. \u00fatvonal RAJT:\u00a0VISEGR\u00c1D, r\u00e9v (Dunapart, haj\u00f3\u00e1llom\u00e1s) el\u00e9rhet\u0151 aut\u00f3busszal az &hellip;<\/p>\n","protected":false},"author":101997,"featured_media":0,"comment_status":"closed","ping_status":"closed","sticky":false,"template":"","format":"standard","meta":{"_acf_changed":false,"footnotes":""},"categories":[],"tags":[],"class_list":["post-3183","post","type-post","status-publish","format-standard","hentry"],"acf":[],"_links":{"self":[{"href":"https:\/\/semmelweis.hu\/sportkozpont\/wp-json\/wp\/v2\/posts\/3183","targetHints":{"allow":["GET"]}}],"collection":[{"href":"https:\/\/semmelweis.hu\/sportkozpont\/wp-json\/wp\/v2\/posts"}],"about":[{"href":"https:\/\/semmelweis.hu\/sportkozpont\/wp-json\/wp\/v2\/types\/post"}],"author":[{"embeddable":true,"href":"https:\/\/semmelweis.hu\/sportkozpont\/wp-json\/wp\/v2\/users\/101997"}],"replies":[{"embeddable":true,"href":"https:\/\/semmelweis.hu\/sportkozpont\/wp-json\/wp\/v2\/comments?post=3183"}],"version-history":[{"count":1,"href":"https:\/\/semmelweis.hu\/sportkozpont\/wp-json\/wp\/v2\/posts\/3183\/revisions"}],"predecessor-version":[{"id":3184,"href":"https:\/\/semmelweis.hu\/sportkozpont\/wp-json\/wp\/v2\/posts\/3183\/revisions\/3184"}],"wp:attachment":[{"href":"https:\/\/semmelweis.hu\/sportkozpont\/wp-json\/wp\/v2\/media?parent=3183"}],"wp:term":[{"taxonomy":"category","embeddable":true,"href":"https:\/\/semmelweis.hu\/sportkozpont\/wp-json\/wp\/v2\/categories?post=3183"},{"taxonomy":"post_tag","embeddable":true,"href":"https:\/\/semmelweis.hu\/sportkozpont\/wp-json\/wp\/v2\/tags?post=3183"}],"curies":[{"name":"wp","href":"https:\/\/api.w.org\/{rel}","templated":true}]}}