{"id":1327,"date":"2016-08-11T10:24:18","date_gmt":"2016-08-11T08:24:18","guid":{"rendered":"http:\/\/semmelweis.hu\/sportkozpont\/?page_id=1327"},"modified":"2022-07-20T10:18:12","modified_gmt":"2022-07-20T08:18:12","slug":"tajekoztato-a-nepligeti-sportteleprol","status":"publish","type":"post","link":"https:\/\/semmelweis.hu\/sportkozpont\/2016\/08\/11\/tajekoztato-a-nepligeti-sportteleprol\/","title":{"rendered":"T\u00e1j\u00e9koztat\u00f3 a N\u00e9pligeti Sporttelepr\u0151l"},"content":{"rendered":"<p><strong>Tisztelt Sportbar\u00e1tok!<\/strong><\/p>\n<p style=\"text-align: justify\">A Testnevel\u00e9si \u00e9s Sportk\u00f6zpont, Sporttelep Z\u00e1gr\u00e1bi utcai telep\u00e9n az elm\u00falt \u00e9vben 18 Milli\u00f3 Ft \u00f6sszegben t\u00f6rt\u00e9ntek beruh\u00e1z\u00e1sok. Ezek egy r\u00e9sze az el\u00f6regedett berendez\u00e9sek fel\u00faj\u00edt\u00e1s\u00e1t, cser\u00e9j\u00e9t, m\u00e1sik r\u00e9sze a Sportk\u00f6zpontba \u00e9rkez\u0151k kultur\u00e1lt fogad\u00e1s\u00e1t, a harmadik r\u00e9sze pedig a sportc\u00e9l\u00fa fejleszt\u00e9seket \u00e9s eszk\u00f6zv\u00e1s\u00e1rl\u00e1sokat fedezte.<\/p>\n<p style=\"text-align: justify\">Mindezek d\u00f6nt\u0151en a sportcsarnok fejleszt\u00e9s\u00e9t szolg\u00e1lt\u00e1k, a h\u00e9t szabadt\u00e9ri sportp\u00e1lya meg\u00fajul\u00e1sa 2016 tavasz\u00e1n veszi kezdet\u00e9t \u00e9s t\u00f6bb szakaszban val\u00f3sul meg.<\/p>\n<p style=\"text-align: justify\">A N\u00e9pligetben tervezett hasznos\u00edt\u00e1si projektet az ingatlan jelenleg rendezetlen helyzete nem teszi lehet\u0151v\u00e9, ebb\u0151l ad\u00f3d\u00f3an tov\u00e1bbra is probl\u00e9ma marad a rendk\u00edv\u00fcl gazdas\u00e1gtalan szezon\u00e1lis nyitva tart\u00e1s. Az er\u0151forr\u00e1sok \u00e1tcsoportos\u00edt\u00e1s\u00e1val a Z\u00e1gr\u00e1bi utcai sporttelepen 5 teniszp\u00e1lya -2 m\u0171f\u00fcves, 2 \u00a0kem\u00e9ny \u00e9s egy salak bor\u00edt\u00e1s\u00fa \u2013 \u00e9p\u00edthet\u0151 meg. Ilyenform\u00e1n a vagyonkezel\u00e9si jogot eld\u00f6nt\u0151 proced\u00fara ideje alatt <strong>z\u00e1rva tart\u00f3 N\u00e9pliget szolg\u00e1ltat\u00e1sait a p\u00e1ly\u00e1k elk\u00e9sz\u00fcl\u00e9se ut\u00e1n a Z\u00e1gr\u00e1bi utcai telep veszi \u00e1t. Az \u00faj sportfel\u00fcletek \u00e1tad\u00e1s\u00e1ig az Egyetem dolgoz\u00f3i, hallgat\u00f3i \u00e9s az OSC tagok 20% kedvezm\u00e9nnyel b\u00e9relhetnek teniszp\u00e1ly\u00e1t a Vajda P\u00e9ter utc\u00e1ban tal\u00e1lhat\u00f3 \u00c9p\u00edt\u0151k sporttelep\u00e9n.<\/strong> <a href=\"http:\/\/www.epitoktk.eoldal.hu\/cikkek\/palyaberlet.html\">http:\/\/www.epitoktk.eoldal.hu\/cikkek\/palyaberlet.html<\/a>\u00a0<\/p>\n<p style=\"text-align: justify\">A tenisz kurzusra jelentkezett hallgat\u00f3k oktat\u00e1s\u00e1t szint\u00e9n itt oldja meg a Sportk\u00f6zpont.<\/p>\n<p style=\"text-align: justify\">A r\u00e9szleteket \u00e9s a fel\u00faj\u00edt\u00e1sokkal kapcsolatos fot\u00f3kat 2016. \u00e1prilis 10-t\u0151l megtal\u00e1lj\u00e1k honlapunkon.<\/p>\n<p style=\"text-align: justify\">Meg\u00e9rt\u00e9s\u00fcket \u00e9s egy\u00fcttm\u0171k\u00f6d\u00e9s\u00fcket ez \u00faton is k\u00f6sz\u00f6n\u00f6m.<\/p>\n<p>Budapest, 2016. \u00e1prilis 1.<\/p>\n<p>Sportbar\u00e1ti \u00fcdv\u00f6zlettel:<\/p>\n<p>V\u00e1rszegi Korn\u00e9lia<br \/>\nigazgat\u00f3<br \/>\nTestnevel\u00e9si \u00e9s Sportk\u00f6zpont<\/p>\n<p>&nbsp;<\/p>\n","protected":false},"excerpt":{"rendered":"<p>Tisztelt Sportbar\u00e1tok! A Testnevel\u00e9si \u00e9s Sportk\u00f6zpont, Sporttelep Z\u00e1gr\u00e1bi utcai telep\u00e9n az elm\u00falt \u00e9vben 18 Milli\u00f3 Ft \u00f6sszegben t\u00f6rt\u00e9ntek beruh\u00e1z\u00e1sok. Ezek egy r\u00e9sze az el\u00f6regedett berendez\u00e9sek fel\u00faj\u00edt\u00e1s\u00e1t, cser\u00e9j\u00e9t, m\u00e1sik r\u00e9sze a Sportk\u00f6zpontba \u00e9rkez\u0151k kultur\u00e1lt fogad\u00e1s\u00e1t, a harmadik r\u00e9sze pedig a sportc\u00e9l\u00fa fejleszt\u00e9seket \u00e9s eszk\u00f6zv\u00e1s\u00e1rl\u00e1sokat fedezte. Mindezek d\u00f6nt\u0151en a sportcsarnok fejleszt\u00e9s\u00e9t szolg\u00e1lt\u00e1k, a h\u00e9t szabadt\u00e9ri sportp\u00e1lya meg\u00fajul\u00e1sa &hellip;<\/p>\n","protected":false},"author":101997,"featured_media":0,"comment_status":"closed","ping_status":"closed","sticky":false,"template":"","format":"standard","meta":{"_acf_changed":false,"footnotes":""},"categories":[],"tags":[],"class_list":["post-1327","post","type-post","status-publish","format-standard","hentry"],"acf":[],"_links":{"self":[{"href":"https:\/\/semmelweis.hu\/sportkozpont\/wp-json\/wp\/v2\/posts\/1327","targetHints":{"allow":["GET"]}}],"collection":[{"href":"https:\/\/semmelweis.hu\/sportkozpont\/wp-json\/wp\/v2\/posts"}],"about":[{"href":"https:\/\/semmelweis.hu\/sportkozpont\/wp-json\/wp\/v2\/types\/post"}],"author":[{"embeddable":true,"href":"https:\/\/semmelweis.hu\/sportkozpont\/wp-json\/wp\/v2\/users\/101997"}],"replies":[{"embeddable":true,"href":"https:\/\/semmelweis.hu\/sportkozpont\/wp-json\/wp\/v2\/comments?post=1327"}],"version-history":[{"count":3,"href":"https:\/\/semmelweis.hu\/sportkozpont\/wp-json\/wp\/v2\/posts\/1327\/revisions"}],"predecessor-version":[{"id":3337,"href":"https:\/\/semmelweis.hu\/sportkozpont\/wp-json\/wp\/v2\/posts\/1327\/revisions\/3337"}],"wp:attachment":[{"href":"https:\/\/semmelweis.hu\/sportkozpont\/wp-json\/wp\/v2\/media?parent=1327"}],"wp:term":[{"taxonomy":"category","embeddable":true,"href":"https:\/\/semmelweis.hu\/sportkozpont\/wp-json\/wp\/v2\/categories?post=1327"},{"taxonomy":"post_tag","embeddable":true,"href":"https:\/\/semmelweis.hu\/sportkozpont\/wp-json\/wp\/v2\/tags?post=1327"}],"curies":[{"name":"wp","href":"https:\/\/api.w.org\/{rel}","templated":true}]}}