{"id":1054,"date":"2016-03-02T16:15:23","date_gmt":"2016-03-02T15:15:23","guid":{"rendered":"http:\/\/semmelweis.hu\/sportkozpont\/?p=1054"},"modified":"2017-04-25T08:41:38","modified_gmt":"2017-04-25T06:41:38","slug":"ilyen-volt-ilyen-lett-felujitasok-a-sportkozpontban","status":"publish","type":"post","link":"https:\/\/semmelweis.hu\/sportkozpont\/2016\/03\/02\/ilyen-volt-ilyen-lett-felujitasok-a-sportkozpontban\/","title":{"rendered":"Ilyen volt, ilyen lett &#8211; fel\u00faj\u00edt\u00e1sok a Sportk\u00f6zpontban"},"content":{"rendered":"<p style=\"text-align: justify\">A Testnevel\u00e9si \u00e9s Sportk\u00f6zpont Z\u00e1gr\u00e1bi utcai Sporttelep\u00e9n, a tornacsarnokban a 2015. \u00e9v v\u00e9g\u00e9n, illetve a 2016. \u00e9v elej\u00e9n a t\u00e9li oktat\u00e1si sz\u00fcnet idej\u00e9n fel\u00faj\u00edt\u00e1sok zajlottak a hallgat\u00f3k, sportolni v\u00e1gy\u00f3k magasabb sz\u00ednvonal\u00fa kiszolg\u00e1l\u00e1sa \u00e9rdek\u00e9ben. A fel\u00faj\u00edt\u00e1sokat\u00a0a 2015. \u00e9vi\u00a0tervezett\u00a0gazd\u00e1lkod\u00e1s eredm\u00e9nyek\u00e9nt, az \u00e9v v\u00e9g\u00e9re rendelkez\u00e9sre \u00e1ll\u00f3 p\u00e9nz\u00fcgyi forr\u00e1sok\u00a0kihaszn\u00e1l\u00e1sa tette lehet\u0151v\u00e9.<\/p>\n<p style=\"text-align: justify\">A fel\u00faj\u00edt\u00e1sok sor\u00e1n kifest\u00e9sre ker\u00fcltek a hallgat\u00f3i \u00f6lt\u00f6z\u0151k, \u00e9s \u00faj \u00f6lt\u00f6z\u0151szekr\u00e9nyek ker\u00fcltek beszerz\u00e9sre.<\/p>\n<p style=\"text-align: justify\">Bitumen k\u00e9zilabda -\u00e9s futballp\u00e1lya \u00e1talak\u00edt\u00e1s\u00e1nak folyamata m\u0171f\u00fcves labdar\u00fag\u00f3 p\u00e1ly\u00e1v\u00e1\u00a0<\/p>\n<p style=\"text-align: justify\"><a href=\"https:\/\/semmelweis.hu\/sportkozpont\/files\/2017\/01\/DSC_0522.jpg\"><img loading=\"lazy\" decoding=\"async\" class=\"alignnone size-medium wp-image-1543\" src=\"https:\/\/semmelweis.hu\/sportkozpont\/files\/2017\/01\/DSC_0522-300x169.jpg\" alt=\"\" width=\"300\" height=\"169\" srcset=\"https:\/\/semmelweis.hu\/sportkozpont\/files\/2017\/01\/DSC_0522-300x169.jpg 300w, https:\/\/semmelweis.hu\/sportkozpont\/files\/2017\/01\/DSC_0522-768x432.jpg 768w, https:\/\/semmelweis.hu\/sportkozpont\/files\/2017\/01\/DSC_0522-1024x576.jpg 1024w, https:\/\/semmelweis.hu\/sportkozpont\/files\/2017\/01\/DSC_0522-534x300.jpg 534w\" sizes=\"auto, (max-width: 300px) 100vw, 300px\" \/><\/a>\u00a0\u00a0<a href=\"https:\/\/semmelweis.hu\/sportkozpont\/files\/2017\/01\/DSC_0528.jpg\"><img loading=\"lazy\" decoding=\"async\" class=\"alignnone size-medium wp-image-1545\" src=\"https:\/\/semmelweis.hu\/sportkozpont\/files\/2017\/01\/DSC_0528-300x169.jpg\" alt=\"\" width=\"300\" height=\"169\" srcset=\"https:\/\/semmelweis.hu\/sportkozpont\/files\/2017\/01\/DSC_0528-300x169.jpg 300w, https:\/\/semmelweis.hu\/sportkozpont\/files\/2017\/01\/DSC_0528-768x432.jpg 768w, https:\/\/semmelweis.hu\/sportkozpont\/files\/2017\/01\/DSC_0528-1024x576.jpg 1024w, https:\/\/semmelweis.hu\/sportkozpont\/files\/2017\/01\/DSC_0528-534x300.jpg 534w\" sizes=\"auto, (max-width: 300px) 100vw, 300px\" \/><\/a><\/p>\n<p style=\"text-align: justify\"><a href=\"https:\/\/semmelweis.hu\/sportkozpont\/files\/2017\/01\/DSC_0529.jpg\"><img loading=\"lazy\" decoding=\"async\" class=\"alignnone size-medium wp-image-1546\" src=\"https:\/\/semmelweis.hu\/sportkozpont\/files\/2017\/01\/DSC_0529-300x169.jpg\" alt=\"\" width=\"300\" height=\"169\" srcset=\"https:\/\/semmelweis.hu\/sportkozpont\/files\/2017\/01\/DSC_0529-300x169.jpg 300w, https:\/\/semmelweis.hu\/sportkozpont\/files\/2017\/01\/DSC_0529-768x432.jpg 768w, https:\/\/semmelweis.hu\/sportkozpont\/files\/2017\/01\/DSC_0529-1024x576.jpg 1024w, https:\/\/semmelweis.hu\/sportkozpont\/files\/2017\/01\/DSC_0529-534x300.jpg 534w\" sizes=\"auto, (max-width: 300px) 100vw, 300px\" \/><\/a>\u00a0<a href=\"https:\/\/semmelweis.hu\/sportkozpont\/files\/2017\/01\/DSC_0530.jpg\"><img loading=\"lazy\" decoding=\"async\" class=\"alignnone size-medium wp-image-1547\" src=\"https:\/\/semmelweis.hu\/sportkozpont\/files\/2017\/01\/DSC_0530-300x169.jpg\" alt=\"\" width=\"300\" height=\"169\" srcset=\"https:\/\/semmelweis.hu\/sportkozpont\/files\/2017\/01\/DSC_0530-300x169.jpg 300w, https:\/\/semmelweis.hu\/sportkozpont\/files\/2017\/01\/DSC_0530-768x432.jpg 768w, https:\/\/semmelweis.hu\/sportkozpont\/files\/2017\/01\/DSC_0530-1024x576.jpg 1024w, https:\/\/semmelweis.hu\/sportkozpont\/files\/2017\/01\/DSC_0530-534x300.jpg 534w\" sizes=\"auto, (max-width: 300px) 100vw, 300px\" \/><\/a><\/p>\n<p style=\"text-align: justify\"><a href=\"https:\/\/semmelweis.hu\/sportkozpont\/files\/2017\/01\/DSC_0564.jpg\"><img loading=\"lazy\" decoding=\"async\" class=\"alignnone size-medium wp-image-1548\" src=\"https:\/\/semmelweis.hu\/sportkozpont\/files\/2017\/01\/DSC_0564-300x169.jpg\" alt=\"\" width=\"300\" height=\"169\" srcset=\"https:\/\/semmelweis.hu\/sportkozpont\/files\/2017\/01\/DSC_0564-300x169.jpg 300w, https:\/\/semmelweis.hu\/sportkozpont\/files\/2017\/01\/DSC_0564-768x432.jpg 768w, https:\/\/semmelweis.hu\/sportkozpont\/files\/2017\/01\/DSC_0564-1024x576.jpg 1024w, https:\/\/semmelweis.hu\/sportkozpont\/files\/2017\/01\/DSC_0564-534x300.jpg 534w\" sizes=\"auto, (max-width: 300px) 100vw, 300px\" \/><\/a>\u00a0<a href=\"https:\/\/semmelweis.hu\/sportkozpont\/files\/2017\/01\/m\u0171f\u00fcves-p\u00e1lya.jpg\"><img loading=\"lazy\" decoding=\"async\" class=\"alignnone size-medium wp-image-1550\" src=\"https:\/\/semmelweis.hu\/sportkozpont\/files\/2017\/01\/m\u0171f\u00fcves-p\u00e1lya-300x200.jpg\" alt=\"\" width=\"300\" height=\"200\" srcset=\"https:\/\/semmelweis.hu\/sportkozpont\/files\/2017\/01\/m\u0171f\u00fcves-p\u00e1lya-300x200.jpg 300w, https:\/\/semmelweis.hu\/sportkozpont\/files\/2017\/01\/m\u0171f\u00fcves-p\u00e1lya-768x512.jpg 768w, https:\/\/semmelweis.hu\/sportkozpont\/files\/2017\/01\/m\u0171f\u00fcves-p\u00e1lya-1024x682.jpg 1024w, https:\/\/semmelweis.hu\/sportkozpont\/files\/2017\/01\/m\u0171f\u00fcves-p\u00e1lya-450x300.jpg 450w, https:\/\/semmelweis.hu\/sportkozpont\/files\/2017\/01\/m\u0171f\u00fcves-p\u00e1lya.jpg 1280w\" sizes=\"auto, (max-width: 300px) 100vw, 300px\" \/><\/a><\/p>\n<p style=\"text-align: justify\">Az \u00f6lt\u00f6z\u0151k ilyenek voltak, \u00a0 \u00a0 \u00a0 \u00a0 \u00a0 \u00a0 \u00a0 \u00a0 \u00a0 \u00a0 \u00a0 \u00a0 \u00a0 \u00a0 \u00a0 \u00a0 \u00a0 \u00a0 \u00a0 \u00e9s ilyenek lettek\u00a0<\/p>\n<p style=\"text-align: justify\"><a href=\"https:\/\/semmelweis.hu\/sportkozpont\/files\/2016\/03\/ilyen-volt-1..jpg\" rel=\"attachment wp-att-1047\"><img loading=\"lazy\" decoding=\"async\" class=\"alignnone size-medium wp-image-1047\" src=\"https:\/\/semmelweis.hu\/sportkozpont\/files\/2016\/03\/ilyen-volt-1.-300x169.jpg\" alt=\"ilyen volt 1.\" width=\"300\" height=\"169\" srcset=\"https:\/\/semmelweis.hu\/sportkozpont\/files\/2016\/03\/ilyen-volt-1.-300x169.jpg 300w, https:\/\/semmelweis.hu\/sportkozpont\/files\/2016\/03\/ilyen-volt-1..jpg 512w\" sizes=\"auto, (max-width: 300px) 100vw, 300px\" \/><\/a>\u00a0 \u00a0 \u00a0 \u00a0<a href=\"https:\/\/semmelweis.hu\/sportkozpont\/files\/2016\/03\/ilyen-lett.jpg\" rel=\"attachment wp-att-1055\"><img loading=\"lazy\" decoding=\"async\" class=\"alignnone size-medium wp-image-1055\" src=\"https:\/\/semmelweis.hu\/sportkozpont\/files\/2016\/03\/ilyen-lett-300x169.jpg\" alt=\"ilyen lett\" width=\"300\" height=\"169\" srcset=\"https:\/\/semmelweis.hu\/sportkozpont\/files\/2016\/03\/ilyen-lett-300x169.jpg 300w, https:\/\/semmelweis.hu\/sportkozpont\/files\/2016\/03\/ilyen-lett-768x432.jpg 768w, https:\/\/semmelweis.hu\/sportkozpont\/files\/2016\/03\/ilyen-lett-1024x576.jpg 1024w, https:\/\/semmelweis.hu\/sportkozpont\/files\/2016\/03\/ilyen-lett-534x300.jpg 534w\" sizes=\"auto, (max-width: 300px) 100vw, 300px\" \/><\/a> \u00a0 \u00a0 \u00a0\u00a0<\/p>\n<p style=\"text-align: justify\">A fel\u00faj\u00edt\u00e1s r\u00e9szek\u00e9nt lecser\u00e9l\u00e9sre ker\u00fcltek a tornacsarnokban tal\u00e1lhat\u00f3 t\u00e9relv\u00e1laszt\u00f3 f\u00fcgg\u00f6ny\u00f6k is.\u00a0<\/p>\n<p style=\"text-align: justify\">Ilyen volt, \u00a0 \u00a0 \u00a0 \u00a0 \u00a0 \u00a0 \u00a0 \u00a0 \u00a0 \u00a0 \u00a0 \u00a0 \u00a0 \u00a0 \u00a0 \u00a0 \u00a0 \u00a0 \u00a0 \u00a0 \u00a0 \u00a0 \u00a0 \u00a0 \u00a0 \u00a0 \u00a0 \u00a0 \u00a0 \u00a0 \u00a0 \u00a0 \u00a0 \u00a0 \u00a0 \u00a0 \u00e9s ilyen lett<\/p>\n<p style=\"text-align: justify\"><a href=\"https:\/\/semmelweis.hu\/sportkozpont\/files\/2016\/03\/fcs-el\u0151tt-1.jpg\" rel=\"attachment wp-att-1065\"><img loading=\"lazy\" decoding=\"async\" class=\"alignnone size-medium wp-image-1065\" src=\"https:\/\/semmelweis.hu\/sportkozpont\/files\/2016\/03\/fcs-el\u0151tt-1-300x169.jpg\" alt=\"fcs el\u0151tt (1)\" width=\"300\" height=\"169\" \/><\/a>\u00a0 \u00a0 \u00a0 \u00a0 \u00a0 \u00a0 \u00a0 \u00a0 <a href=\"https:\/\/semmelweis.hu\/sportkozpont\/files\/2016\/03\/fcs-el\u0151tt-2.jpg\" rel=\"attachment wp-att-1064\"><img loading=\"lazy\" decoding=\"async\" class=\"alignnone size-full wp-image-1064\" src=\"https:\/\/semmelweis.hu\/sportkozpont\/files\/2016\/03\/fcs-el\u0151tt-2.jpg\" alt=\"fcs el\u0151tt (2)\" width=\"225\" height=\"169\" \/><\/a>\u00a0 \u00a0 \u00a0 \u00a0<\/p>\n<p style=\"text-align: justify\">Kialak\u00edt\u00e1sra ker\u00fclt egy \u00faj sportol\u00e1si lehet\u0151s\u00e9g is a tornacsarnokban, egy Boulder m\u00e1sz\u00f3fal, amelyet jelenleg kurzus keret\u00e9ben, illetve a hagyom\u00e1nyos testnevel\u00e9s \u00f3r\u00e1kon, a szabad j\u00e1t\u00e9kid\u0151ben lehet haszn\u00e1lni. A m\u00e1sz\u00f3falon t\u00f6rt\u00e9n\u0151 m\u00e1sz\u00e1s vezetett, szakedz\u0151 seg\u00edts\u00e9g\u00e9vel t\u00f6rt\u00e9nik.<\/p>\n<p style=\"text-align: justify\">Az \u00e9p\u00edt\u00e9s el\u0151tti ter\u00fclet, \u00a0 \u00a0 \u00a0 \u00a0 \u00a0 \u00a0 \u00a0 \u00a0 \u00a0 \u00a0 \u00a0 \u00a0 \u00a0 \u00a0 \u00a0 \u00a0 \u00a0 \u00a0 \u00a0 \u00a0 \u00a0 \u00a0\u00e9s az elk\u00e9sz\u00fclt m\u00e1sz\u00f3fal<\/p>\n<p style=\"text-align: justify\"><a href=\"https:\/\/semmelweis.hu\/sportkozpont\/files\/2016\/03\/boulder-el\u0151tt.jpg\" rel=\"attachment wp-att-1049\"><img loading=\"lazy\" decoding=\"async\" class=\"alignnone size-medium wp-image-1049\" src=\"https:\/\/semmelweis.hu\/sportkozpont\/files\/2016\/03\/boulder-el\u0151tt-300x225.jpg\" alt=\"boulder el\u0151tt\" width=\"300\" height=\"225\" srcset=\"https:\/\/semmelweis.hu\/sportkozpont\/files\/2016\/03\/boulder-el\u0151tt-300x225.jpg 300w, https:\/\/semmelweis.hu\/sportkozpont\/files\/2016\/03\/boulder-el\u0151tt-400x300.jpg 400w, https:\/\/semmelweis.hu\/sportkozpont\/files\/2016\/03\/boulder-el\u0151tt.jpg 520w\" sizes=\"auto, (max-width: 300px) 100vw, 300px\" \/><\/a>\u00a0 \u00a0 \u00a0 \u00a0 <a href=\"https:\/\/semmelweis.hu\/sportkozpont\/files\/2016\/03\/boulderrel.jpg\" rel=\"attachment wp-att-1051\"><img loading=\"lazy\" decoding=\"async\" class=\"alignnone size-medium wp-image-1051\" src=\"https:\/\/semmelweis.hu\/sportkozpont\/files\/2016\/03\/boulderrel-225x300.jpg\" alt=\"boulderrel\" width=\"225\" height=\"300\" srcset=\"https:\/\/semmelweis.hu\/sportkozpont\/files\/2016\/03\/boulderrel-225x300.jpg 225w, https:\/\/semmelweis.hu\/sportkozpont\/files\/2016\/03\/boulderrel.jpg 540w\" sizes=\"auto, (max-width: 225px) 100vw, 225px\" \/><\/a><\/p>\n<p style=\"text-align: justify\">Meg\u00fajult a tornacsarnok sportpadl\u00f3ja<\/p>\n<p style=\"text-align: justify\">Fel\u00faj\u00edt\u00e1s el\u0151tt \u00a0 \u00a0 \u00a0 \u00a0 \u00a0 \u00a0 \u00a0 \u00a0 \u00a0 \u00a0 \u00a0 \u00a0 \u00a0 \u00a0 \u00a0 \u00a0 \u00a0 \u00a0 \u00a0 \u00a0 \u00a0 \u00a0 \u00a0 \u00a0 \u00a0 \u00a0 \u00a0 \u00a0 \u00a0 Fel\u00faj\u00edt\u00e1s ut\u00e1n<\/p>\n<p style=\"text-align: justify\"><a href=\"https:\/\/semmelweis.hu\/sportkozpont\/files\/2016\/01\/Tornacsarnok-kicsi.jpg\"><img loading=\"lazy\" decoding=\"async\" class=\"alignnone size-medium wp-image-1029\" src=\"https:\/\/semmelweis.hu\/sportkozpont\/files\/2016\/01\/Tornacsarnok-kicsi-300x169.jpg\" alt=\"Tornacsarnok kicsi\" width=\"300\" height=\"169\" srcset=\"https:\/\/semmelweis.hu\/sportkozpont\/files\/2016\/01\/Tornacsarnok-kicsi-300x169.jpg 300w, https:\/\/semmelweis.hu\/sportkozpont\/files\/2016\/01\/Tornacsarnok-kicsi-534x300.jpg 534w, https:\/\/semmelweis.hu\/sportkozpont\/files\/2016\/01\/Tornacsarnok-kicsi.jpg 580w\" sizes=\"auto, (max-width: 300px) 100vw, 300px\" \/><\/a>\u00a0 \u00a0\u00a0<a href=\"https:\/\/semmelweis.hu\/sportkozpont\/files\/2016\/10\/20161019_125905.jpg\"><img loading=\"lazy\" decoding=\"async\" class=\"alignnone size-medium wp-image-1436\" src=\"https:\/\/semmelweis.hu\/sportkozpont\/files\/2016\/10\/20161019_125905-300x225.jpg\" alt=\"20161019_125905\" width=\"300\" height=\"225\" srcset=\"https:\/\/semmelweis.hu\/sportkozpont\/files\/2016\/10\/20161019_125905-300x225.jpg 300w, https:\/\/semmelweis.hu\/sportkozpont\/files\/2016\/10\/20161019_125905-768x576.jpg 768w, https:\/\/semmelweis.hu\/sportkozpont\/files\/2016\/10\/20161019_125905-1024x768.jpg 1024w, https:\/\/semmelweis.hu\/sportkozpont\/files\/2016\/10\/20161019_125905-400x300.jpg 400w\" sizes=\"auto, (max-width: 300px) 100vw, 300px\" \/><\/a><\/p>\n<p style=\"text-align: justify\">Moderniz\u00e1l\u00e1sra ker\u00fclt a m\u0171f\u00fcves teniszp\u00e1lya k\u00f6r\u00fcli vil\u00e1g\u00edt\u00e1s<\/p>\n<p style=\"text-align: justify\">Moderniz\u00e1l\u00e1s el\u0151tt \u00a0 \u00a0 \u00a0 \u00a0 \u00a0 \u00a0 \u00a0 \u00a0 \u00a0 \u00a0 \u00a0 \u00a0 \u00a0 \u00a0 \u00a0\u00a0\u00a0 \u00a0 \u00a0 \u00a0 \u00a0 \u00a0 \u00a0 \u00a0 \u00a0 \u00a0 \u00a0Moderniz\u00e1l\u00e1s ut\u00e1n<\/p>\n<p style=\"text-align: justify\"><a href=\"https:\/\/semmelweis.hu\/sportkozpont\/files\/2016\/10\/F\u00e9nyk\u00e9p0091.jpg\"><img loading=\"lazy\" decoding=\"async\" class=\"alignnone wp-image-1434\" src=\"https:\/\/semmelweis.hu\/sportkozpont\/files\/2016\/10\/F\u00e9nyk\u00e9p0091-300x225.jpg\" alt=\"F\u00e9nyk\u00e9p0091\" width=\"263\" height=\"197\" srcset=\"https:\/\/semmelweis.hu\/sportkozpont\/files\/2016\/10\/F\u00e9nyk\u00e9p0091-300x225.jpg 300w, https:\/\/semmelweis.hu\/sportkozpont\/files\/2016\/10\/F\u00e9nyk\u00e9p0091-768x576.jpg 768w, https:\/\/semmelweis.hu\/sportkozpont\/files\/2016\/10\/F\u00e9nyk\u00e9p0091-1024x768.jpg 1024w, https:\/\/semmelweis.hu\/sportkozpont\/files\/2016\/10\/F\u00e9nyk\u00e9p0091-400x300.jpg 400w, https:\/\/semmelweis.hu\/sportkozpont\/files\/2016\/10\/F\u00e9nyk\u00e9p0091.jpg 2048w\" sizes=\"auto, (max-width: 263px) 100vw, 263px\" \/><\/a>\u00a0 \u00a0 \u00a0 \u00a0 \u00a0 \u00a0 \u00a0 \u00a0 \u00a0<a href=\"https:\/\/semmelweis.hu\/sportkozpont\/files\/2016\/10\/m\u0171f\u00fcves-teniszp\u00e1lya.jpg\"><img loading=\"lazy\" decoding=\"async\" class=\"alignnone wp-image-1435\" src=\"https:\/\/semmelweis.hu\/sportkozpont\/files\/2016\/10\/m\u0171f\u00fcves-teniszp\u00e1lya-300x169.jpg\" alt=\"m\u0171f\u00fcves teniszp\u00e1lya\" width=\"299\" height=\"168\" srcset=\"https:\/\/semmelweis.hu\/sportkozpont\/files\/2016\/10\/m\u0171f\u00fcves-teniszp\u00e1lya-300x169.jpg 300w, https:\/\/semmelweis.hu\/sportkozpont\/files\/2016\/10\/m\u0171f\u00fcves-teniszp\u00e1lya-768x432.jpg 768w, https:\/\/semmelweis.hu\/sportkozpont\/files\/2016\/10\/m\u0171f\u00fcves-teniszp\u00e1lya-533x300.jpg 533w, https:\/\/semmelweis.hu\/sportkozpont\/files\/2016\/10\/m\u0171f\u00fcves-teniszp\u00e1lya.jpg 800w\" sizes=\"auto, (max-width: 299px) 100vw, 299px\" \/><\/a><\/p>\n<h5 class=\"entry-title\">\u00a0\u00c1prilis 1-t\u0151l a Z\u00e1gr\u00e1bi utcai Sporttelepen megny\u00edlt a vil\u00e1g\u00edt\u00e1ssal meg\u00faj\u00edtott salakos\u00a0teniszp\u00e1lya, mely m\u00e1r az esti \u00f3r\u00e1kban is v\u00e1rja vend\u00e9geit!<\/h5>\n","protected":false},"excerpt":{"rendered":"<p>A Testnevel\u00e9si \u00e9s Sportk\u00f6zpont Z\u00e1gr\u00e1bi utcai Sporttelep\u00e9n, a tornacsarnokban a 2015. \u00e9v v\u00e9g\u00e9n, illetve a 2016. \u00e9v elej\u00e9n a t\u00e9li oktat\u00e1si sz\u00fcnet idej\u00e9n fel\u00faj\u00edt\u00e1sok zajlottak a hallgat\u00f3k, sportolni v\u00e1gy\u00f3k magasabb sz\u00ednvonal\u00fa kiszolg\u00e1l\u00e1sa \u00e9rdek\u00e9ben. A fel\u00faj\u00edt\u00e1sokat\u00a0a 2015. \u00e9vi\u00a0tervezett\u00a0gazd\u00e1lkod\u00e1s eredm\u00e9nyek\u00e9nt, az \u00e9v v\u00e9g\u00e9re rendelkez\u00e9sre \u00e1ll\u00f3 p\u00e9nz\u00fcgyi forr\u00e1sok\u00a0kihaszn\u00e1l\u00e1sa tette lehet\u0151v\u00e9. A fel\u00faj\u00edt\u00e1sok sor\u00e1n kifest\u00e9sre ker\u00fcltek a hallgat\u00f3i \u00f6lt\u00f6z\u0151k, &hellip;<\/p>\n","protected":false},"author":347,"featured_media":0,"comment_status":"closed","ping_status":"closed","sticky":false,"template":"","format":"standard","meta":{"_acf_changed":false,"footnotes":""},"categories":[9],"tags":[],"class_list":["post-1054","post","type-post","status-publish","format-standard","hentry","category-hirek"],"acf":[],"_links":{"self":[{"href":"https:\/\/semmelweis.hu\/sportkozpont\/wp-json\/wp\/v2\/posts\/1054","targetHints":{"allow":["GET"]}}],"collection":[{"href":"https:\/\/semmelweis.hu\/sportkozpont\/wp-json\/wp\/v2\/posts"}],"about":[{"href":"https:\/\/semmelweis.hu\/sportkozpont\/wp-json\/wp\/v2\/types\/post"}],"author":[{"embeddable":true,"href":"https:\/\/semmelweis.hu\/sportkozpont\/wp-json\/wp\/v2\/users\/347"}],"replies":[{"embeddable":true,"href":"https:\/\/semmelweis.hu\/sportkozpont\/wp-json\/wp\/v2\/comments?post=1054"}],"version-history":[{"count":10,"href":"https:\/\/semmelweis.hu\/sportkozpont\/wp-json\/wp\/v2\/posts\/1054\/revisions"}],"predecessor-version":[{"id":1716,"href":"https:\/\/semmelweis.hu\/sportkozpont\/wp-json\/wp\/v2\/posts\/1054\/revisions\/1716"}],"wp:attachment":[{"href":"https:\/\/semmelweis.hu\/sportkozpont\/wp-json\/wp\/v2\/media?parent=1054"}],"wp:term":[{"taxonomy":"category","embeddable":true,"href":"https:\/\/semmelweis.hu\/sportkozpont\/wp-json\/wp\/v2\/categories?post=1054"},{"taxonomy":"post_tag","embeddable":true,"href":"https:\/\/semmelweis.hu\/sportkozpont\/wp-json\/wp\/v2\/tags?post=1054"}],"curies":[{"name":"wp","href":"https:\/\/api.w.org\/{rel}","templated":true}]}}