{"id":4064,"date":"2026-08-27T08:27:50","date_gmt":"2026-08-27T06:27:50","guid":{"rendered":"https:\/\/semmelweis.hu\/semmelweisiskola\/?p=4064"},"modified":"2026-08-27T08:28:28","modified_gmt":"2026-08-27T06:28:28","slug":"ebed-rendeles-2026","status":"publish","type":"post","link":"https:\/\/semmelweis.hu\/semmelweisiskola\/2026\/08\/27\/ebed-rendeles-2026\/","title":{"rendered":"Eb\u00e9d rendel\u00e9s 2026"},"content":{"rendered":"<p>&nbsp;<\/p>\n<p style=\"text-align: center\">Kedves di\u00e1kok &#8211; Tisztelt sz\u00fcl\u0151k<\/p>\n<p style=\"text-align: center\">Szeptember els\u0151 het\u00e9re eb\u00e9d rendel\u00e9s lead\u00e1s\u00e1ra augusztus 31 10:00-ig van lehet\u0151s\u00e9g!<\/p>\n<p style=\"text-align: center\">Szem\u00e9lyesen\u00a0 az iskola gazdas\u00e1gi irod\u00e1j\u00e1ban, vagy e-mailen <a href=\"mailto:szucs.ferencne@semmelweis.hu\">szucs.ferencne@semmelweis.hu<\/a> .<\/p>\n<p style=\"text-align: center\"><a href=\"https:\/\/semmelweis.hu\/semmelweisiskola\/files\/2026\/08\/36.-het-SE-isk.pdf\" target=\"_blank\" rel=\"noopener\">\u00c9tlap 36. h\u00e9t<\/a>\u00a0 Semmelweis Egyetem Semmelweis Ign\u00e1c T\u00f6bbc\u00e9l\u00fa Szakk\u00e9pz\u0151 Int\u00e9zm\u00e9nye<\/p>\n","protected":false},"excerpt":{"rendered":"<p>&nbsp;<br \/>\nKedves di\u00e1kok &#8211; Tisztelt sz\u00fcl\u0151k<br \/>\nSzeptember els\u0151 het\u00e9re eb\u00e9d rendel\u00e9s lead\u00e1s\u00e1ra augusztus 31 10:00-ig van lehet\u0151s\u00e9g!<br \/>\nSzem\u00e9lyesen\u00a0 az iskola gazdas\u00e1gi irod\u00e1j\u00e1ban, vagy e-mailen <a href=\"mailto:szucs.ferencne@semmelweis.hu\">szucs.ferencne@semmelweis.hu<\/a> .<br \/>\n<a href=\"https:\/\/semmelweis.hu\/semmelweisiskola\/files\/2026\/08\/36.-het-SE-isk.pdf\" target=\"_blank\" rel=\"noopener\">\u00c9tlap 36. h\u00e9t<\/a>\u00a0 Semmelweis Egyetem Semmelweis Ign\u00e1c T\u00f6bbc\u00e9l\u00fa Szakk\u00e9pz\u0151 Int\u00e9zm\u00e9nye<\/p>\n","protected":false},"author":101999,"featured_media":4065,"comment_status":"closed","ping_status":"closed","sticky":true,"template":"","format":"standard","meta":{"_acf_changed":false,"footnotes":""},"categories":[1],"tags":[],"class_list":["post-4064","post","type-post","status-publish","format-standard","has-post-thumbnail","hentry","category-hirek"],"acf":[],"_links":{"self":[{"href":"https:\/\/semmelweis.hu\/semmelweisiskola\/wp-json\/wp\/v2\/posts\/4064","targetHints":{"allow":["GET"]}}],"collection":[{"href":"https:\/\/semmelweis.hu\/semmelweisiskola\/wp-json\/wp\/v2\/posts"}],"about":[{"href":"https:\/\/semmelweis.hu\/semmelweisiskola\/wp-json\/wp\/v2\/types\/post"}],"author":[{"embeddable":true,"href":"https:\/\/semmelweis.hu\/semmelweisiskola\/wp-json\/wp\/v2\/users\/101999"}],"replies":[{"embeddable":true,"href":"https:\/\/semmelweis.hu\/semmelweisiskola\/wp-json\/wp\/v2\/comments?post=4064"}],"version-history":[{"count":2,"href":"https:\/\/semmelweis.hu\/semmelweisiskola\/wp-json\/wp\/v2\/posts\/4064\/revisions"}],"predecessor-version":[{"id":4068,"href":"https:\/\/semmelweis.hu\/semmelweisiskola\/wp-json\/wp\/v2\/posts\/4064\/revisions\/4068"}],"wp:featuredmedia":[{"embeddable":true,"href":"https:\/\/semmelweis.hu\/semmelweisiskola\/wp-json\/wp\/v2\/media\/4065"}],"wp:attachment":[{"href":"https:\/\/semmelweis.hu\/semmelweisiskola\/wp-json\/wp\/v2\/media?parent=4064"}],"wp:term":[{"taxonomy":"category","embeddable":true,"href":"https:\/\/semmelweis.hu\/semmelweisiskola\/wp-json\/wp\/v2\/categories?post=4064"},{"taxonomy":"post_tag","embeddable":true,"href":"https:\/\/semmelweis.hu\/semmelweisiskola\/wp-json\/wp\/v2\/tags?post=4064"}],"curies":[{"name":"wp","href":"https:\/\/api.w.org\/{rel}","templated":true}]}}