{"id":4057,"date":"2026-08-25T13:43:42","date_gmt":"2026-08-25T11:43:42","guid":{"rendered":"https:\/\/semmelweis.hu\/semmelweisiskola\/?p=4057"},"modified":"2026-08-25T13:55:45","modified_gmt":"2026-08-25T11:55:45","slug":"tanevnyito","status":"publish","type":"post","link":"https:\/\/semmelweis.hu\/semmelweisiskola\/2026\/08\/25\/tanevnyito\/","title":{"rendered":"Tan\u00e9vnyit\u00f3"},"content":{"rendered":"<p>Ez\u00faton \u00e9rtes\u00edt\u00fcnk minden kedves tanul\u00f3nkat, hogy iskol\u00e1nk 2026-2027-es TAN\u00c9VNYIT\u00d3 \u00dcNNEPS\u00c9GE 2026. szeptember 1-j\u00e9n, 09:00-\u00f3rakor lesz.<\/p>\n<p>( Gy\u00fclekez\u0151 az iskolaudvaron, oszt\u00e1lyok szerint\u00a0 legk\u00e9s\u0151bb 08:45-ig, rosszid\u0151 eset\u00e9n saj\u00e1t termekben!)<\/p>\n<p>A megjelen\u00e9s minden tanul\u00f3nk sz\u00e1m\u00e1ra k\u00f6telez\u0151, \u00fcnnepl\u0151ben ( feh\u00e9r ing vagy bl\u00faz valamint az iskola nyakkend\u0151je illetve s\u00e1lja) !<\/p>\n<h5>Els\u0151 tan\u00edt\u00e1si nap<\/h5>\n<ul>\n<li>\u00a0 \u00a0tan\u00e9vnyit\u00f3 \u00fcnnep\u00e9ly (udvar\/termek)<\/li>\n<li>\u00a0 \u00a03 oszt\u00e1lyf\u0151n\u00f6ki \u00f3ra:<\/li>\n<li>\u00a0 \u00a0az oszt\u00e1lyl\u00e9tsz\u00e1mok egyeztet\u00e9se a tanul\u00f3i n\u00e9vsorok alapj\u00e1n<\/li>\n<li>\u00a0 \u00a0a szem\u00e9lyes adatok egyeztet\u00e9se (sz. ig., lakc\u00edmk\u00e1rtya), a v\u00e1ltoz\u00e1sok dokument\u00e1l\u00e1sa<\/li>\n<li>\u00a0 \u00a0munka-, baleset- \u00e9s t\u0171zv\u00e9delmi oktat\u00e1s (al\u00e1\u00edr\u00f3\u00edv)<\/li>\n<li>\u00a0 \u00a0a H\u00e1zirend f\u0151bb pontjainak ismertet\u00e9se, k\u00fcl\u00f6n\u00f6s tekintettel a v\u00e1ltoz\u00e1sokra (al\u00e1\u00edr\u00f3\u00edv)<\/li>\n<li>\u00a0 \u00a0A bizony\u00edtv\u00e1nyok \u00f6sszegy\u0171jt\u00e9se, \u00e9s lead\u00e1sa a titk\u00e1rs\u00e1gon (al\u00e1\u00edr\u00f3\u00edv)<\/li>\n<li>\u00a0 \u00a0Tank\u00f6nyv\u00e1tv\u00e9tel beoszt\u00e1s szerint<\/li>\n<\/ul>\n","protected":false},"excerpt":{"rendered":"<p>Ez\u00faton \u00e9rtes\u00edt\u00fcnk minden kedves tanul\u00f3nkat, hogy iskol\u00e1nk 2026-2027-es TAN\u00c9VNYIT\u00d3 \u00dcNNEPS\u00c9GE 2026. szeptember 1-j\u00e9n, 09:00-\u00f3rakor lesz. ( Gy\u00fclekez\u0151 az iskolaudvaron, oszt\u00e1lyok szerint\u00a0 legk\u00e9s\u0151bb 08:45-ig, rosszid\u0151 eset\u00e9n saj\u00e1t termekben!) A megjelen\u00e9s minden tanul\u00f3nk sz\u00e1m\u00e1ra k\u00f6telez\u0151, \u00fcnnepl\u0151ben ( feh\u00e9r ing vagy bl\u00faz valamint az iskola nyakkend\u0151je illetve s\u00e1lja) ! Els\u0151 tan\u00edt\u00e1si nap \u00a0 \u00a0tan\u00e9vnyit\u00f3 \u00fcnnep\u00e9ly (udvar\/termek) \u00a0 \u00a03 &hellip;<\/p>\n","protected":false},"author":101999,"featured_media":4061,"comment_status":"closed","ping_status":"closed","sticky":false,"template":"","format":"standard","meta":{"_acf_changed":false,"footnotes":""},"categories":[1],"tags":[],"class_list":["post-4057","post","type-post","status-publish","format-standard","has-post-thumbnail","hentry","category-hirek"],"acf":[],"_links":{"self":[{"href":"https:\/\/semmelweis.hu\/semmelweisiskola\/wp-json\/wp\/v2\/posts\/4057","targetHints":{"allow":["GET"]}}],"collection":[{"href":"https:\/\/semmelweis.hu\/semmelweisiskola\/wp-json\/wp\/v2\/posts"}],"about":[{"href":"https:\/\/semmelweis.hu\/semmelweisiskola\/wp-json\/wp\/v2\/types\/post"}],"author":[{"embeddable":true,"href":"https:\/\/semmelweis.hu\/semmelweisiskola\/wp-json\/wp\/v2\/users\/101999"}],"replies":[{"embeddable":true,"href":"https:\/\/semmelweis.hu\/semmelweisiskola\/wp-json\/wp\/v2\/comments?post=4057"}],"version-history":[{"count":3,"href":"https:\/\/semmelweis.hu\/semmelweisiskola\/wp-json\/wp\/v2\/posts\/4057\/revisions"}],"predecessor-version":[{"id":4060,"href":"https:\/\/semmelweis.hu\/semmelweisiskola\/wp-json\/wp\/v2\/posts\/4057\/revisions\/4060"}],"wp:featuredmedia":[{"embeddable":true,"href":"https:\/\/semmelweis.hu\/semmelweisiskola\/wp-json\/wp\/v2\/media\/4061"}],"wp:attachment":[{"href":"https:\/\/semmelweis.hu\/semmelweisiskola\/wp-json\/wp\/v2\/media?parent=4057"}],"wp:term":[{"taxonomy":"category","embeddable":true,"href":"https:\/\/semmelweis.hu\/semmelweisiskola\/wp-json\/wp\/v2\/categories?post=4057"},{"taxonomy":"post_tag","embeddable":true,"href":"https:\/\/semmelweis.hu\/semmelweisiskola\/wp-json\/wp\/v2\/tags?post=4057"}],"curies":[{"name":"wp","href":"https:\/\/api.w.org\/{rel}","templated":true}]}}