{"id":1555,"date":"2025-02-27T10:40:31","date_gmt":"2025-02-27T09:40:31","guid":{"rendered":"https:\/\/semmelweis.hu\/semmelweisiskola\/?p=1555"},"modified":"2026-09-02T12:42:35","modified_gmt":"2026-09-02T10:42:35","slug":"iskolapszichologus","status":"publish","type":"post","link":"https:\/\/semmelweis.hu\/semmelweisiskola\/2025\/02\/27\/iskolapszichologus\/","title":{"rendered":"Iskolapszichol\u00f3gus"},"content":{"rendered":"<p style=\"text-align: center\"><strong>Iskolapszichol\u00f3gus:\u00a0<\/strong>Varga Zs\u00f3fia<\/p>\n<p style=\"text-align: center\">[<em>Figyelem: az al\u00e1bbi pszichol\u00f3giai ell\u00e1t\u00e1s szakk\u00f6z\u00e9piskolai di\u00e1koknak sz\u00f3l! <\/em><\/p>\n<p style=\"text-align: center\"><em>Egyetemi hallgat\u00f3k a Semmelweis Egyetem Hallgat\u00f3i Pszichol\u00f3giai Konzult\u00e1ci\u00f3s Szolg\u00e1lata <\/em><\/p>\n<p style=\"text-align: center\"><em>(\u201eDi\u00e1ktan\u00e1csad\u00f3ja\u201d) keretein bel\u00fcl juthatnak ell\u00e1t\u00e1shoz.<\/em>]<\/p>\n<p style=\"text-align: center\"><strong>Fogad\u00f3\u00f3r\u00e1k a 111. teremben:\u00a0<\/strong><\/p>\n<p style=\"text-align: center\">H\u00e9tf\u0151: 8.00-16.00<\/p>\n<p style=\"text-align: center\">Kedd: 8.00-13.00<\/p>\n<p style=\"text-align: center\">Szerda: 8.00-13.00<\/p>\n<p style=\"text-align: center\">Cs\u00fct\u00f6rt\u00f6k: 8.00-16.00<\/p>\n<p style=\"text-align: center\">P\u00e9ntek: 8.00-14.00*<\/p>\n<p style=\"text-align: center\">*Az al\u00e1bbi p\u00e9ntekeken NEM leszek el\u00e9rhet\u0151: szept. 11, okt. 9, nov. 6..<\/p>\n<p style=\"text-align: center\"><strong>Bejelentkez\u00e9s:<\/strong>\u00a0b\u00e1rmely iskolai sz\u00fcnetben a 111. teremben, vagy<\/p>\n<p style=\"text-align: center\">e-mailben az\u00a0<a href=\"mailto:se.iskolapszi@gmail.com\">se.iskolapszi@gmail.com<\/a>\u00a0vagy <a href=\"mailto:varga.zsofia1@semmelweis.hu\">varga.zsofia1@semmelweis.hu<\/a> c\u00edmen,<\/p>\n<p style=\"text-align: center\">telefonon a +36-20-6615608 sz\u00e1mon.<\/p>\n","protected":false},"excerpt":{"rendered":"<p>Iskolapszichol\u00f3gus:\u00a0Varga Zs\u00f3fia [Figyelem: az al\u00e1bbi pszichol\u00f3giai ell\u00e1t\u00e1s szakk\u00f6z\u00e9piskolai di\u00e1koknak sz\u00f3l! Egyetemi hallgat\u00f3k a Semmelweis Egyetem Hallgat\u00f3i Pszichol\u00f3giai Konzult\u00e1ci\u00f3s Szolg\u00e1lata (\u201eDi\u00e1ktan\u00e1csad\u00f3ja\u201d) keretein bel\u00fcl juthatnak ell\u00e1t\u00e1shoz.] Fogad\u00f3\u00f3r\u00e1k a 111. teremben:\u00a0 H\u00e9tf\u0151: 8.00-16.00 Kedd: 8.00-13.00 Szerda: 8.00-13.00 Cs\u00fct\u00f6rt\u00f6k: 8.00-16.00 P\u00e9ntek: 8.00-14.00* *Az al\u00e1bbi p\u00e9ntekeken NEM leszek el\u00e9rhet\u0151: szept. 11, okt. 9, nov. 6.. Bejelentkez\u00e9s:\u00a0b\u00e1rmely iskolai sz\u00fcnetben a 111. &hellip;<\/p>\n","protected":false},"author":101999,"featured_media":3493,"comment_status":"closed","ping_status":"closed","sticky":false,"template":"","format":"standard","meta":{"_acf_changed":false,"footnotes":""},"categories":[1],"tags":[],"class_list":["post-1555","post","type-post","status-publish","format-standard","has-post-thumbnail","hentry","category-hirek"],"acf":[],"_links":{"self":[{"href":"https:\/\/semmelweis.hu\/semmelweisiskola\/wp-json\/wp\/v2\/posts\/1555","targetHints":{"allow":["GET"]}}],"collection":[{"href":"https:\/\/semmelweis.hu\/semmelweisiskola\/wp-json\/wp\/v2\/posts"}],"about":[{"href":"https:\/\/semmelweis.hu\/semmelweisiskola\/wp-json\/wp\/v2\/types\/post"}],"author":[{"embeddable":true,"href":"https:\/\/semmelweis.hu\/semmelweisiskola\/wp-json\/wp\/v2\/users\/101999"}],"replies":[{"embeddable":true,"href":"https:\/\/semmelweis.hu\/semmelweisiskola\/wp-json\/wp\/v2\/comments?post=1555"}],"version-history":[{"count":10,"href":"https:\/\/semmelweis.hu\/semmelweisiskola\/wp-json\/wp\/v2\/posts\/1555\/revisions"}],"predecessor-version":[{"id":4079,"href":"https:\/\/semmelweis.hu\/semmelweisiskola\/wp-json\/wp\/v2\/posts\/1555\/revisions\/4079"}],"wp:featuredmedia":[{"embeddable":true,"href":"https:\/\/semmelweis.hu\/semmelweisiskola\/wp-json\/wp\/v2\/media\/3493"}],"wp:attachment":[{"href":"https:\/\/semmelweis.hu\/semmelweisiskola\/wp-json\/wp\/v2\/media?parent=1555"}],"wp:term":[{"taxonomy":"category","embeddable":true,"href":"https:\/\/semmelweis.hu\/semmelweisiskola\/wp-json\/wp\/v2\/categories?post=1555"},{"taxonomy":"post_tag","embeddable":true,"href":"https:\/\/semmelweis.hu\/semmelweisiskola\/wp-json\/wp\/v2\/tags?post=1555"}],"curies":[{"name":"wp","href":"https:\/\/api.w.org\/{rel}","templated":true}]}}